{"id":10468,"date":"2020-12-14T06:25:44","date_gmt":"2020-12-14T05:25:44","guid":{"rendered":"https:\/\/phanimenal.de\/?p=10468"},"modified":"2021-06-19T22:20:00","modified_gmt":"2021-06-19T20:20:00","slug":"brandanschlag-beim-kyoto-animation-studio-taeter-wegen-mord-und-brandstiftung-angeklagt","status":"publish","type":"post","link":"https:\/\/phanimenal.de\/index.php\/2020\/12\/14\/brandanschlag-beim-kyoto-animation-studio-taeter-wegen-mord-und-brandstiftung-angeklagt\/","title":{"rendered":"Brandanschlag beim Kyoto Animation Studio &#8211; T\u00e4ter wegen Mord und Brandstiftung angeklagt"},"content":{"rendered":"<h2 style=\"text-align: center;\">Brandanschlag<\/h2>\n<p>Wie wir vor einiger Zeit <a href=\"https:\/\/phanimenal.de\/index.php\/2019\/07\/18\/23-tote-beim-brandanschlag-auf-animestudio-in-kyoto\/\">berichteten<\/a>, wurde auf das Anime Studio in Kyoto ein Brandanschlag ver\u00fcbt. Bei dem Brandanschlag sind insgesamt 36 Menschen gestorben und 33 weitere Menschen wurden verletzt. Unter den verletzten geh\u00f6rte auch der 42-j\u00e4hrige T\u00e4ter Shinji Aoba, der nun von der japanischen Staatsanwaltschaft wegen Mord und anderen Anklagen, verklagt wird.<\/p>\n<p>Shinji Aoba, der im Mai verhaftet wurde, wurde von medizinischen Experten als geistig zurechnungsf\u00e4hig eingestuft und kann deshalb f\u00fcr den Brandanschlag strafrechtlich verantwortlich gemacht werden.<\/p>\n<h2 style=\"text-align: center;\">Shinji Aoba<\/h2>\n<p>Aoba befindet sich seit Juni zur Begutachtung in Haft. Seine Verhaftung erfolgte, nachdem die Beh\u00f6rden zu dem Urteil gekommen waren, dass er sich von den lebensbedrohlichen Verbrennungen, die er bei dem Vorfall am 18. Juli 2019 erlitten hatte, ausreichend erholt hatte.<\/p>\n<p>Das Anime Studio, das im In- und Ausland oft als KyoAni bezeichnet wird, ist international f\u00fcr die Produktion vieler beliebter Anime Filme wie &#8222;K-On!&#8220; und &#8222;The Melancholy of Haruhi Suzumiya&#8220; bekannt. Nach seiner Verhaftung gab Aoba zu, das Studio in Brand gesetzt zu haben: &#8222;Ich dachte, ich k\u00f6nnte viele Menschen t\u00f6ten, indem ich Benzin benutze&#8220;, zitiert ihn die Polizei.<\/p>\n<h2 style=\"text-align: center;\">Gestohlener Roman<\/h2>\n<p>Aufgrund seiner medizinischen Aufzeichnungen, die psychische Erkrankungen beinhalten, untersuchen die Kyotoer Staatsanw\u00e4lte und die Polizei, ob Aoba haftbar gemacht werden kann. Unmittelbar nachdem er von Polizeibeamten in der N\u00e4he des Tatorts festgenommen wurde, sagte Aoba, dass er den Angriff ausgef\u00fchrt habe, da die Firma ihm einen Roman gestohlen h\u00e4tte.<\/p>\n<p>Kyoto Animation hat \u00f6ffentliche Wettbewerbe veranstaltet, bei denen es Romanentw\u00fcrfe annimmt und die Gewinnerwerke dann zu Animationen verarbeitet. Daraufhin hat die Polizei herausgefunden, dass Aoba mehrere Romane an das Anime Studio geschickt hat, jedoch bestreitet das Anime Studio, dass irgendein Anime anhand dieser Romane entstanden sei.<\/p>\n<p>Hier k\u00f6nnt ihr nochmal den Vorfall sehen:<\/p>\n<div class=\"lyte-wrapper fourthree\" style=\"width:420px;max-width:100%;margin:5px;\"><div class=\"lyMe\" id=\"WYL_sf8YtVHpE-U\"><div id=\"lyte_sf8YtVHpE-U\" data-src=\"\/\/i.ytimg.com\/vi\/sf8YtVHpE-U\/hqdefault.jpg\" class=\"pL\"><div class=\"tC\"><div class=\"tT\"><\/div><\/div><div class=\"play\"><\/div><div class=\"ctrl\"><div class=\"Lctrl\"><\/div><div class=\"Rctrl\"><\/div><\/div><\/div><noscript><a href=\"https:\/\/youtu.be\/sf8YtVHpE-U\" rel=\"nofollow\"><img src=\"https:\/\/i.ytimg.com\/vi\/sf8YtVHpE-U\/0.jpg\" alt=\"YouTube-Video-Thumbnail\" width=\"420\" height=\"295\" \/><br \/>Dieses Video auf YouTube ansehen<\/a><\/noscript><\/div><\/div><div class=\"lL\" style=\"max-width:100%;width:420px;margin:5px;\"><\/div><\/p>\n","protected":false},"excerpt":{"rendered":"<p>Brandanschlag Wie wir vor einiger Zeit berichteten, wurde auf das Anime Studio in Kyoto ein Brandanschlag ver\u00fcbt. Bei dem Brandanschlag<\/p>\n","protected":false},"author":1,"featured_media":10470,"comment_status":"closed","ping_status":"open","sticky":false,"template":"","format":"standard","meta":[],"categories":[2],"tags":[437],"yoast_head":"<!-- This site is optimized with the Yoast SEO Premium plugin v20.2.1 (Yoast SEO v20.2.1) - https:\/\/yoast.com\/wordpress\/plugins\/seo\/ -->\n<title>Brandanschlag beim Kyoto Animation Studio - T\u00e4ter wegen Mord und Brandstiftung angeklagt - Phanimenal - T\u00e4glich interessante Anime News und Gaming News<\/title>\n<meta name=\"robots\" content=\"index, follow, max-snippet:-1, max-image-preview:large, max-video-preview:-1\" \/>\n<link rel=\"canonical\" href=\"https:\/\/phanimenal.de\/index.php\/2020\/12\/14\/brandanschlag-beim-kyoto-animation-studio-taeter-wegen-mord-und-brandstiftung-angeklagt\/\" \/>\n<meta property=\"og:locale\" content=\"de_DE\" \/>\n<meta property=\"og:type\" content=\"article\" \/>\n<meta property=\"og:title\" content=\"Brandanschlag beim Kyoto Animation Studio - T\u00e4ter wegen Mord und Brandstiftung angeklagt\" \/>\n<meta property=\"og:description\" content=\"Phanimenal - T\u00e4glich interessante Anime News und Gaming News\" \/>\n<meta property=\"og:url\" content=\"https:\/\/phanimenal.de\/index.php\/2020\/12\/14\/brandanschlag-beim-kyoto-animation-studio-taeter-wegen-mord-und-brandstiftung-angeklagt\/\" \/>\n<meta property=\"og:site_name\" content=\"Phanimenal - T\u00e4glich interessante Anime News und Gaming News\" \/>\n<meta property=\"article:publisher\" content=\"https:\/\/www.facebook.com\/phanimenal\" \/>\n<meta property=\"article:published_time\" content=\"2020-12-14T05:25:44+00:00\" \/>\n<meta property=\"article:modified_time\" content=\"2021-06-19T20:20:00+00:00\" \/>\n<meta property=\"og:image\" content=\"https:\/\/phanimenal.de\/wp-content\/uploads\/\/Screenshot_9.png\" \/>\n\t<meta property=\"og:image:width\" content=\"1500\" \/>\n\t<meta property=\"og:image:height\" content=\"843\" \/>\n\t<meta property=\"og:image:type\" content=\"image\/png\" \/>\n<meta name=\"author\" content=\"AM\" \/>\n<meta name=\"twitter:label1\" content=\"Verfasst von\" \/>\n\t<meta name=\"twitter:data1\" content=\"AM\" \/>\n\t<meta name=\"twitter:label2\" content=\"Gesch\u00e4tzte Lesezeit\" \/>\n\t<meta name=\"twitter:data2\" content=\"1\u00a0Minute\" \/>\n<script type=\"application\/ld+json\" class=\"yoast-schema-graph\">{\"@context\":\"https:\/\/schema.org\",\"@graph\":[{\"@type\":\"Article\",\"@id\":\"https:\/\/phanimenal.de\/index.php\/2020\/12\/14\/brandanschlag-beim-kyoto-animation-studio-taeter-wegen-mord-und-brandstiftung-angeklagt\/#article\",\"isPartOf\":{\"@id\":\"https:\/\/phanimenal.de\/index.php\/2020\/12\/14\/brandanschlag-beim-kyoto-animation-studio-taeter-wegen-mord-und-brandstiftung-angeklagt\/\"},\"author\":{\"name\":\"AM\",\"@id\":\"https:\/\/phanimenal.de\/#\/schema\/person\/e1dd9265ac0385ecb373011a052bc293\"},\"headline\":\"Brandanschlag beim Kyoto Animation Studio &#8211; T\u00e4ter wegen Mord und Brandstiftung angeklagt\",\"datePublished\":\"2020-12-14T05:25:44+00:00\",\"dateModified\":\"2021-06-19T20:20:00+00:00\",\"mainEntityOfPage\":{\"@id\":\"https:\/\/phanimenal.de\/index.php\/2020\/12\/14\/brandanschlag-beim-kyoto-animation-studio-taeter-wegen-mord-und-brandstiftung-angeklagt\/\"},\"wordCount\":310,\"publisher\":{\"@id\":\"https:\/\/phanimenal.de\/#organization\"},\"keywords\":[\"Animestudio\"],\"articleSection\":[\"Anime\"],\"inLanguage\":\"de\",\"copyrightYear\":\"2020\",\"copyrightHolder\":{\"@id\":\"https:\/\/phanimenal.de\/#organization\"}},{\"@type\":\"WebPage\",\"@id\":\"https:\/\/phanimenal.de\/index.php\/2020\/12\/14\/brandanschlag-beim-kyoto-animation-studio-taeter-wegen-mord-und-brandstiftung-angeklagt\/\",\"url\":\"https:\/\/phanimenal.de\/index.php\/2020\/12\/14\/brandanschlag-beim-kyoto-animation-studio-taeter-wegen-mord-und-brandstiftung-angeklagt\/\",\"name\":\"Brandanschlag beim Kyoto Animation Studio - T\u00e4ter wegen Mord und Brandstiftung angeklagt - Phanimenal - T\u00e4glich interessante Anime News und Gaming News\",\"isPartOf\":{\"@id\":\"https:\/\/phanimenal.de\/#website\"},\"datePublished\":\"2020-12-14T05:25:44+00:00\",\"dateModified\":\"2021-06-19T20:20:00+00:00\",\"breadcrumb\":{\"@id\":\"https:\/\/phanimenal.de\/index.php\/2020\/12\/14\/brandanschlag-beim-kyoto-animation-studio-taeter-wegen-mord-und-brandstiftung-angeklagt\/#breadcrumb\"},\"inLanguage\":\"de\",\"potentialAction\":[{\"@type\":\"ReadAction\",\"target\":[\"https:\/\/phanimenal.de\/index.php\/2020\/12\/14\/brandanschlag-beim-kyoto-animation-studio-taeter-wegen-mord-und-brandstiftung-angeklagt\/\"]}]},{\"@type\":\"BreadcrumbList\",\"@id\":\"https:\/\/phanimenal.de\/index.php\/2020\/12\/14\/brandanschlag-beim-kyoto-animation-studio-taeter-wegen-mord-und-brandstiftung-angeklagt\/#breadcrumb\",\"itemListElement\":[{\"@type\":\"ListItem\",\"position\":1,\"name\":\"Startseite\",\"item\":\"https:\/\/phanimenal.de\/\"},{\"@type\":\"ListItem\",\"position\":2,\"name\":\"Brandanschlag beim Kyoto Animation Studio &#8211; T\u00e4ter wegen Mord und Brandstiftung angeklagt\"}]},{\"@type\":\"WebSite\",\"@id\":\"https:\/\/phanimenal.de\/#website\",\"url\":\"https:\/\/phanimenal.de\/\",\"name\":\"Phanimenal - T\u00e4glich interessante Anime News und Gaming News\",\"description\":\"Auf Phanimenal findest du die aktuellsten Anime-News aus Japan und Deutschland\",\"publisher\":{\"@id\":\"https:\/\/phanimenal.de\/#organization\"},\"potentialAction\":[{\"@type\":\"SearchAction\",\"target\":{\"@type\":\"EntryPoint\",\"urlTemplate\":\"https:\/\/phanimenal.de\/?s={search_term_string}\"},\"query-input\":\"required name=search_term_string\"}],\"inLanguage\":\"de\"},{\"@type\":\"Organization\",\"@id\":\"https:\/\/phanimenal.de\/#organization\",\"name\":\"Phanimenal\",\"url\":\"https:\/\/phanimenal.de\/\",\"logo\":{\"@type\":\"ImageObject\",\"inLanguage\":\"de\",\"@id\":\"https:\/\/phanimenal.de\/#\/schema\/logo\/image\/\",\"url\":\"https:\/\/phanimenal.de\/wp-content\/uploads\/\/2016\/04\/logo.png\",\"contentUrl\":\"https:\/\/phanimenal.de\/wp-content\/uploads\/\/2016\/04\/logo.png\",\"width\":170,\"height\":70,\"caption\":\"Phanimenal\"},\"image\":{\"@id\":\"https:\/\/phanimenal.de\/#\/schema\/logo\/image\/\"},\"sameAs\":[\"https:\/\/www.facebook.com\/phanimenal\",\"https:\/\/www.instagram.com\/phanimenal\",\"https:\/\/www.youtube.com\/channel\/UCbK_Z9H_JoD0sWZeb2guVxw\"]},{\"@type\":\"Person\",\"@id\":\"https:\/\/phanimenal.de\/#\/schema\/person\/e1dd9265ac0385ecb373011a052bc293\",\"name\":\"AM\",\"image\":{\"@type\":\"ImageObject\",\"inLanguage\":\"de\",\"@id\":\"https:\/\/phanimenal.de\/#\/schema\/person\/image\/\",\"url\":\"https:\/\/secure.gravatar.com\/avatar\/87c965ccf859177fd81ae236167111a1?s=96&d=mm&r=g\",\"contentUrl\":\"https:\/\/secure.gravatar.com\/avatar\/87c965ccf859177fd81ae236167111a1?s=96&d=mm&r=g\",\"caption\":\"AM\"},\"sameAs\":[\"http:\/\/wp2.phanimenal.de\"],\"url\":\"https:\/\/phanimenal.de\/index.php\/author\/admin\/\"}]}<\/script>\n<!-- \/ Yoast SEO Premium plugin. -->","yoast_head_json":{"title":"Brandanschlag beim Kyoto Animation Studio - T\u00e4ter wegen Mord und Brandstiftung angeklagt - Phanimenal - T\u00e4glich interessante Anime News und Gaming News","robots":{"index":"index","follow":"follow","max-snippet":"max-snippet:-1","max-image-preview":"max-image-preview:large","max-video-preview":"max-video-preview:-1"},"canonical":"https:\/\/phanimenal.de\/index.php\/2020\/12\/14\/brandanschlag-beim-kyoto-animation-studio-taeter-wegen-mord-und-brandstiftung-angeklagt\/","og_locale":"de_DE","og_type":"article","og_title":"Brandanschlag beim Kyoto Animation Studio - T\u00e4ter wegen Mord und Brandstiftung angeklagt","og_description":"Phanimenal - T\u00e4glich interessante Anime News und Gaming News","og_url":"https:\/\/phanimenal.de\/index.php\/2020\/12\/14\/brandanschlag-beim-kyoto-animation-studio-taeter-wegen-mord-und-brandstiftung-angeklagt\/","og_site_name":"Phanimenal - T\u00e4glich interessante Anime News und Gaming News","article_publisher":"https:\/\/www.facebook.com\/phanimenal","article_published_time":"2020-12-14T05:25:44+00:00","article_modified_time":"2021-06-19T20:20:00+00:00","og_image":[{"width":1500,"height":843,"url":"https:\/\/phanimenal.de\/wp-content\/uploads\/\/Screenshot_9.png","type":"image\/png"}],"author":"AM","twitter_misc":{"Verfasst von":"AM","Gesch\u00e4tzte Lesezeit":"1\u00a0Minute"},"schema":{"@context":"https:\/\/schema.org","@graph":[{"@type":"Article","@id":"https:\/\/phanimenal.de\/index.php\/2020\/12\/14\/brandanschlag-beim-kyoto-animation-studio-taeter-wegen-mord-und-brandstiftung-angeklagt\/#article","isPartOf":{"@id":"https:\/\/phanimenal.de\/index.php\/2020\/12\/14\/brandanschlag-beim-kyoto-animation-studio-taeter-wegen-mord-und-brandstiftung-angeklagt\/"},"author":{"name":"AM","@id":"https:\/\/phanimenal.de\/#\/schema\/person\/e1dd9265ac0385ecb373011a052bc293"},"headline":"Brandanschlag beim Kyoto Animation Studio &#8211; T\u00e4ter wegen Mord und Brandstiftung angeklagt","datePublished":"2020-12-14T05:25:44+00:00","dateModified":"2021-06-19T20:20:00+00:00","mainEntityOfPage":{"@id":"https:\/\/phanimenal.de\/index.php\/2020\/12\/14\/brandanschlag-beim-kyoto-animation-studio-taeter-wegen-mord-und-brandstiftung-angeklagt\/"},"wordCount":310,"publisher":{"@id":"https:\/\/phanimenal.de\/#organization"},"keywords":["Animestudio"],"articleSection":["Anime"],"inLanguage":"de","copyrightYear":"2020","copyrightHolder":{"@id":"https:\/\/phanimenal.de\/#organization"}},{"@type":"WebPage","@id":"https:\/\/phanimenal.de\/index.php\/2020\/12\/14\/brandanschlag-beim-kyoto-animation-studio-taeter-wegen-mord-und-brandstiftung-angeklagt\/","url":"https:\/\/phanimenal.de\/index.php\/2020\/12\/14\/brandanschlag-beim-kyoto-animation-studio-taeter-wegen-mord-und-brandstiftung-angeklagt\/","name":"Brandanschlag beim Kyoto Animation Studio - T\u00e4ter wegen Mord und Brandstiftung angeklagt - Phanimenal - T\u00e4glich interessante Anime News und Gaming News","isPartOf":{"@id":"https:\/\/phanimenal.de\/#website"},"datePublished":"2020-12-14T05:25:44+00:00","dateModified":"2021-06-19T20:20:00+00:00","breadcrumb":{"@id":"https:\/\/phanimenal.de\/index.php\/2020\/12\/14\/brandanschlag-beim-kyoto-animation-studio-taeter-wegen-mord-und-brandstiftung-angeklagt\/#breadcrumb"},"inLanguage":"de","potentialAction":[{"@type":"ReadAction","target":["https:\/\/phanimenal.de\/index.php\/2020\/12\/14\/brandanschlag-beim-kyoto-animation-studio-taeter-wegen-mord-und-brandstiftung-angeklagt\/"]}]},{"@type":"BreadcrumbList","@id":"https:\/\/phanimenal.de\/index.php\/2020\/12\/14\/brandanschlag-beim-kyoto-animation-studio-taeter-wegen-mord-und-brandstiftung-angeklagt\/#breadcrumb","itemListElement":[{"@type":"ListItem","position":1,"name":"Startseite","item":"https:\/\/phanimenal.de\/"},{"@type":"ListItem","position":2,"name":"Brandanschlag beim Kyoto Animation Studio &#8211; T\u00e4ter wegen Mord und Brandstiftung angeklagt"}]},{"@type":"WebSite","@id":"https:\/\/phanimenal.de\/#website","url":"https:\/\/phanimenal.de\/","name":"Phanimenal - T\u00e4glich interessante Anime News und Gaming News","description":"Auf Phanimenal findest du die aktuellsten Anime-News aus Japan und Deutschland","publisher":{"@id":"https:\/\/phanimenal.de\/#organization"},"potentialAction":[{"@type":"SearchAction","target":{"@type":"EntryPoint","urlTemplate":"https:\/\/phanimenal.de\/?s={search_term_string}"},"query-input":"required name=search_term_string"}],"inLanguage":"de"},{"@type":"Organization","@id":"https:\/\/phanimenal.de\/#organization","name":"Phanimenal","url":"https:\/\/phanimenal.de\/","logo":{"@type":"ImageObject","inLanguage":"de","@id":"https:\/\/phanimenal.de\/#\/schema\/logo\/image\/","url":"https:\/\/phanimenal.de\/wp-content\/uploads\/\/2016\/04\/logo.png","contentUrl":"https:\/\/phanimenal.de\/wp-content\/uploads\/\/2016\/04\/logo.png","width":170,"height":70,"caption":"Phanimenal"},"image":{"@id":"https:\/\/phanimenal.de\/#\/schema\/logo\/image\/"},"sameAs":["https:\/\/www.facebook.com\/phanimenal","https:\/\/www.instagram.com\/phanimenal","https:\/\/www.youtube.com\/channel\/UCbK_Z9H_JoD0sWZeb2guVxw"]},{"@type":"Person","@id":"https:\/\/phanimenal.de\/#\/schema\/person\/e1dd9265ac0385ecb373011a052bc293","name":"AM","image":{"@type":"ImageObject","inLanguage":"de","@id":"https:\/\/phanimenal.de\/#\/schema\/person\/image\/","url":"https:\/\/secure.gravatar.com\/avatar\/87c965ccf859177fd81ae236167111a1?s=96&d=mm&r=g","contentUrl":"https:\/\/secure.gravatar.com\/avatar\/87c965ccf859177fd81ae236167111a1?s=96&d=mm&r=g","caption":"AM"},"sameAs":["http:\/\/wp2.phanimenal.de"],"url":"https:\/\/phanimenal.de\/index.php\/author\/admin\/"}]}},"jetpack_featured_media_url":"https:\/\/phanimenal.de\/wp-content\/uploads\/\/Screenshot_9.png","_links":{"self":[{"href":"https:\/\/phanimenal.de\/index.php\/wp-json\/wp\/v2\/posts\/10468"}],"collection":[{"href":"https:\/\/phanimenal.de\/index.php\/wp-json\/wp\/v2\/posts"}],"about":[{"href":"https:\/\/phanimenal.de\/index.php\/wp-json\/wp\/v2\/types\/post"}],"author":[{"embeddable":true,"href":"https:\/\/phanimenal.de\/index.php\/wp-json\/wp\/v2\/users\/1"}],"replies":[{"embeddable":true,"href":"https:\/\/phanimenal.de\/index.php\/wp-json\/wp\/v2\/comments?post=10468"}],"version-history":[{"count":3,"href":"https:\/\/phanimenal.de\/index.php\/wp-json\/wp\/v2\/posts\/10468\/revisions"}],"predecessor-version":[{"id":10498,"href":"https:\/\/phanimenal.de\/index.php\/wp-json\/wp\/v2\/posts\/10468\/revisions\/10498"}],"wp:featuredmedia":[{"embeddable":true,"href":"https:\/\/phanimenal.de\/index.php\/wp-json\/wp\/v2\/media\/10470"}],"wp:attachment":[{"href":"https:\/\/phanimenal.de\/index.php\/wp-json\/wp\/v2\/media?parent=10468"}],"wp:term":[{"taxonomy":"category","embeddable":true,"href":"https:\/\/phanimenal.de\/index.php\/wp-json\/wp\/v2\/categories?post=10468"},{"taxonomy":"post_tag","embeddable":true,"href":"https:\/\/phanimenal.de\/index.php\/wp-json\/wp\/v2\/tags?post=10468"}],"curies":[{"name":"wp","href":"https:\/\/api.w.org\/{rel}","templated":true}]}}