{"id":10553,"date":"2020-12-21T07:00:39","date_gmt":"2020-12-21T06:00:39","guid":{"rendered":"https:\/\/phanimenal.de\/?p=10553"},"modified":"2020-12-21T07:00:39","modified_gmt":"2020-12-21T06:00:39","slug":"oda-kuendigte-heute-an-shanks-wird-2021-in-aktion-treten","status":"publish","type":"post","link":"https:\/\/phanimenal.de\/index.php\/2020\/12\/21\/oda-kuendigte-heute-an-shanks-wird-2021-in-aktion-treten\/","title":{"rendered":"Oda k\u00fcndigte heute an: Shanks wird 2021 in Aktion treten"},"content":{"rendered":"<h2 style=\"text-align: center;\"><a href=\"https:\/\/phanimenal.de\/?s=Jump\">Jump<\/a> Festa<\/h2>\n<p>Veranstaltungen wie die Jump Festa werden von den Fans immer mit gro\u00dfer Vorfreude wegen der Ank\u00fcndigungen und den exklusiven Vorschauen auf die gro\u00dfen laufenden Serien erwartet.<\/p>\n<p>Anl\u00e4sslich des Jump Festa &#8217;21 Events, das <a href=\"https:\/\/phanimenal.de\/?s=One+Piece\">One Piece<\/a> gewidmet war, hinterlie\u00df Oda eine lange Nachricht an seine Fans, in der er sie gut auf die Ver\u00f6ffentlichung von Kapitel 1000 vorbereitete, welches f\u00fcr den 4. Januar 2021 geplant ist.<\/p>\n<h2 style=\"text-align: center;\">Statement<\/h2>\n<p>Hier k\u00f6nnt ihr die \u00dcbersetzung lesen:<\/p>\n<p><em>&#8222;An die Leute, die Jump Festa schauen, hallo!!! Es war wirklich ein hartes Jahr, ich glaube, es gibt viele Menschen, die stark vom Coronavirus betroffen sind. Ich m\u00f6chte einen Applaus an die vielen Arbeiter in der Branche geben, die auch in einer so wilden Situation wie jetzt noch f\u00fcr Stimmung sorgen, so war dieses Jahr. Bei &#8222;Jump&#8220; war &#8222;<a href=\"https:\/\/phanimenal.de\/?s=Demon+Slayer\">Demon Slayer<\/a>&#8220; erstaunlich. Es hat viele Leute emotional gerettet und ihnen Freude gebracht, wirklich beeindruckend. So sollte ein Manga sein, ich war ebenfalls irgendwie ger\u00fchrt!<\/em><\/p>\n<p><em>Nun, lasst uns \u00fcber das Thema OP-Event in Jump Festa sprechen! One Piece erreicht bald Kapitel 1000!! Wenn diese Nachricht gelesen wird, werde ich bereits Kapitel 1000 beendet haben und auf dem Weg sein, den Cast zu treffen&#8230;oder zumindest w\u00e4re es so gewesen! <\/em><\/p>\n<p><em>Jetzt kann ich nicht gehen, was f\u00fcr eine Schande&#8230; Alte M\u00e4nner und Frauen auf der B\u00fchne&#8230; warte, nein, alte M\u00e4nner und junge Damen auf der B\u00fchne, geht es euch gut?Wie auch immer, auch wenn ich nicht gehen kann, habe ich trotzdem Kapitel 1000 abgeschlossen! Ist es gut?<\/em><\/p>\n<p><em>Kapitel 1000 wird in der ersten Ausgabe n\u00e4chstes Jahr erscheinen!! Was f\u00fcr ein Timing! Freuen Sie sich schon mal darauf!Neben der Feier des 1.000. Kapitels gibt es jede Menge Projekte, die das neue Jahr einl\u00e4uten werden! Im Jahr 2021 werden wir dann mit Band 100 ein weiteres besonderes Jahr erleben! <\/em><\/p>\n<p><em>Was die Manga-Story selbst angeht, so gibt es neue Infos, dass sich der Mann mit den roten Haaren ein wenig bewegen wird! Wie immer neigt sich die Geschichte ihrem Ende zu! Bitte nehmt euch die Zeit und genie\u00dft auch das n\u00e4chste Jahr!&#8220;\u00a0<\/em><\/p>\n<p>Immer wenn Oda sich entschied Shanks im Manga zu zeigen, ging es um gro\u00dfe Ereignisse die mehr Fragen aufwarfen als Antworten zu liefern. z.B. das erste Versprechen des Mangas und die Wette auf eine &#8222;Neue \u00c4ra&#8220;, f\u00fcr die er seinen Arm gab; das gef\u00e4hrliche Treffen mit Whitebeard; das Ende des Krieges nachdem er mit <a href=\"https:\/\/phanimenal.de\/?s=Kaido\">Kaido<\/a> zusammensto\u00df; das mysteri\u00f6se Treffen mit den Gorosei (Die F\u00fcnf Weisen) u.v.m.\u00a0 All diese Fragen d\u00fcrften wohl im kommenden Jahr gekl\u00e4rt werden!<\/p>\n<p>Hier seht ihr das Statement von Eiichiro Oda auf Japanisch:<\/p>\n<figure id=\"attachment_10554\" aria-describedby=\"caption-attachment-10554\" style=\"width: 466px\" class=\"wp-caption aligncenter\"><img decoding=\"async\" loading=\"lazy\" class=\"size-full wp-image-10554\" src=\"https:\/\/phanimenal.de\/wp-content\/uploads\/\/EiichiroOdaStatement.png\" alt=\"Eiichiro Oda Statement\" width=\"466\" height=\"1024\" srcset=\"https:\/\/phanimenal.de\/wp-content\/uploads\/EiichiroOdaStatement.png 466w, https:\/\/phanimenal.de\/wp-content\/uploads\/EiichiroOdaStatement-137x300.png 137w\" sizes=\"(max-width: 466px) 100vw, 466px\" \/><figcaption id=\"caption-attachment-10554\" class=\"wp-caption-text\">Eiichiro Oda Statement<\/figcaption><\/figure>\n","protected":false},"excerpt":{"rendered":"<p><a href=\"https:\/\/phanimenal.de\/?s=Jump\">Jump<\/a> Festa Veranstaltungen wie die Jump Festa werden von den Fans immer mit gro\u00dfer Vorfreude wegen der Ank\u00fcndigungen und den<\/p>\n","protected":false},"author":1,"featured_media":7790,"comment_status":"closed","ping_status":"open","sticky":false,"template":"","format":"standard","meta":[],"categories":[2],"tags":[510,124,391],"yoast_head":"<!-- This site is optimized with the Yoast SEO Premium plugin v20.2.1 (Yoast SEO v20.2.1) - https:\/\/yoast.com\/wordpress\/plugins\/seo\/ -->\n<title>Oda k\u00fcndigte heute an: Shanks wird 2021 in Aktion treten - Phanimenal - T\u00e4glich interessante Anime News und Gaming News<\/title>\n<meta name=\"robots\" content=\"index, follow, max-snippet:-1, max-image-preview:large, max-video-preview:-1\" \/>\n<link rel=\"canonical\" href=\"https:\/\/phanimenal.de\/index.php\/2020\/12\/21\/oda-kuendigte-heute-an-shanks-wird-2021-in-aktion-treten\/\" \/>\n<meta property=\"og:locale\" content=\"de_DE\" \/>\n<meta property=\"og:type\" content=\"article\" \/>\n<meta property=\"og:title\" content=\"Oda k\u00fcndigte heute an: Shanks wird 2021 in Aktion treten\" \/>\n<meta property=\"og:description\" content=\"Phanimenal - T\u00e4glich interessante Anime News und Gaming News\" \/>\n<meta property=\"og:url\" content=\"https:\/\/phanimenal.de\/index.php\/2020\/12\/21\/oda-kuendigte-heute-an-shanks-wird-2021-in-aktion-treten\/\" \/>\n<meta property=\"og:site_name\" content=\"Phanimenal - T\u00e4glich interessante Anime News und Gaming News\" \/>\n<meta property=\"article:publisher\" content=\"https:\/\/www.facebook.com\/phanimenal\" \/>\n<meta property=\"article:published_time\" content=\"2020-12-21T06:00:39+00:00\" \/>\n<meta property=\"og:image\" content=\"https:\/\/phanimenal.de\/wp-content\/uploads\/\/Shanks.jpg\" \/>\n\t<meta property=\"og:image:width\" content=\"998\" \/>\n\t<meta property=\"og:image:height\" content=\"565\" \/>\n\t<meta property=\"og:image:type\" content=\"image\/jpeg\" \/>\n<meta name=\"author\" content=\"AM\" \/>\n<meta name=\"twitter:label1\" content=\"Verfasst von\" \/>\n\t<meta name=\"twitter:data1\" content=\"AM\" \/>\n\t<meta name=\"twitter:label2\" content=\"Gesch\u00e4tzte Lesezeit\" \/>\n\t<meta name=\"twitter:data2\" content=\"2\u00a0Minuten\" \/>\n<script type=\"application\/ld+json\" class=\"yoast-schema-graph\">{\"@context\":\"https:\/\/schema.org\",\"@graph\":[{\"@type\":\"Article\",\"@id\":\"https:\/\/phanimenal.de\/index.php\/2020\/12\/21\/oda-kuendigte-heute-an-shanks-wird-2021-in-aktion-treten\/#article\",\"isPartOf\":{\"@id\":\"https:\/\/phanimenal.de\/index.php\/2020\/12\/21\/oda-kuendigte-heute-an-shanks-wird-2021-in-aktion-treten\/\"},\"author\":{\"name\":\"AM\",\"@id\":\"https:\/\/phanimenal.de\/#\/schema\/person\/e1dd9265ac0385ecb373011a052bc293\"},\"headline\":\"Oda k\u00fcndigte heute an: Shanks wird 2021 in Aktion treten\",\"datePublished\":\"2020-12-21T06:00:39+00:00\",\"dateModified\":\"2020-12-21T06:00:39+00:00\",\"mainEntityOfPage\":{\"@id\":\"https:\/\/phanimenal.de\/index.php\/2020\/12\/21\/oda-kuendigte-heute-an-shanks-wird-2021-in-aktion-treten\/\"},\"wordCount\":468,\"publisher\":{\"@id\":\"https:\/\/phanimenal.de\/#organization\"},\"keywords\":[\"Eiichiro Oda\",\"one piece\",\"Shanks\"],\"articleSection\":[\"Anime\"],\"inLanguage\":\"de\",\"copyrightYear\":\"2020\",\"copyrightHolder\":{\"@id\":\"https:\/\/phanimenal.de\/#organization\"}},{\"@type\":\"WebPage\",\"@id\":\"https:\/\/phanimenal.de\/index.php\/2020\/12\/21\/oda-kuendigte-heute-an-shanks-wird-2021-in-aktion-treten\/\",\"url\":\"https:\/\/phanimenal.de\/index.php\/2020\/12\/21\/oda-kuendigte-heute-an-shanks-wird-2021-in-aktion-treten\/\",\"name\":\"Oda k\u00fcndigte heute an: Shanks wird 2021 in Aktion treten - Phanimenal - T\u00e4glich interessante Anime News und Gaming News\",\"isPartOf\":{\"@id\":\"https:\/\/phanimenal.de\/#website\"},\"datePublished\":\"2020-12-21T06:00:39+00:00\",\"dateModified\":\"2020-12-21T06:00:39+00:00\",\"breadcrumb\":{\"@id\":\"https:\/\/phanimenal.de\/index.php\/2020\/12\/21\/oda-kuendigte-heute-an-shanks-wird-2021-in-aktion-treten\/#breadcrumb\"},\"inLanguage\":\"de\",\"potentialAction\":[{\"@type\":\"ReadAction\",\"target\":[\"https:\/\/phanimenal.de\/index.php\/2020\/12\/21\/oda-kuendigte-heute-an-shanks-wird-2021-in-aktion-treten\/\"]}]},{\"@type\":\"BreadcrumbList\",\"@id\":\"https:\/\/phanimenal.de\/index.php\/2020\/12\/21\/oda-kuendigte-heute-an-shanks-wird-2021-in-aktion-treten\/#breadcrumb\",\"itemListElement\":[{\"@type\":\"ListItem\",\"position\":1,\"name\":\"Startseite\",\"item\":\"https:\/\/phanimenal.de\/\"},{\"@type\":\"ListItem\",\"position\":2,\"name\":\"Oda k\u00fcndigte heute an: Shanks wird 2021 in Aktion treten\"}]},{\"@type\":\"WebSite\",\"@id\":\"https:\/\/phanimenal.de\/#website\",\"url\":\"https:\/\/phanimenal.de\/\",\"name\":\"Phanimenal - T\u00e4glich interessante Anime News und Gaming News\",\"description\":\"Auf Phanimenal findest du die aktuellsten Anime-News aus Japan und Deutschland\",\"publisher\":{\"@id\":\"https:\/\/phanimenal.de\/#organization\"},\"potentialAction\":[{\"@type\":\"SearchAction\",\"target\":{\"@type\":\"EntryPoint\",\"urlTemplate\":\"https:\/\/phanimenal.de\/?s={search_term_string}\"},\"query-input\":\"required name=search_term_string\"}],\"inLanguage\":\"de\"},{\"@type\":\"Organization\",\"@id\":\"https:\/\/phanimenal.de\/#organization\",\"name\":\"Phanimenal\",\"url\":\"https:\/\/phanimenal.de\/\",\"logo\":{\"@type\":\"ImageObject\",\"inLanguage\":\"de\",\"@id\":\"https:\/\/phanimenal.de\/#\/schema\/logo\/image\/\",\"url\":\"https:\/\/phanimenal.de\/wp-content\/uploads\/\/2016\/04\/logo.png\",\"contentUrl\":\"https:\/\/phanimenal.de\/wp-content\/uploads\/\/2016\/04\/logo.png\",\"width\":170,\"height\":70,\"caption\":\"Phanimenal\"},\"image\":{\"@id\":\"https:\/\/phanimenal.de\/#\/schema\/logo\/image\/\"},\"sameAs\":[\"https:\/\/www.facebook.com\/phanimenal\",\"https:\/\/www.instagram.com\/phanimenal\",\"https:\/\/www.youtube.com\/channel\/UCbK_Z9H_JoD0sWZeb2guVxw\"]},{\"@type\":\"Person\",\"@id\":\"https:\/\/phanimenal.de\/#\/schema\/person\/e1dd9265ac0385ecb373011a052bc293\",\"name\":\"AM\",\"image\":{\"@type\":\"ImageObject\",\"inLanguage\":\"de\",\"@id\":\"https:\/\/phanimenal.de\/#\/schema\/person\/image\/\",\"url\":\"https:\/\/secure.gravatar.com\/avatar\/87c965ccf859177fd81ae236167111a1?s=96&d=mm&r=g\",\"contentUrl\":\"https:\/\/secure.gravatar.com\/avatar\/87c965ccf859177fd81ae236167111a1?s=96&d=mm&r=g\",\"caption\":\"AM\"},\"sameAs\":[\"http:\/\/wp2.phanimenal.de\"],\"url\":\"https:\/\/phanimenal.de\/index.php\/author\/admin\/\"}]}<\/script>\n<!-- \/ Yoast SEO Premium plugin. -->","yoast_head_json":{"title":"Oda k\u00fcndigte heute an: Shanks wird 2021 in Aktion treten - Phanimenal - T\u00e4glich interessante Anime News und Gaming News","robots":{"index":"index","follow":"follow","max-snippet":"max-snippet:-1","max-image-preview":"max-image-preview:large","max-video-preview":"max-video-preview:-1"},"canonical":"https:\/\/phanimenal.de\/index.php\/2020\/12\/21\/oda-kuendigte-heute-an-shanks-wird-2021-in-aktion-treten\/","og_locale":"de_DE","og_type":"article","og_title":"Oda k\u00fcndigte heute an: Shanks wird 2021 in Aktion treten","og_description":"Phanimenal - T\u00e4glich interessante Anime News und Gaming News","og_url":"https:\/\/phanimenal.de\/index.php\/2020\/12\/21\/oda-kuendigte-heute-an-shanks-wird-2021-in-aktion-treten\/","og_site_name":"Phanimenal - T\u00e4glich interessante Anime News und Gaming News","article_publisher":"https:\/\/www.facebook.com\/phanimenal","article_published_time":"2020-12-21T06:00:39+00:00","og_image":[{"width":998,"height":565,"url":"https:\/\/phanimenal.de\/wp-content\/uploads\/\/Shanks.jpg","type":"image\/jpeg"}],"author":"AM","twitter_misc":{"Verfasst von":"AM","Gesch\u00e4tzte Lesezeit":"2\u00a0Minuten"},"schema":{"@context":"https:\/\/schema.org","@graph":[{"@type":"Article","@id":"https:\/\/phanimenal.de\/index.php\/2020\/12\/21\/oda-kuendigte-heute-an-shanks-wird-2021-in-aktion-treten\/#article","isPartOf":{"@id":"https:\/\/phanimenal.de\/index.php\/2020\/12\/21\/oda-kuendigte-heute-an-shanks-wird-2021-in-aktion-treten\/"},"author":{"name":"AM","@id":"https:\/\/phanimenal.de\/#\/schema\/person\/e1dd9265ac0385ecb373011a052bc293"},"headline":"Oda k\u00fcndigte heute an: Shanks wird 2021 in Aktion treten","datePublished":"2020-12-21T06:00:39+00:00","dateModified":"2020-12-21T06:00:39+00:00","mainEntityOfPage":{"@id":"https:\/\/phanimenal.de\/index.php\/2020\/12\/21\/oda-kuendigte-heute-an-shanks-wird-2021-in-aktion-treten\/"},"wordCount":468,"publisher":{"@id":"https:\/\/phanimenal.de\/#organization"},"keywords":["Eiichiro Oda","one piece","Shanks"],"articleSection":["Anime"],"inLanguage":"de","copyrightYear":"2020","copyrightHolder":{"@id":"https:\/\/phanimenal.de\/#organization"}},{"@type":"WebPage","@id":"https:\/\/phanimenal.de\/index.php\/2020\/12\/21\/oda-kuendigte-heute-an-shanks-wird-2021-in-aktion-treten\/","url":"https:\/\/phanimenal.de\/index.php\/2020\/12\/21\/oda-kuendigte-heute-an-shanks-wird-2021-in-aktion-treten\/","name":"Oda k\u00fcndigte heute an: Shanks wird 2021 in Aktion treten - Phanimenal - T\u00e4glich interessante Anime News und Gaming News","isPartOf":{"@id":"https:\/\/phanimenal.de\/#website"},"datePublished":"2020-12-21T06:00:39+00:00","dateModified":"2020-12-21T06:00:39+00:00","breadcrumb":{"@id":"https:\/\/phanimenal.de\/index.php\/2020\/12\/21\/oda-kuendigte-heute-an-shanks-wird-2021-in-aktion-treten\/#breadcrumb"},"inLanguage":"de","potentialAction":[{"@type":"ReadAction","target":["https:\/\/phanimenal.de\/index.php\/2020\/12\/21\/oda-kuendigte-heute-an-shanks-wird-2021-in-aktion-treten\/"]}]},{"@type":"BreadcrumbList","@id":"https:\/\/phanimenal.de\/index.php\/2020\/12\/21\/oda-kuendigte-heute-an-shanks-wird-2021-in-aktion-treten\/#breadcrumb","itemListElement":[{"@type":"ListItem","position":1,"name":"Startseite","item":"https:\/\/phanimenal.de\/"},{"@type":"ListItem","position":2,"name":"Oda k\u00fcndigte heute an: Shanks wird 2021 in Aktion treten"}]},{"@type":"WebSite","@id":"https:\/\/phanimenal.de\/#website","url":"https:\/\/phanimenal.de\/","name":"Phanimenal - T\u00e4glich interessante Anime News und Gaming News","description":"Auf Phanimenal findest du die aktuellsten Anime-News aus Japan und Deutschland","publisher":{"@id":"https:\/\/phanimenal.de\/#organization"},"potentialAction":[{"@type":"SearchAction","target":{"@type":"EntryPoint","urlTemplate":"https:\/\/phanimenal.de\/?s={search_term_string}"},"query-input":"required name=search_term_string"}],"inLanguage":"de"},{"@type":"Organization","@id":"https:\/\/phanimenal.de\/#organization","name":"Phanimenal","url":"https:\/\/phanimenal.de\/","logo":{"@type":"ImageObject","inLanguage":"de","@id":"https:\/\/phanimenal.de\/#\/schema\/logo\/image\/","url":"https:\/\/phanimenal.de\/wp-content\/uploads\/\/2016\/04\/logo.png","contentUrl":"https:\/\/phanimenal.de\/wp-content\/uploads\/\/2016\/04\/logo.png","width":170,"height":70,"caption":"Phanimenal"},"image":{"@id":"https:\/\/phanimenal.de\/#\/schema\/logo\/image\/"},"sameAs":["https:\/\/www.facebook.com\/phanimenal","https:\/\/www.instagram.com\/phanimenal","https:\/\/www.youtube.com\/channel\/UCbK_Z9H_JoD0sWZeb2guVxw"]},{"@type":"Person","@id":"https:\/\/phanimenal.de\/#\/schema\/person\/e1dd9265ac0385ecb373011a052bc293","name":"AM","image":{"@type":"ImageObject","inLanguage":"de","@id":"https:\/\/phanimenal.de\/#\/schema\/person\/image\/","url":"https:\/\/secure.gravatar.com\/avatar\/87c965ccf859177fd81ae236167111a1?s=96&d=mm&r=g","contentUrl":"https:\/\/secure.gravatar.com\/avatar\/87c965ccf859177fd81ae236167111a1?s=96&d=mm&r=g","caption":"AM"},"sameAs":["http:\/\/wp2.phanimenal.de"],"url":"https:\/\/phanimenal.de\/index.php\/author\/admin\/"}]}},"jetpack_featured_media_url":"https:\/\/phanimenal.de\/wp-content\/uploads\/\/Shanks.jpg","_links":{"self":[{"href":"https:\/\/phanimenal.de\/index.php\/wp-json\/wp\/v2\/posts\/10553"}],"collection":[{"href":"https:\/\/phanimenal.de\/index.php\/wp-json\/wp\/v2\/posts"}],"about":[{"href":"https:\/\/phanimenal.de\/index.php\/wp-json\/wp\/v2\/types\/post"}],"author":[{"embeddable":true,"href":"https:\/\/phanimenal.de\/index.php\/wp-json\/wp\/v2\/users\/1"}],"replies":[{"embeddable":true,"href":"https:\/\/phanimenal.de\/index.php\/wp-json\/wp\/v2\/comments?post=10553"}],"version-history":[{"count":2,"href":"https:\/\/phanimenal.de\/index.php\/wp-json\/wp\/v2\/posts\/10553\/revisions"}],"predecessor-version":[{"id":10556,"href":"https:\/\/phanimenal.de\/index.php\/wp-json\/wp\/v2\/posts\/10553\/revisions\/10556"}],"wp:featuredmedia":[{"embeddable":true,"href":"https:\/\/phanimenal.de\/index.php\/wp-json\/wp\/v2\/media\/7790"}],"wp:attachment":[{"href":"https:\/\/phanimenal.de\/index.php\/wp-json\/wp\/v2\/media?parent=10553"}],"wp:term":[{"taxonomy":"category","embeddable":true,"href":"https:\/\/phanimenal.de\/index.php\/wp-json\/wp\/v2\/categories?post=10553"},{"taxonomy":"post_tag","embeddable":true,"href":"https:\/\/phanimenal.de\/index.php\/wp-json\/wp\/v2\/tags?post=10553"}],"curies":[{"name":"wp","href":"https:\/\/api.w.org\/{rel}","templated":true}]}}