{"id":10799,"date":"2021-01-31T19:29:04","date_gmt":"2021-01-31T18:29:04","guid":{"rendered":"https:\/\/phanimenal.de\/?p=10799"},"modified":"2021-01-31T19:33:22","modified_gmt":"2021-01-31T18:33:22","slug":"eiichiro-oda-aeussert-sich-zum-finalen-5-jahres-plan-von-one-piece","status":"publish","type":"post","link":"https:\/\/phanimenal.de\/index.php\/2021\/01\/31\/eiichiro-oda-aeussert-sich-zum-finalen-5-jahres-plan-von-one-piece\/","title":{"rendered":"Eiichiro Oda \u00e4u\u00dfert sich zum finalen 5-Jahres-Plan von One Piece"},"content":{"rendered":"<h2 style=\"text-align: center;\"><a href=\"https:\/\/phanimenal.de\/?s=One+Piece\">One Piece<\/a><\/h2>\n<p>One Piece l\u00e4uft nun schon seit mehr als zwanzig Jahren, und es hat noch einen langen Weg vor sich. Sch\u00f6pfer Eiichiro Oda h\u00e4tte nie erwartet, dass seine Piratengeschichte so lange laufen w\u00fcrde, aber die Fans sind dankbar f\u00fcr seine Ausdauer.<\/p>\n<p>Nach dem 1000. Kapitel fiebern die Fans dem Ende des Mangas entgegen, denn es wird sicher bald kommen, aber Oda h\u00e4lt sich noch zur\u00fcck, was das Thema betrifft. K\u00fcrzlich sprach der K\u00fcnstler in einem speziellen Interview \u00fcber seinen endg\u00fcltigen Plan f\u00fcr One Piece.<\/p>\n<p>Oda sprach mit dem Sch\u00f6pfer von Rurouni <a href=\"https:\/\/phanimenal.de\/?s=Kenshin\">Kenshin<\/a> im Hinblick auf dessen neue Kunstausstellung. Dort wurde der Piraten-K\u00fcnstler gefragt, ob One Piece wirklich noch f\u00fcnf Jahre hat, und Oda antwortete vage, gab mit seiner Antwort jedoch den Grundtenor seiner Einstellung zu diesem Thema deutlich bekannt.<\/p>\n<h2 style=\"text-align: center;\">Eiichiro Oda<\/h2>\n<blockquote><p>&#8222;Niemand \u00fcber 40 sollte Manga zeichnen m\u00fcssen&#8220;<\/p><\/blockquote>\n<p>Laut dem Twitter Profil sandman_AP hat Oda nichts Konkretes zu diesem Bericht gesagt. Stattdessen antwortete der One Piece-Zeichner lediglich, niemand \u00fcber 40 Jahre sollte w\u00f6chentlich einen Manga zeichnen m\u00fcssen. Wie man sich vorstellen kann, ist die Belastung, die ein solcher Zeitplan mit sich bringt, sehr hoch, und Oda lebt seit Jahrzehnten unter einem solchen Zeitplan.<\/p>\n<p>Er will sicher fertig werden, aber es gibt etwas an <a href=\"https:\/\/phanimenal.de\/?s=Luffy\">Luffy<\/a>, das ihn immer wieder zur\u00fcckkommen l\u00e4sst, um mehr zu erfahren. Der K\u00fcnstler hat im letzten Jahr ein paar Mal \u00fcber das Ende von One Piece gesprochen. Als sich der Weg zu Kapitel 1000 zuspitzte, begannen sich die Fans zu fragen, wie nah die Serie tats\u00e4chlich am Ende sei.<\/p>\n<p>Ein Redakteur sagte den Fans, dass One Piece kurz nach dem Ende der Wano Kuni Saga enden w\u00fcrde. Als Antwort darauf sagte Oda, dass er das Ende von One Piece im Blick hat, aber er kann nicht mit Sicherheit sagen, wann der Manga enden wird. Und bisher sieht es so aus, als ob ein F\u00fcnf-Jahres-Plan One Piece bis zu seiner letzten Reise bringen k\u00f6nnte.<\/p>\n<blockquote class=\"twitter-tweet\" data-width=\"550\" data-dnt=\"true\">\n<p lang=\"en\" dir=\"ltr\">Here is my first-half summary of the heartwarming interview between Oda and Watsuki in \u201cRurouni Kenshin Exhibition official artbook\u201d published last week. Other than this summary, they talked about manga technique about how to make good drawings. \ud83d\ude0d <a href=\"https:\/\/t.co\/lhffR1aGJx\">pic.twitter.com\/lhffR1aGJx<\/a><\/p>\n<p>&mdash; sandman (@sandman_AP) <a href=\"https:\/\/twitter.com\/sandman_AP\/status\/1354360055420739585?ref_src=twsrc%5Etfw\">January 27, 2021<\/a><\/p><\/blockquote>\n<p><script async src=\"https:\/\/platform.twitter.com\/widgets.js\" charset=\"utf-8\"><\/script><\/p>\n","protected":false},"excerpt":{"rendered":"<p><a href=\"https:\/\/phanimenal.de\/?s=One+Piece\">One Piece<\/a> One Piece l\u00e4uft nun schon seit mehr als zwanzig Jahren, und es hat noch einen langen Weg vor<\/p>\n","protected":false},"author":1,"featured_media":10803,"comment_status":"closed","ping_status":"open","sticky":false,"template":"","format":"standard","meta":[],"categories":[2],"tags":[510,124],"yoast_head":"<!-- This site is optimized with the Yoast SEO Premium plugin v20.2.1 (Yoast SEO v20.2.1) - https:\/\/yoast.com\/wordpress\/plugins\/seo\/ -->\n<title>Eiichiro Oda \u00e4u\u00dfert sich zum finalen 5-Jahres-Plan von One Piece - Phanimenal - T\u00e4glich interessante Anime News und Gaming News<\/title>\n<meta name=\"robots\" content=\"index, follow, max-snippet:-1, max-image-preview:large, max-video-preview:-1\" \/>\n<link rel=\"canonical\" href=\"https:\/\/phanimenal.de\/index.php\/2021\/01\/31\/eiichiro-oda-aeussert-sich-zum-finalen-5-jahres-plan-von-one-piece\/\" \/>\n<meta property=\"og:locale\" content=\"de_DE\" \/>\n<meta property=\"og:type\" content=\"article\" \/>\n<meta property=\"og:title\" content=\"Eiichiro Oda \u00e4u\u00dfert sich zum finalen 5-Jahres-Plan von One Piece\" \/>\n<meta property=\"og:description\" content=\"Phanimenal - T\u00e4glich interessante Anime News und Gaming News\" \/>\n<meta property=\"og:url\" content=\"https:\/\/phanimenal.de\/index.php\/2021\/01\/31\/eiichiro-oda-aeussert-sich-zum-finalen-5-jahres-plan-von-one-piece\/\" \/>\n<meta property=\"og:site_name\" content=\"Phanimenal - T\u00e4glich interessante Anime News und Gaming News\" \/>\n<meta property=\"article:publisher\" content=\"https:\/\/www.facebook.com\/phanimenal\" \/>\n<meta property=\"article:published_time\" content=\"2021-01-31T18:29:04+00:00\" \/>\n<meta property=\"article:modified_time\" content=\"2021-01-31T18:33:22+00:00\" \/>\n<meta property=\"og:image\" content=\"https:\/\/phanimenal.de\/wp-content\/uploads\/\/OnePiece-1.jpg\" \/>\n\t<meta property=\"og:image:width\" content=\"998\" \/>\n\t<meta property=\"og:image:height\" content=\"594\" \/>\n\t<meta property=\"og:image:type\" content=\"image\/jpeg\" \/>\n<meta name=\"author\" content=\"AM\" \/>\n<meta name=\"twitter:label1\" content=\"Verfasst von\" \/>\n\t<meta name=\"twitter:data1\" content=\"AM\" \/>\n\t<meta name=\"twitter:label2\" content=\"Gesch\u00e4tzte Lesezeit\" \/>\n\t<meta name=\"twitter:data2\" content=\"2\u00a0Minuten\" \/>\n<script type=\"application\/ld+json\" class=\"yoast-schema-graph\">{\"@context\":\"https:\/\/schema.org\",\"@graph\":[{\"@type\":\"Article\",\"@id\":\"https:\/\/phanimenal.de\/index.php\/2021\/01\/31\/eiichiro-oda-aeussert-sich-zum-finalen-5-jahres-plan-von-one-piece\/#article\",\"isPartOf\":{\"@id\":\"https:\/\/phanimenal.de\/index.php\/2021\/01\/31\/eiichiro-oda-aeussert-sich-zum-finalen-5-jahres-plan-von-one-piece\/\"},\"author\":{\"name\":\"AM\",\"@id\":\"https:\/\/phanimenal.de\/#\/schema\/person\/e1dd9265ac0385ecb373011a052bc293\"},\"headline\":\"Eiichiro Oda \u00e4u\u00dfert sich zum finalen 5-Jahres-Plan von One Piece\",\"datePublished\":\"2021-01-31T18:29:04+00:00\",\"dateModified\":\"2021-01-31T18:33:22+00:00\",\"mainEntityOfPage\":{\"@id\":\"https:\/\/phanimenal.de\/index.php\/2021\/01\/31\/eiichiro-oda-aeussert-sich-zum-finalen-5-jahres-plan-von-one-piece\/\"},\"wordCount\":355,\"publisher\":{\"@id\":\"https:\/\/phanimenal.de\/#organization\"},\"keywords\":[\"Eiichiro Oda\",\"one piece\"],\"articleSection\":[\"Anime\"],\"inLanguage\":\"de\",\"copyrightYear\":\"2021\",\"copyrightHolder\":{\"@id\":\"https:\/\/phanimenal.de\/#organization\"}},{\"@type\":\"WebPage\",\"@id\":\"https:\/\/phanimenal.de\/index.php\/2021\/01\/31\/eiichiro-oda-aeussert-sich-zum-finalen-5-jahres-plan-von-one-piece\/\",\"url\":\"https:\/\/phanimenal.de\/index.php\/2021\/01\/31\/eiichiro-oda-aeussert-sich-zum-finalen-5-jahres-plan-von-one-piece\/\",\"name\":\"Eiichiro Oda \u00e4u\u00dfert sich zum finalen 5-Jahres-Plan von One Piece - Phanimenal - T\u00e4glich interessante Anime News und Gaming News\",\"isPartOf\":{\"@id\":\"https:\/\/phanimenal.de\/#website\"},\"datePublished\":\"2021-01-31T18:29:04+00:00\",\"dateModified\":\"2021-01-31T18:33:22+00:00\",\"breadcrumb\":{\"@id\":\"https:\/\/phanimenal.de\/index.php\/2021\/01\/31\/eiichiro-oda-aeussert-sich-zum-finalen-5-jahres-plan-von-one-piece\/#breadcrumb\"},\"inLanguage\":\"de\",\"potentialAction\":[{\"@type\":\"ReadAction\",\"target\":[\"https:\/\/phanimenal.de\/index.php\/2021\/01\/31\/eiichiro-oda-aeussert-sich-zum-finalen-5-jahres-plan-von-one-piece\/\"]}]},{\"@type\":\"BreadcrumbList\",\"@id\":\"https:\/\/phanimenal.de\/index.php\/2021\/01\/31\/eiichiro-oda-aeussert-sich-zum-finalen-5-jahres-plan-von-one-piece\/#breadcrumb\",\"itemListElement\":[{\"@type\":\"ListItem\",\"position\":1,\"name\":\"Startseite\",\"item\":\"https:\/\/phanimenal.de\/\"},{\"@type\":\"ListItem\",\"position\":2,\"name\":\"Eiichiro Oda \u00e4u\u00dfert sich zum finalen 5-Jahres-Plan von One Piece\"}]},{\"@type\":\"WebSite\",\"@id\":\"https:\/\/phanimenal.de\/#website\",\"url\":\"https:\/\/phanimenal.de\/\",\"name\":\"Phanimenal - T\u00e4glich interessante Anime News und Gaming News\",\"description\":\"Auf Phanimenal findest du die aktuellsten Anime-News aus Japan und Deutschland\",\"publisher\":{\"@id\":\"https:\/\/phanimenal.de\/#organization\"},\"potentialAction\":[{\"@type\":\"SearchAction\",\"target\":{\"@type\":\"EntryPoint\",\"urlTemplate\":\"https:\/\/phanimenal.de\/?s={search_term_string}\"},\"query-input\":\"required name=search_term_string\"}],\"inLanguage\":\"de\"},{\"@type\":\"Organization\",\"@id\":\"https:\/\/phanimenal.de\/#organization\",\"name\":\"Phanimenal\",\"url\":\"https:\/\/phanimenal.de\/\",\"logo\":{\"@type\":\"ImageObject\",\"inLanguage\":\"de\",\"@id\":\"https:\/\/phanimenal.de\/#\/schema\/logo\/image\/\",\"url\":\"https:\/\/phanimenal.de\/wp-content\/uploads\/\/2016\/04\/logo.png\",\"contentUrl\":\"https:\/\/phanimenal.de\/wp-content\/uploads\/\/2016\/04\/logo.png\",\"width\":170,\"height\":70,\"caption\":\"Phanimenal\"},\"image\":{\"@id\":\"https:\/\/phanimenal.de\/#\/schema\/logo\/image\/\"},\"sameAs\":[\"https:\/\/www.facebook.com\/phanimenal\",\"https:\/\/www.instagram.com\/phanimenal\",\"https:\/\/www.youtube.com\/channel\/UCbK_Z9H_JoD0sWZeb2guVxw\"]},{\"@type\":\"Person\",\"@id\":\"https:\/\/phanimenal.de\/#\/schema\/person\/e1dd9265ac0385ecb373011a052bc293\",\"name\":\"AM\",\"image\":{\"@type\":\"ImageObject\",\"inLanguage\":\"de\",\"@id\":\"https:\/\/phanimenal.de\/#\/schema\/person\/image\/\",\"url\":\"https:\/\/secure.gravatar.com\/avatar\/87c965ccf859177fd81ae236167111a1?s=96&d=mm&r=g\",\"contentUrl\":\"https:\/\/secure.gravatar.com\/avatar\/87c965ccf859177fd81ae236167111a1?s=96&d=mm&r=g\",\"caption\":\"AM\"},\"sameAs\":[\"http:\/\/wp2.phanimenal.de\"],\"url\":\"https:\/\/phanimenal.de\/index.php\/author\/admin\/\"}]}<\/script>\n<!-- \/ Yoast SEO Premium plugin. -->","yoast_head_json":{"title":"Eiichiro Oda \u00e4u\u00dfert sich zum finalen 5-Jahres-Plan von One Piece - Phanimenal - T\u00e4glich interessante Anime News und Gaming News","robots":{"index":"index","follow":"follow","max-snippet":"max-snippet:-1","max-image-preview":"max-image-preview:large","max-video-preview":"max-video-preview:-1"},"canonical":"https:\/\/phanimenal.de\/index.php\/2021\/01\/31\/eiichiro-oda-aeussert-sich-zum-finalen-5-jahres-plan-von-one-piece\/","og_locale":"de_DE","og_type":"article","og_title":"Eiichiro Oda \u00e4u\u00dfert sich zum finalen 5-Jahres-Plan von One Piece","og_description":"Phanimenal - T\u00e4glich interessante Anime News und Gaming News","og_url":"https:\/\/phanimenal.de\/index.php\/2021\/01\/31\/eiichiro-oda-aeussert-sich-zum-finalen-5-jahres-plan-von-one-piece\/","og_site_name":"Phanimenal - T\u00e4glich interessante Anime News und Gaming News","article_publisher":"https:\/\/www.facebook.com\/phanimenal","article_published_time":"2021-01-31T18:29:04+00:00","article_modified_time":"2021-01-31T18:33:22+00:00","og_image":[{"width":998,"height":594,"url":"https:\/\/phanimenal.de\/wp-content\/uploads\/\/OnePiece-1.jpg","type":"image\/jpeg"}],"author":"AM","twitter_misc":{"Verfasst von":"AM","Gesch\u00e4tzte Lesezeit":"2\u00a0Minuten"},"schema":{"@context":"https:\/\/schema.org","@graph":[{"@type":"Article","@id":"https:\/\/phanimenal.de\/index.php\/2021\/01\/31\/eiichiro-oda-aeussert-sich-zum-finalen-5-jahres-plan-von-one-piece\/#article","isPartOf":{"@id":"https:\/\/phanimenal.de\/index.php\/2021\/01\/31\/eiichiro-oda-aeussert-sich-zum-finalen-5-jahres-plan-von-one-piece\/"},"author":{"name":"AM","@id":"https:\/\/phanimenal.de\/#\/schema\/person\/e1dd9265ac0385ecb373011a052bc293"},"headline":"Eiichiro Oda \u00e4u\u00dfert sich zum finalen 5-Jahres-Plan von One Piece","datePublished":"2021-01-31T18:29:04+00:00","dateModified":"2021-01-31T18:33:22+00:00","mainEntityOfPage":{"@id":"https:\/\/phanimenal.de\/index.php\/2021\/01\/31\/eiichiro-oda-aeussert-sich-zum-finalen-5-jahres-plan-von-one-piece\/"},"wordCount":355,"publisher":{"@id":"https:\/\/phanimenal.de\/#organization"},"keywords":["Eiichiro Oda","one piece"],"articleSection":["Anime"],"inLanguage":"de","copyrightYear":"2021","copyrightHolder":{"@id":"https:\/\/phanimenal.de\/#organization"}},{"@type":"WebPage","@id":"https:\/\/phanimenal.de\/index.php\/2021\/01\/31\/eiichiro-oda-aeussert-sich-zum-finalen-5-jahres-plan-von-one-piece\/","url":"https:\/\/phanimenal.de\/index.php\/2021\/01\/31\/eiichiro-oda-aeussert-sich-zum-finalen-5-jahres-plan-von-one-piece\/","name":"Eiichiro Oda \u00e4u\u00dfert sich zum finalen 5-Jahres-Plan von One Piece - Phanimenal - T\u00e4glich interessante Anime News und Gaming News","isPartOf":{"@id":"https:\/\/phanimenal.de\/#website"},"datePublished":"2021-01-31T18:29:04+00:00","dateModified":"2021-01-31T18:33:22+00:00","breadcrumb":{"@id":"https:\/\/phanimenal.de\/index.php\/2021\/01\/31\/eiichiro-oda-aeussert-sich-zum-finalen-5-jahres-plan-von-one-piece\/#breadcrumb"},"inLanguage":"de","potentialAction":[{"@type":"ReadAction","target":["https:\/\/phanimenal.de\/index.php\/2021\/01\/31\/eiichiro-oda-aeussert-sich-zum-finalen-5-jahres-plan-von-one-piece\/"]}]},{"@type":"BreadcrumbList","@id":"https:\/\/phanimenal.de\/index.php\/2021\/01\/31\/eiichiro-oda-aeussert-sich-zum-finalen-5-jahres-plan-von-one-piece\/#breadcrumb","itemListElement":[{"@type":"ListItem","position":1,"name":"Startseite","item":"https:\/\/phanimenal.de\/"},{"@type":"ListItem","position":2,"name":"Eiichiro Oda \u00e4u\u00dfert sich zum finalen 5-Jahres-Plan von One Piece"}]},{"@type":"WebSite","@id":"https:\/\/phanimenal.de\/#website","url":"https:\/\/phanimenal.de\/","name":"Phanimenal - T\u00e4glich interessante Anime News und Gaming News","description":"Auf Phanimenal findest du die aktuellsten Anime-News aus Japan und Deutschland","publisher":{"@id":"https:\/\/phanimenal.de\/#organization"},"potentialAction":[{"@type":"SearchAction","target":{"@type":"EntryPoint","urlTemplate":"https:\/\/phanimenal.de\/?s={search_term_string}"},"query-input":"required name=search_term_string"}],"inLanguage":"de"},{"@type":"Organization","@id":"https:\/\/phanimenal.de\/#organization","name":"Phanimenal","url":"https:\/\/phanimenal.de\/","logo":{"@type":"ImageObject","inLanguage":"de","@id":"https:\/\/phanimenal.de\/#\/schema\/logo\/image\/","url":"https:\/\/phanimenal.de\/wp-content\/uploads\/\/2016\/04\/logo.png","contentUrl":"https:\/\/phanimenal.de\/wp-content\/uploads\/\/2016\/04\/logo.png","width":170,"height":70,"caption":"Phanimenal"},"image":{"@id":"https:\/\/phanimenal.de\/#\/schema\/logo\/image\/"},"sameAs":["https:\/\/www.facebook.com\/phanimenal","https:\/\/www.instagram.com\/phanimenal","https:\/\/www.youtube.com\/channel\/UCbK_Z9H_JoD0sWZeb2guVxw"]},{"@type":"Person","@id":"https:\/\/phanimenal.de\/#\/schema\/person\/e1dd9265ac0385ecb373011a052bc293","name":"AM","image":{"@type":"ImageObject","inLanguage":"de","@id":"https:\/\/phanimenal.de\/#\/schema\/person\/image\/","url":"https:\/\/secure.gravatar.com\/avatar\/87c965ccf859177fd81ae236167111a1?s=96&d=mm&r=g","contentUrl":"https:\/\/secure.gravatar.com\/avatar\/87c965ccf859177fd81ae236167111a1?s=96&d=mm&r=g","caption":"AM"},"sameAs":["http:\/\/wp2.phanimenal.de"],"url":"https:\/\/phanimenal.de\/index.php\/author\/admin\/"}]}},"jetpack_featured_media_url":"https:\/\/phanimenal.de\/wp-content\/uploads\/\/OnePiece-1.jpg","_links":{"self":[{"href":"https:\/\/phanimenal.de\/index.php\/wp-json\/wp\/v2\/posts\/10799"}],"collection":[{"href":"https:\/\/phanimenal.de\/index.php\/wp-json\/wp\/v2\/posts"}],"about":[{"href":"https:\/\/phanimenal.de\/index.php\/wp-json\/wp\/v2\/types\/post"}],"author":[{"embeddable":true,"href":"https:\/\/phanimenal.de\/index.php\/wp-json\/wp\/v2\/users\/1"}],"replies":[{"embeddable":true,"href":"https:\/\/phanimenal.de\/index.php\/wp-json\/wp\/v2\/comments?post=10799"}],"version-history":[{"count":2,"href":"https:\/\/phanimenal.de\/index.php\/wp-json\/wp\/v2\/posts\/10799\/revisions"}],"predecessor-version":[{"id":10802,"href":"https:\/\/phanimenal.de\/index.php\/wp-json\/wp\/v2\/posts\/10799\/revisions\/10802"}],"wp:featuredmedia":[{"embeddable":true,"href":"https:\/\/phanimenal.de\/index.php\/wp-json\/wp\/v2\/media\/10803"}],"wp:attachment":[{"href":"https:\/\/phanimenal.de\/index.php\/wp-json\/wp\/v2\/media?parent=10799"}],"wp:term":[{"taxonomy":"category","embeddable":true,"href":"https:\/\/phanimenal.de\/index.php\/wp-json\/wp\/v2\/categories?post=10799"},{"taxonomy":"post_tag","embeddable":true,"href":"https:\/\/phanimenal.de\/index.php\/wp-json\/wp\/v2\/tags?post=10799"}],"curies":[{"name":"wp","href":"https:\/\/api.w.org\/{rel}","templated":true}]}}