{"id":11923,"date":"2022-05-08T07:27:29","date_gmt":"2022-05-08T05:27:29","guid":{"rendered":"https:\/\/phanimenal.de\/?p=11923"},"modified":"2022-05-08T07:27:47","modified_gmt":"2022-05-08T05:27:47","slug":"im-interview-eiichiro-oda-beschreibt-mutter-von-luffy","status":"publish","type":"post","link":"https:\/\/phanimenal.de\/index.php\/2022\/05\/08\/im-interview-eiichiro-oda-beschreibt-mutter-von-luffy\/","title":{"rendered":"Im Interview &#8211; Eiichiro Oda beschreibt die Mutter von Luffy"},"content":{"rendered":"<h2 style=\"text-align: center;\">Eiichiro Oda<\/h2>\n<p>Er ist der Sch\u00f6pfer von <a href=\"https:\/\/phanimenal.de\/?s=One+Piece\">One Piece<\/a> &#8211; ein besonderes Merkmal von Eiichiro Oda ist, dass er sich nicht zu schade ist, den Fans seine erschaffene Welt der Strohhutpiraten zu erkl\u00e4ren. So stellt er sich seit die Anime- und Manga-Serie durch die Decke ging immer wieder Fragen der Fans und geht auf ihre W\u00fcnsche ein. Auch vor kritischen Fragen scheut er sich nicht.<\/p>\n<p>Dabei kommt es durchaus zu am\u00fcsanten Momenten. Als er einem Interviewer erkl\u00e4ren musste, warum Frauen in One Piece gro\u00df gezeichnete Br\u00fcste haben, sagte er: &#8222;<em>Ich sage das immer wieder, aber ich erwecke nur die Tr\u00e4ume der Jungen zum Leben! Die ganze Menschheit auf Erden! Ich befehle euch, dass eure Br\u00fcste wachsen~!&#8220;<\/em><\/p>\n<h2 style=\"text-align: center;\">Mutter von <a href=\"https:\/\/phanimenal.de\/?s=Luffy\">Luffy<\/a><\/h2>\n<p>In einem \u00e4lteren Interview der amerikanischen Ausgabe von Shonen <a href=\"https:\/\/phanimenal.de\/?s=Jump\">Jump<\/a> \u00e4u\u00dferte der One Piece-Macher sich zu der Mutter von Luffy. Als der Interviewer ihn nach der damals unbekannten Gestalt fragte, antwortete Oda folgendes:<\/p>\n<p><em>\u201cIch glaube, sie ist am Leben. Ich denke immer noch intensiv dar\u00fcber nach. [Lacht] Aber wenn sie in der Geschichte auftaucht, dann wird sie eine sehr hart aussehende Frau sein. Und streng. Auf keinen Fall ist sie eine sch\u00f6ne Mutter. Sie hat dieses typische Dauerwellenhaar einer Frau mittleren Alters. Apropos Familie: Ich habe eine Hintergrundgeschichte f\u00fcr Nico Robin und ihre Familie geschrieben.<\/em><\/p>\n<p><em>Das war eigentlich das erste Mal, dass ich eine Mutter in der Erinnerung einer Figur gezeichnet habe. Bis zu diesem Zeitpunkt hatte ich noch nie eine Blutsverwandte gezeichnet. In Choppers Fall wird er als Sohn bezeichnet, obwohl er nicht blutsverwandt ist. Also habe ich dort eine Nachricht eingef\u00fcgt, die besagt, dass man auch jemanden, der nicht blutsverwandt ist, als Familie bezeichnen kann.<\/em><em>\u201d<\/em><\/p>\n<p>R\u00fcckblickend kann man sehen, dass diese Beschreibung genau auf Dadan zutrifft. Der Charakter wurde Anfang 2010 &#8211; nach dem eben zitierten Interview &#8211; offiziell eingef\u00fchrt. Dadan ist eine sehr streng aussehende und auch an sich strenge Person, sie ist definitiv keine sch\u00f6ne Mutter und sie hat dieses typische Dauerwellenhaar einer Frau mittleren Alters.<\/p>\n<p>Hier seht ihr ein Bild von ihr:<\/p>\n<figure id=\"attachment_11924\" aria-describedby=\"caption-attachment-11924\" style=\"width: 1024px\" class=\"wp-caption alignnone\"><img decoding=\"async\" loading=\"lazy\" class=\"size-full wp-image-11924\" src=\"https:\/\/phanimenal.de\/wp-content\/uploads\/\/static-assets-upload2915946139831605749-1024x556-1.jpg\" alt=\"\" width=\"1024\" height=\"556\" srcset=\"https:\/\/phanimenal.de\/wp-content\/uploads\/static-assets-upload2915946139831605749-1024x556-1.jpg 1024w, https:\/\/phanimenal.de\/wp-content\/uploads\/static-assets-upload2915946139831605749-1024x556-1-300x163.jpg 300w, https:\/\/phanimenal.de\/wp-content\/uploads\/static-assets-upload2915946139831605749-1024x556-1-768x417.jpg 768w\" sizes=\"(max-width: 1024px) 100vw, 1024px\" \/><figcaption id=\"caption-attachment-11924\" class=\"wp-caption-text\">Dadan in One Piece<\/figcaption><\/figure>\n","protected":false},"excerpt":{"rendered":"<p>Eiichiro Oda Er ist der Sch\u00f6pfer von <a href=\"https:\/\/phanimenal.de\/?s=One+Piece\">One Piece<\/a> &#8211; ein besonderes Merkmal von Eiichiro Oda ist, dass er sich<\/p>\n","protected":false},"author":1,"featured_media":10500,"comment_status":"closed","ping_status":"open","sticky":false,"template":"","format":"standard","meta":[],"categories":[2,1065],"tags":[916,510,207,124],"yoast_head":"<!-- This site is optimized with the Yoast SEO Premium plugin v20.2.1 (Yoast SEO v20.2.1) - https:\/\/yoast.com\/wordpress\/plugins\/seo\/ -->\n<title>Im Interview - Eiichiro Oda beschreibt die Mutter von Luffy - Phanimenal - T\u00e4glich interessante Anime News und Gaming News<\/title>\n<meta name=\"robots\" content=\"index, follow, max-snippet:-1, max-image-preview:large, max-video-preview:-1\" \/>\n<link rel=\"canonical\" href=\"https:\/\/phanimenal.de\/index.php\/2022\/05\/08\/im-interview-eiichiro-oda-beschreibt-mutter-von-luffy\/\" \/>\n<meta property=\"og:locale\" content=\"de_DE\" \/>\n<meta property=\"og:type\" content=\"article\" \/>\n<meta property=\"og:title\" content=\"Im Interview - Eiichiro Oda beschreibt die Mutter von Luffy\" \/>\n<meta property=\"og:description\" content=\"Phanimenal - T\u00e4glich interessante Anime News und Gaming News\" \/>\n<meta property=\"og:url\" content=\"https:\/\/phanimenal.de\/index.php\/2022\/05\/08\/im-interview-eiichiro-oda-beschreibt-mutter-von-luffy\/\" \/>\n<meta property=\"og:site_name\" content=\"Phanimenal - T\u00e4glich interessante Anime News und Gaming News\" \/>\n<meta property=\"article:publisher\" content=\"https:\/\/www.facebook.com\/phanimenal\" \/>\n<meta property=\"article:published_time\" content=\"2022-05-08T05:27:29+00:00\" \/>\n<meta property=\"article:modified_time\" content=\"2022-05-08T05:27:47+00:00\" \/>\n<meta property=\"og:image\" content=\"https:\/\/phanimenal.de\/wp-content\/uploads\/\/ZoroLuffyZorroLorenorRuffy.jpg\" \/>\n\t<meta property=\"og:image:width\" content=\"1218\" \/>\n\t<meta property=\"og:image:height\" content=\"655\" \/>\n\t<meta property=\"og:image:type\" content=\"image\/jpeg\" \/>\n<meta name=\"author\" content=\"AM\" \/>\n<meta name=\"twitter:label1\" content=\"Verfasst von\" \/>\n\t<meta name=\"twitter:data1\" content=\"AM\" \/>\n\t<meta name=\"twitter:label2\" content=\"Gesch\u00e4tzte Lesezeit\" \/>\n\t<meta name=\"twitter:data2\" content=\"2\u00a0Minuten\" \/>\n<script type=\"application\/ld+json\" class=\"yoast-schema-graph\">{\"@context\":\"https:\/\/schema.org\",\"@graph\":[{\"@type\":\"Article\",\"@id\":\"https:\/\/phanimenal.de\/index.php\/2022\/05\/08\/im-interview-eiichiro-oda-beschreibt-mutter-von-luffy\/#article\",\"isPartOf\":{\"@id\":\"https:\/\/phanimenal.de\/index.php\/2022\/05\/08\/im-interview-eiichiro-oda-beschreibt-mutter-von-luffy\/\"},\"author\":{\"name\":\"AM\",\"@id\":\"https:\/\/phanimenal.de\/#\/schema\/person\/e1dd9265ac0385ecb373011a052bc293\"},\"headline\":\"Im Interview &#8211; Eiichiro Oda beschreibt die Mutter von Luffy\",\"datePublished\":\"2022-05-08T05:27:29+00:00\",\"dateModified\":\"2022-05-08T05:27:47+00:00\",\"mainEntityOfPage\":{\"@id\":\"https:\/\/phanimenal.de\/index.php\/2022\/05\/08\/im-interview-eiichiro-oda-beschreibt-mutter-von-luffy\/\"},\"wordCount\":372,\"publisher\":{\"@id\":\"https:\/\/phanimenal.de\/#organization\"},\"keywords\":[\"dadan\",\"Eiichiro Oda\",\"Luffy\",\"one piece\"],\"articleSection\":[\"Anime\",\"Manga\"],\"inLanguage\":\"de\",\"copyrightYear\":\"2022\",\"copyrightHolder\":{\"@id\":\"https:\/\/phanimenal.de\/#organization\"}},{\"@type\":\"WebPage\",\"@id\":\"https:\/\/phanimenal.de\/index.php\/2022\/05\/08\/im-interview-eiichiro-oda-beschreibt-mutter-von-luffy\/\",\"url\":\"https:\/\/phanimenal.de\/index.php\/2022\/05\/08\/im-interview-eiichiro-oda-beschreibt-mutter-von-luffy\/\",\"name\":\"Im Interview - Eiichiro Oda beschreibt die Mutter von Luffy - Phanimenal - T\u00e4glich interessante Anime News und Gaming News\",\"isPartOf\":{\"@id\":\"https:\/\/phanimenal.de\/#website\"},\"datePublished\":\"2022-05-08T05:27:29+00:00\",\"dateModified\":\"2022-05-08T05:27:47+00:00\",\"breadcrumb\":{\"@id\":\"https:\/\/phanimenal.de\/index.php\/2022\/05\/08\/im-interview-eiichiro-oda-beschreibt-mutter-von-luffy\/#breadcrumb\"},\"inLanguage\":\"de\",\"potentialAction\":[{\"@type\":\"ReadAction\",\"target\":[\"https:\/\/phanimenal.de\/index.php\/2022\/05\/08\/im-interview-eiichiro-oda-beschreibt-mutter-von-luffy\/\"]}]},{\"@type\":\"BreadcrumbList\",\"@id\":\"https:\/\/phanimenal.de\/index.php\/2022\/05\/08\/im-interview-eiichiro-oda-beschreibt-mutter-von-luffy\/#breadcrumb\",\"itemListElement\":[{\"@type\":\"ListItem\",\"position\":1,\"name\":\"Startseite\",\"item\":\"https:\/\/phanimenal.de\/\"},{\"@type\":\"ListItem\",\"position\":2,\"name\":\"Im Interview &#8211; Eiichiro Oda beschreibt die Mutter von Luffy\"}]},{\"@type\":\"WebSite\",\"@id\":\"https:\/\/phanimenal.de\/#website\",\"url\":\"https:\/\/phanimenal.de\/\",\"name\":\"Phanimenal - T\u00e4glich interessante Anime News und Gaming News\",\"description\":\"Auf Phanimenal findest du die aktuellsten Anime-News aus Japan und Deutschland\",\"publisher\":{\"@id\":\"https:\/\/phanimenal.de\/#organization\"},\"potentialAction\":[{\"@type\":\"SearchAction\",\"target\":{\"@type\":\"EntryPoint\",\"urlTemplate\":\"https:\/\/phanimenal.de\/?s={search_term_string}\"},\"query-input\":\"required name=search_term_string\"}],\"inLanguage\":\"de\"},{\"@type\":\"Organization\",\"@id\":\"https:\/\/phanimenal.de\/#organization\",\"name\":\"Phanimenal\",\"url\":\"https:\/\/phanimenal.de\/\",\"logo\":{\"@type\":\"ImageObject\",\"inLanguage\":\"de\",\"@id\":\"https:\/\/phanimenal.de\/#\/schema\/logo\/image\/\",\"url\":\"https:\/\/phanimenal.de\/wp-content\/uploads\/\/2016\/04\/logo.png\",\"contentUrl\":\"https:\/\/phanimenal.de\/wp-content\/uploads\/\/2016\/04\/logo.png\",\"width\":170,\"height\":70,\"caption\":\"Phanimenal\"},\"image\":{\"@id\":\"https:\/\/phanimenal.de\/#\/schema\/logo\/image\/\"},\"sameAs\":[\"https:\/\/www.facebook.com\/phanimenal\",\"https:\/\/www.instagram.com\/phanimenal\",\"https:\/\/www.youtube.com\/channel\/UCbK_Z9H_JoD0sWZeb2guVxw\"]},{\"@type\":\"Person\",\"@id\":\"https:\/\/phanimenal.de\/#\/schema\/person\/e1dd9265ac0385ecb373011a052bc293\",\"name\":\"AM\",\"image\":{\"@type\":\"ImageObject\",\"inLanguage\":\"de\",\"@id\":\"https:\/\/phanimenal.de\/#\/schema\/person\/image\/\",\"url\":\"https:\/\/secure.gravatar.com\/avatar\/87c965ccf859177fd81ae236167111a1?s=96&d=mm&r=g\",\"contentUrl\":\"https:\/\/secure.gravatar.com\/avatar\/87c965ccf859177fd81ae236167111a1?s=96&d=mm&r=g\",\"caption\":\"AM\"},\"sameAs\":[\"http:\/\/wp2.phanimenal.de\"],\"url\":\"https:\/\/phanimenal.de\/index.php\/author\/admin\/\"}]}<\/script>\n<!-- \/ Yoast SEO Premium plugin. -->","yoast_head_json":{"title":"Im Interview - Eiichiro Oda beschreibt die Mutter von Luffy - Phanimenal - T\u00e4glich interessante Anime News und Gaming News","robots":{"index":"index","follow":"follow","max-snippet":"max-snippet:-1","max-image-preview":"max-image-preview:large","max-video-preview":"max-video-preview:-1"},"canonical":"https:\/\/phanimenal.de\/index.php\/2022\/05\/08\/im-interview-eiichiro-oda-beschreibt-mutter-von-luffy\/","og_locale":"de_DE","og_type":"article","og_title":"Im Interview - Eiichiro Oda beschreibt die Mutter von Luffy","og_description":"Phanimenal - T\u00e4glich interessante Anime News und Gaming News","og_url":"https:\/\/phanimenal.de\/index.php\/2022\/05\/08\/im-interview-eiichiro-oda-beschreibt-mutter-von-luffy\/","og_site_name":"Phanimenal - T\u00e4glich interessante Anime News und Gaming News","article_publisher":"https:\/\/www.facebook.com\/phanimenal","article_published_time":"2022-05-08T05:27:29+00:00","article_modified_time":"2022-05-08T05:27:47+00:00","og_image":[{"width":1218,"height":655,"url":"https:\/\/phanimenal.de\/wp-content\/uploads\/\/ZoroLuffyZorroLorenorRuffy.jpg","type":"image\/jpeg"}],"author":"AM","twitter_misc":{"Verfasst von":"AM","Gesch\u00e4tzte Lesezeit":"2\u00a0Minuten"},"schema":{"@context":"https:\/\/schema.org","@graph":[{"@type":"Article","@id":"https:\/\/phanimenal.de\/index.php\/2022\/05\/08\/im-interview-eiichiro-oda-beschreibt-mutter-von-luffy\/#article","isPartOf":{"@id":"https:\/\/phanimenal.de\/index.php\/2022\/05\/08\/im-interview-eiichiro-oda-beschreibt-mutter-von-luffy\/"},"author":{"name":"AM","@id":"https:\/\/phanimenal.de\/#\/schema\/person\/e1dd9265ac0385ecb373011a052bc293"},"headline":"Im Interview &#8211; Eiichiro Oda beschreibt die Mutter von Luffy","datePublished":"2022-05-08T05:27:29+00:00","dateModified":"2022-05-08T05:27:47+00:00","mainEntityOfPage":{"@id":"https:\/\/phanimenal.de\/index.php\/2022\/05\/08\/im-interview-eiichiro-oda-beschreibt-mutter-von-luffy\/"},"wordCount":372,"publisher":{"@id":"https:\/\/phanimenal.de\/#organization"},"keywords":["dadan","Eiichiro Oda","Luffy","one piece"],"articleSection":["Anime","Manga"],"inLanguage":"de","copyrightYear":"2022","copyrightHolder":{"@id":"https:\/\/phanimenal.de\/#organization"}},{"@type":"WebPage","@id":"https:\/\/phanimenal.de\/index.php\/2022\/05\/08\/im-interview-eiichiro-oda-beschreibt-mutter-von-luffy\/","url":"https:\/\/phanimenal.de\/index.php\/2022\/05\/08\/im-interview-eiichiro-oda-beschreibt-mutter-von-luffy\/","name":"Im Interview - Eiichiro Oda beschreibt die Mutter von Luffy - Phanimenal - T\u00e4glich interessante Anime News und Gaming News","isPartOf":{"@id":"https:\/\/phanimenal.de\/#website"},"datePublished":"2022-05-08T05:27:29+00:00","dateModified":"2022-05-08T05:27:47+00:00","breadcrumb":{"@id":"https:\/\/phanimenal.de\/index.php\/2022\/05\/08\/im-interview-eiichiro-oda-beschreibt-mutter-von-luffy\/#breadcrumb"},"inLanguage":"de","potentialAction":[{"@type":"ReadAction","target":["https:\/\/phanimenal.de\/index.php\/2022\/05\/08\/im-interview-eiichiro-oda-beschreibt-mutter-von-luffy\/"]}]},{"@type":"BreadcrumbList","@id":"https:\/\/phanimenal.de\/index.php\/2022\/05\/08\/im-interview-eiichiro-oda-beschreibt-mutter-von-luffy\/#breadcrumb","itemListElement":[{"@type":"ListItem","position":1,"name":"Startseite","item":"https:\/\/phanimenal.de\/"},{"@type":"ListItem","position":2,"name":"Im Interview &#8211; Eiichiro Oda beschreibt die Mutter von Luffy"}]},{"@type":"WebSite","@id":"https:\/\/phanimenal.de\/#website","url":"https:\/\/phanimenal.de\/","name":"Phanimenal - T\u00e4glich interessante Anime News und Gaming News","description":"Auf Phanimenal findest du die aktuellsten Anime-News aus Japan und Deutschland","publisher":{"@id":"https:\/\/phanimenal.de\/#organization"},"potentialAction":[{"@type":"SearchAction","target":{"@type":"EntryPoint","urlTemplate":"https:\/\/phanimenal.de\/?s={search_term_string}"},"query-input":"required name=search_term_string"}],"inLanguage":"de"},{"@type":"Organization","@id":"https:\/\/phanimenal.de\/#organization","name":"Phanimenal","url":"https:\/\/phanimenal.de\/","logo":{"@type":"ImageObject","inLanguage":"de","@id":"https:\/\/phanimenal.de\/#\/schema\/logo\/image\/","url":"https:\/\/phanimenal.de\/wp-content\/uploads\/\/2016\/04\/logo.png","contentUrl":"https:\/\/phanimenal.de\/wp-content\/uploads\/\/2016\/04\/logo.png","width":170,"height":70,"caption":"Phanimenal"},"image":{"@id":"https:\/\/phanimenal.de\/#\/schema\/logo\/image\/"},"sameAs":["https:\/\/www.facebook.com\/phanimenal","https:\/\/www.instagram.com\/phanimenal","https:\/\/www.youtube.com\/channel\/UCbK_Z9H_JoD0sWZeb2guVxw"]},{"@type":"Person","@id":"https:\/\/phanimenal.de\/#\/schema\/person\/e1dd9265ac0385ecb373011a052bc293","name":"AM","image":{"@type":"ImageObject","inLanguage":"de","@id":"https:\/\/phanimenal.de\/#\/schema\/person\/image\/","url":"https:\/\/secure.gravatar.com\/avatar\/87c965ccf859177fd81ae236167111a1?s=96&d=mm&r=g","contentUrl":"https:\/\/secure.gravatar.com\/avatar\/87c965ccf859177fd81ae236167111a1?s=96&d=mm&r=g","caption":"AM"},"sameAs":["http:\/\/wp2.phanimenal.de"],"url":"https:\/\/phanimenal.de\/index.php\/author\/admin\/"}]}},"jetpack_featured_media_url":"https:\/\/phanimenal.de\/wp-content\/uploads\/\/ZoroLuffyZorroLorenorRuffy.jpg","_links":{"self":[{"href":"https:\/\/phanimenal.de\/index.php\/wp-json\/wp\/v2\/posts\/11923"}],"collection":[{"href":"https:\/\/phanimenal.de\/index.php\/wp-json\/wp\/v2\/posts"}],"about":[{"href":"https:\/\/phanimenal.de\/index.php\/wp-json\/wp\/v2\/types\/post"}],"author":[{"embeddable":true,"href":"https:\/\/phanimenal.de\/index.php\/wp-json\/wp\/v2\/users\/1"}],"replies":[{"embeddable":true,"href":"https:\/\/phanimenal.de\/index.php\/wp-json\/wp\/v2\/comments?post=11923"}],"version-history":[{"count":5,"href":"https:\/\/phanimenal.de\/index.php\/wp-json\/wp\/v2\/posts\/11923\/revisions"}],"predecessor-version":[{"id":14072,"href":"https:\/\/phanimenal.de\/index.php\/wp-json\/wp\/v2\/posts\/11923\/revisions\/14072"}],"wp:featuredmedia":[{"embeddable":true,"href":"https:\/\/phanimenal.de\/index.php\/wp-json\/wp\/v2\/media\/10500"}],"wp:attachment":[{"href":"https:\/\/phanimenal.de\/index.php\/wp-json\/wp\/v2\/media?parent=11923"}],"wp:term":[{"taxonomy":"category","embeddable":true,"href":"https:\/\/phanimenal.de\/index.php\/wp-json\/wp\/v2\/categories?post=11923"},{"taxonomy":"post_tag","embeddable":true,"href":"https:\/\/phanimenal.de\/index.php\/wp-json\/wp\/v2\/tags?post=11923"}],"curies":[{"name":"wp","href":"https:\/\/api.w.org\/{rel}","templated":true}]}}