{"id":1228,"date":"2017-03-23T02:28:23","date_gmt":"2017-03-23T01:28:23","guid":{"rendered":"http:\/\/news.phanimenal.de\/?p=1228"},"modified":"2017-03-23T02:28:23","modified_gmt":"2017-03-23T01:28:23","slug":"heute-am-23-03-2017-wurde-der-naruto-anime-nach-15-jahren-beendet","status":"publish","type":"post","link":"https:\/\/phanimenal.de\/index.php\/2017\/03\/23\/heute-am-23-03-2017-wurde-der-naruto-anime-nach-15-jahren-beendet\/","title":{"rendered":"Heute, am 23.03.2017, wurde der Naruto Anime nach 15 Jahren beendet!"},"content":{"rendered":"<p><strong>Jeder Anime-Fan kennt es:<\/strong> das Gef\u00fchl der Leere, wenn ein Anime endet. Noch schlimmer ist dieses Gef\u00fchl, wenn dich dieser Anime von deiner Kindheit, bis hin zum Erwachsenem Alter begleitet hat und du jede Woche ihn verfolgt hast. Und das ganze 15 Jahre lang.<\/p>\n<h3 style=\"text-align: center;\"><a href=\"https:\/\/phanimenal.de\/?s=Boruto\">Boruto<\/a>: <a href=\"https:\/\/phanimenal.de\/?s=Naruto\">Naruto<\/a> die n\u00e4chste Generation<\/h3>\n<p>Es ist schon ziemlich traurig, aber irgendwo ist es auch gut, dass eine Geschichte abgeschlossen wird. Und f\u00fcr die unter uns, die nicht genug von &#8222;Naruto&#8220; kriegen k\u00f6nnen, gibt es zum Gl\u00fcck demn\u00e4chst &#8222;Boruto: Naruto die n\u00e4chste Generation&#8220;.<\/p>\n<p>Wie sagt man so sch\u00f6n, schlie\u00dft sich eine T\u00fcr, \u00f6ffnet sich die n\u00e4chste! Wer von euch wird Boruto schauen? Schreibt eure Meinung in die Kommentare!<\/p>\n<p>Hier nochmal f\u00fcr die Nostalgie das erste Opening von Naruto:<\/p>\n<div class=\"lyte-wrapper fourthree\" style=\"width:420px;max-width:100%;margin:5px;\"><div class=\"lyMe\" id=\"WYL_1OKL4Iyyzt4\"><div id=\"lyte_1OKL4Iyyzt4\" data-src=\"\/\/i.ytimg.com\/vi\/1OKL4Iyyzt4\/hqdefault.jpg\" class=\"pL\"><div class=\"tC\"><div class=\"tT\"><\/div><\/div><div class=\"play\"><\/div><div class=\"ctrl\"><div class=\"Lctrl\"><\/div><div class=\"Rctrl\"><\/div><\/div><\/div><noscript><a href=\"https:\/\/youtu.be\/1OKL4Iyyzt4\" rel=\"nofollow\"><img src=\"https:\/\/i.ytimg.com\/vi\/1OKL4Iyyzt4\/0.jpg\" alt=\"YouTube-Video-Thumbnail\" width=\"420\" height=\"295\" \/><br \/>Dieses Video auf YouTube ansehen<\/a><\/noscript><\/div><\/div><div class=\"lL\" style=\"max-width:100%;width:420px;margin:5px;\"><\/div><\/p>\n","protected":false},"excerpt":{"rendered":"<p>Jeder Anime-Fan kennt es: das Gef\u00fchl der Leere, wenn ein Anime endet. Noch schlimmer ist dieses Gef\u00fchl, wenn dich dieser<\/p>\n","protected":false},"author":1,"featured_media":831,"comment_status":"open","ping_status":"open","sticky":false,"template":"","format":"standard","meta":[],"categories":[2],"tags":[],"yoast_head":"<!-- This site is optimized with the Yoast SEO Premium plugin v20.2.1 (Yoast SEO v20.2.1) - https:\/\/yoast.com\/wordpress\/plugins\/seo\/ -->\n<title>Heute, am 23.03.2017, wurde der Naruto Anime nach 15 Jahren beendet! - Phanimenal - T\u00e4glich interessante Anime News und Gaming News<\/title>\n<meta name=\"robots\" content=\"index, follow, max-snippet:-1, max-image-preview:large, max-video-preview:-1\" \/>\n<link rel=\"canonical\" href=\"https:\/\/phanimenal.de\/index.php\/2017\/03\/23\/heute-am-23-03-2017-wurde-der-naruto-anime-nach-15-jahren-beendet\/\" \/>\n<meta property=\"og:locale\" content=\"de_DE\" \/>\n<meta property=\"og:type\" content=\"article\" \/>\n<meta property=\"og:title\" content=\"Heute, am 23.03.2017, wurde der Naruto Anime nach 15 Jahren beendet!\" \/>\n<meta property=\"og:description\" content=\"Jeder Anime-Fan kennt es: das Gef\u00fchl der Leere, wenn ein Anime endet.\" \/>\n<meta property=\"og:url\" content=\"https:\/\/phanimenal.de\/index.php\/2017\/03\/23\/heute-am-23-03-2017-wurde-der-naruto-anime-nach-15-jahren-beendet\/\" \/>\n<meta property=\"og:site_name\" content=\"Phanimenal - T\u00e4glich interessante Anime News und Gaming News\" \/>\n<meta property=\"article:publisher\" content=\"https:\/\/www.facebook.com\/phanimenal\" \/>\n<meta property=\"article:published_time\" content=\"2017-03-23T01:28:23+00:00\" \/>\n<meta property=\"og:image\" content=\"https:\/\/phanimenal.de\/wp-content\/uploads\/\/2017\/02\/NarutoHinata.jpg\" \/>\n\t<meta property=\"og:image:width\" content=\"998\" \/>\n\t<meta property=\"og:image:height\" content=\"594\" \/>\n\t<meta property=\"og:image:type\" content=\"image\/jpeg\" \/>\n<meta name=\"author\" content=\"AM\" \/>\n<meta name=\"twitter:label1\" content=\"Verfasst von\" \/>\n\t<meta name=\"twitter:data1\" content=\"AM\" \/>\n\t<meta name=\"twitter:label2\" content=\"Gesch\u00e4tzte Lesezeit\" \/>\n\t<meta name=\"twitter:data2\" content=\"1\u00a0Minute\" \/>\n<script type=\"application\/ld+json\" class=\"yoast-schema-graph\">{\"@context\":\"https:\/\/schema.org\",\"@graph\":[{\"@type\":\"Article\",\"@id\":\"https:\/\/phanimenal.de\/index.php\/2017\/03\/23\/heute-am-23-03-2017-wurde-der-naruto-anime-nach-15-jahren-beendet\/#article\",\"isPartOf\":{\"@id\":\"https:\/\/phanimenal.de\/index.php\/2017\/03\/23\/heute-am-23-03-2017-wurde-der-naruto-anime-nach-15-jahren-beendet\/\"},\"author\":{\"name\":\"AM\",\"@id\":\"https:\/\/phanimenal.de\/#\/schema\/person\/e1dd9265ac0385ecb373011a052bc293\"},\"headline\":\"Heute, am 23.03.2017, wurde der Naruto Anime nach 15 Jahren beendet!\",\"datePublished\":\"2017-03-23T01:28:23+00:00\",\"dateModified\":\"2017-03-23T01:28:23+00:00\",\"mainEntityOfPage\":{\"@id\":\"https:\/\/phanimenal.de\/index.php\/2017\/03\/23\/heute-am-23-03-2017-wurde-der-naruto-anime-nach-15-jahren-beendet\/\"},\"wordCount\":153,\"commentCount\":0,\"publisher\":{\"@id\":\"https:\/\/phanimenal.de\/#organization\"},\"articleSection\":[\"Anime\"],\"inLanguage\":\"de\",\"potentialAction\":[{\"@type\":\"CommentAction\",\"name\":\"Comment\",\"target\":[\"https:\/\/phanimenal.de\/index.php\/2017\/03\/23\/heute-am-23-03-2017-wurde-der-naruto-anime-nach-15-jahren-beendet\/#respond\"]}],\"copyrightYear\":\"2017\",\"copyrightHolder\":{\"@id\":\"https:\/\/phanimenal.de\/#organization\"}},{\"@type\":\"WebPage\",\"@id\":\"https:\/\/phanimenal.de\/index.php\/2017\/03\/23\/heute-am-23-03-2017-wurde-der-naruto-anime-nach-15-jahren-beendet\/\",\"url\":\"https:\/\/phanimenal.de\/index.php\/2017\/03\/23\/heute-am-23-03-2017-wurde-der-naruto-anime-nach-15-jahren-beendet\/\",\"name\":\"Heute, am 23.03.2017, wurde der Naruto Anime nach 15 Jahren beendet! - Phanimenal - T\u00e4glich interessante Anime News und Gaming News\",\"isPartOf\":{\"@id\":\"https:\/\/phanimenal.de\/#website\"},\"datePublished\":\"2017-03-23T01:28:23+00:00\",\"dateModified\":\"2017-03-23T01:28:23+00:00\",\"breadcrumb\":{\"@id\":\"https:\/\/phanimenal.de\/index.php\/2017\/03\/23\/heute-am-23-03-2017-wurde-der-naruto-anime-nach-15-jahren-beendet\/#breadcrumb\"},\"inLanguage\":\"de\",\"potentialAction\":[{\"@type\":\"ReadAction\",\"target\":[\"https:\/\/phanimenal.de\/index.php\/2017\/03\/23\/heute-am-23-03-2017-wurde-der-naruto-anime-nach-15-jahren-beendet\/\"]}]},{\"@type\":\"BreadcrumbList\",\"@id\":\"https:\/\/phanimenal.de\/index.php\/2017\/03\/23\/heute-am-23-03-2017-wurde-der-naruto-anime-nach-15-jahren-beendet\/#breadcrumb\",\"itemListElement\":[{\"@type\":\"ListItem\",\"position\":1,\"name\":\"Startseite\",\"item\":\"https:\/\/phanimenal.de\/\"},{\"@type\":\"ListItem\",\"position\":2,\"name\":\"Heute, am 23.03.2017, wurde der Naruto Anime nach 15 Jahren beendet!\"}]},{\"@type\":\"WebSite\",\"@id\":\"https:\/\/phanimenal.de\/#website\",\"url\":\"https:\/\/phanimenal.de\/\",\"name\":\"Phanimenal - T\u00e4glich interessante Anime News und Gaming News\",\"description\":\"Auf Phanimenal findest du die aktuellsten Anime-News aus Japan und Deutschland\",\"publisher\":{\"@id\":\"https:\/\/phanimenal.de\/#organization\"},\"potentialAction\":[{\"@type\":\"SearchAction\",\"target\":{\"@type\":\"EntryPoint\",\"urlTemplate\":\"https:\/\/phanimenal.de\/?s={search_term_string}\"},\"query-input\":\"required name=search_term_string\"}],\"inLanguage\":\"de\"},{\"@type\":\"Organization\",\"@id\":\"https:\/\/phanimenal.de\/#organization\",\"name\":\"Phanimenal\",\"url\":\"https:\/\/phanimenal.de\/\",\"logo\":{\"@type\":\"ImageObject\",\"inLanguage\":\"de\",\"@id\":\"https:\/\/phanimenal.de\/#\/schema\/logo\/image\/\",\"url\":\"https:\/\/phanimenal.de\/wp-content\/uploads\/\/2016\/04\/logo.png\",\"contentUrl\":\"https:\/\/phanimenal.de\/wp-content\/uploads\/\/2016\/04\/logo.png\",\"width\":170,\"height\":70,\"caption\":\"Phanimenal\"},\"image\":{\"@id\":\"https:\/\/phanimenal.de\/#\/schema\/logo\/image\/\"},\"sameAs\":[\"https:\/\/www.facebook.com\/phanimenal\",\"https:\/\/www.instagram.com\/phanimenal\",\"https:\/\/www.youtube.com\/channel\/UCbK_Z9H_JoD0sWZeb2guVxw\"]},{\"@type\":\"Person\",\"@id\":\"https:\/\/phanimenal.de\/#\/schema\/person\/e1dd9265ac0385ecb373011a052bc293\",\"name\":\"AM\",\"image\":{\"@type\":\"ImageObject\",\"inLanguage\":\"de\",\"@id\":\"https:\/\/phanimenal.de\/#\/schema\/person\/image\/\",\"url\":\"https:\/\/secure.gravatar.com\/avatar\/87c965ccf859177fd81ae236167111a1?s=96&d=mm&r=g\",\"contentUrl\":\"https:\/\/secure.gravatar.com\/avatar\/87c965ccf859177fd81ae236167111a1?s=96&d=mm&r=g\",\"caption\":\"AM\"},\"sameAs\":[\"http:\/\/wp2.phanimenal.de\"],\"url\":\"https:\/\/phanimenal.de\/index.php\/author\/admin\/\"}]}<\/script>\n<!-- \/ Yoast SEO Premium plugin. -->","yoast_head_json":{"title":"Heute, am 23.03.2017, wurde der Naruto Anime nach 15 Jahren beendet! - Phanimenal - T\u00e4glich interessante Anime News und Gaming News","robots":{"index":"index","follow":"follow","max-snippet":"max-snippet:-1","max-image-preview":"max-image-preview:large","max-video-preview":"max-video-preview:-1"},"canonical":"https:\/\/phanimenal.de\/index.php\/2017\/03\/23\/heute-am-23-03-2017-wurde-der-naruto-anime-nach-15-jahren-beendet\/","og_locale":"de_DE","og_type":"article","og_title":"Heute, am 23.03.2017, wurde der Naruto Anime nach 15 Jahren beendet!","og_description":"Jeder Anime-Fan kennt es: das Gef\u00fchl der Leere, wenn ein Anime endet.","og_url":"https:\/\/phanimenal.de\/index.php\/2017\/03\/23\/heute-am-23-03-2017-wurde-der-naruto-anime-nach-15-jahren-beendet\/","og_site_name":"Phanimenal - T\u00e4glich interessante Anime News und Gaming News","article_publisher":"https:\/\/www.facebook.com\/phanimenal","article_published_time":"2017-03-23T01:28:23+00:00","og_image":[{"width":998,"height":594,"url":"https:\/\/phanimenal.de\/wp-content\/uploads\/\/2017\/02\/NarutoHinata.jpg","type":"image\/jpeg"}],"author":"AM","twitter_misc":{"Verfasst von":"AM","Gesch\u00e4tzte Lesezeit":"1\u00a0Minute"},"schema":{"@context":"https:\/\/schema.org","@graph":[{"@type":"Article","@id":"https:\/\/phanimenal.de\/index.php\/2017\/03\/23\/heute-am-23-03-2017-wurde-der-naruto-anime-nach-15-jahren-beendet\/#article","isPartOf":{"@id":"https:\/\/phanimenal.de\/index.php\/2017\/03\/23\/heute-am-23-03-2017-wurde-der-naruto-anime-nach-15-jahren-beendet\/"},"author":{"name":"AM","@id":"https:\/\/phanimenal.de\/#\/schema\/person\/e1dd9265ac0385ecb373011a052bc293"},"headline":"Heute, am 23.03.2017, wurde der Naruto Anime nach 15 Jahren beendet!","datePublished":"2017-03-23T01:28:23+00:00","dateModified":"2017-03-23T01:28:23+00:00","mainEntityOfPage":{"@id":"https:\/\/phanimenal.de\/index.php\/2017\/03\/23\/heute-am-23-03-2017-wurde-der-naruto-anime-nach-15-jahren-beendet\/"},"wordCount":153,"commentCount":0,"publisher":{"@id":"https:\/\/phanimenal.de\/#organization"},"articleSection":["Anime"],"inLanguage":"de","potentialAction":[{"@type":"CommentAction","name":"Comment","target":["https:\/\/phanimenal.de\/index.php\/2017\/03\/23\/heute-am-23-03-2017-wurde-der-naruto-anime-nach-15-jahren-beendet\/#respond"]}],"copyrightYear":"2017","copyrightHolder":{"@id":"https:\/\/phanimenal.de\/#organization"}},{"@type":"WebPage","@id":"https:\/\/phanimenal.de\/index.php\/2017\/03\/23\/heute-am-23-03-2017-wurde-der-naruto-anime-nach-15-jahren-beendet\/","url":"https:\/\/phanimenal.de\/index.php\/2017\/03\/23\/heute-am-23-03-2017-wurde-der-naruto-anime-nach-15-jahren-beendet\/","name":"Heute, am 23.03.2017, wurde der Naruto Anime nach 15 Jahren beendet! - Phanimenal - T\u00e4glich interessante Anime News und Gaming News","isPartOf":{"@id":"https:\/\/phanimenal.de\/#website"},"datePublished":"2017-03-23T01:28:23+00:00","dateModified":"2017-03-23T01:28:23+00:00","breadcrumb":{"@id":"https:\/\/phanimenal.de\/index.php\/2017\/03\/23\/heute-am-23-03-2017-wurde-der-naruto-anime-nach-15-jahren-beendet\/#breadcrumb"},"inLanguage":"de","potentialAction":[{"@type":"ReadAction","target":["https:\/\/phanimenal.de\/index.php\/2017\/03\/23\/heute-am-23-03-2017-wurde-der-naruto-anime-nach-15-jahren-beendet\/"]}]},{"@type":"BreadcrumbList","@id":"https:\/\/phanimenal.de\/index.php\/2017\/03\/23\/heute-am-23-03-2017-wurde-der-naruto-anime-nach-15-jahren-beendet\/#breadcrumb","itemListElement":[{"@type":"ListItem","position":1,"name":"Startseite","item":"https:\/\/phanimenal.de\/"},{"@type":"ListItem","position":2,"name":"Heute, am 23.03.2017, wurde der Naruto Anime nach 15 Jahren beendet!"}]},{"@type":"WebSite","@id":"https:\/\/phanimenal.de\/#website","url":"https:\/\/phanimenal.de\/","name":"Phanimenal - T\u00e4glich interessante Anime News und Gaming News","description":"Auf Phanimenal findest du die aktuellsten Anime-News aus Japan und Deutschland","publisher":{"@id":"https:\/\/phanimenal.de\/#organization"},"potentialAction":[{"@type":"SearchAction","target":{"@type":"EntryPoint","urlTemplate":"https:\/\/phanimenal.de\/?s={search_term_string}"},"query-input":"required name=search_term_string"}],"inLanguage":"de"},{"@type":"Organization","@id":"https:\/\/phanimenal.de\/#organization","name":"Phanimenal","url":"https:\/\/phanimenal.de\/","logo":{"@type":"ImageObject","inLanguage":"de","@id":"https:\/\/phanimenal.de\/#\/schema\/logo\/image\/","url":"https:\/\/phanimenal.de\/wp-content\/uploads\/\/2016\/04\/logo.png","contentUrl":"https:\/\/phanimenal.de\/wp-content\/uploads\/\/2016\/04\/logo.png","width":170,"height":70,"caption":"Phanimenal"},"image":{"@id":"https:\/\/phanimenal.de\/#\/schema\/logo\/image\/"},"sameAs":["https:\/\/www.facebook.com\/phanimenal","https:\/\/www.instagram.com\/phanimenal","https:\/\/www.youtube.com\/channel\/UCbK_Z9H_JoD0sWZeb2guVxw"]},{"@type":"Person","@id":"https:\/\/phanimenal.de\/#\/schema\/person\/e1dd9265ac0385ecb373011a052bc293","name":"AM","image":{"@type":"ImageObject","inLanguage":"de","@id":"https:\/\/phanimenal.de\/#\/schema\/person\/image\/","url":"https:\/\/secure.gravatar.com\/avatar\/87c965ccf859177fd81ae236167111a1?s=96&d=mm&r=g","contentUrl":"https:\/\/secure.gravatar.com\/avatar\/87c965ccf859177fd81ae236167111a1?s=96&d=mm&r=g","caption":"AM"},"sameAs":["http:\/\/wp2.phanimenal.de"],"url":"https:\/\/phanimenal.de\/index.php\/author\/admin\/"}]}},"jetpack_featured_media_url":"https:\/\/phanimenal.de\/wp-content\/uploads\/\/2017\/02\/NarutoHinata.jpg","_links":{"self":[{"href":"https:\/\/phanimenal.de\/index.php\/wp-json\/wp\/v2\/posts\/1228"}],"collection":[{"href":"https:\/\/phanimenal.de\/index.php\/wp-json\/wp\/v2\/posts"}],"about":[{"href":"https:\/\/phanimenal.de\/index.php\/wp-json\/wp\/v2\/types\/post"}],"author":[{"embeddable":true,"href":"https:\/\/phanimenal.de\/index.php\/wp-json\/wp\/v2\/users\/1"}],"replies":[{"embeddable":true,"href":"https:\/\/phanimenal.de\/index.php\/wp-json\/wp\/v2\/comments?post=1228"}],"version-history":[{"count":0,"href":"https:\/\/phanimenal.de\/index.php\/wp-json\/wp\/v2\/posts\/1228\/revisions"}],"wp:featuredmedia":[{"embeddable":true,"href":"https:\/\/phanimenal.de\/index.php\/wp-json\/wp\/v2\/media\/831"}],"wp:attachment":[{"href":"https:\/\/phanimenal.de\/index.php\/wp-json\/wp\/v2\/media?parent=1228"}],"wp:term":[{"taxonomy":"category","embeddable":true,"href":"https:\/\/phanimenal.de\/index.php\/wp-json\/wp\/v2\/categories?post=1228"},{"taxonomy":"post_tag","embeddable":true,"href":"https:\/\/phanimenal.de\/index.php\/wp-json\/wp\/v2\/tags?post=1228"}],"curies":[{"name":"wp","href":"https:\/\/api.w.org\/{rel}","templated":true}]}}