{"id":13407,"date":"2022-03-28T01:58:45","date_gmt":"2022-03-27T23:58:45","guid":{"rendered":"https:\/\/phanimenal.de\/?p=13407"},"modified":"2023-06-28T21:51:09","modified_gmt":"2023-06-28T19:51:09","slug":"eiichiro-oda-hat-das-neueste-power-up-von-luffy-schon-von-anfang-an-geplant","status":"publish","type":"post","link":"https:\/\/phanimenal.de\/index.php\/2022\/03\/28\/eiichiro-oda-hat-das-neueste-power-up-von-luffy-schon-von-anfang-an-geplant\/","title":{"rendered":"Eiichiro Oda hat das neueste Power-Up von Luffy schon von Anfang an geplant"},"content":{"rendered":"<p><span style=\"color: #ff0000;\"><em>(SPOILER: Das Foto am Ende des Beitrags beinhaltet Spoiler zum letzten Kapitel, 1044)<\/em><\/span><\/p>\n<h2 style=\"text-align: center;\"><a href=\"https:\/\/phanimenal.de\/?s=One+Piece\">One Piece<\/a><\/h2>\n<p>Es ist nicht mehr anzuzweifeln, dass One Piece einer der besten &#8211; wenn nicht sogar der beste Manga ist, der noch am Laufen ist. Allein den Verkaufszahlen nach ist deutlich zu erkennen, dass One Piece auf einer globalen Ebene der absolute Hit unter Comics und Mangas ist.<\/p>\n<p>Vor Kurzem hat der Manga von Eiichiro Oda die 500-Millionen-Marke erreicht und ist somit auf Platz 2 der meistverkauften Mangas und Comics. Den dritten Platz belegt Batman mit 484 Millionen verkauften Exemplaren und die Nummer 1 ist bis heute noch Superman, mit erstaunlichen 600 Millionen verkauften Comics.<\/p>\n<p>Es ist jedoch zu bedenken, dass sowohl Batman als auch Superman schon seit \u00fcber 80 Jahren ver\u00f6ffentlicht werden, w\u00e4hrend One Piece erst seit 1997 in der &#8222;Weekly Shounen <a href=\"https:\/\/phanimenal.de\/?s=Jump\">Jump<\/a>&#8220; ver\u00f6ffentlicht wird. Das macht die 500 Millionen verkauften Exemplare umso erstaunlicher und zeigt auf, dass in absehbarer Zeit auch Superman seinen Platz an One Piece verlieren wird.<\/p>\n<h2 style=\"text-align: center;\">One Piece 1044<\/h2>\n<p>Mittlerweile sollte es jeder mitbekommen haben. Das aktuellste Kapitel von One Piece &#8211; 1044 &#8211; war eine absolute Sensation und beinhaltete einige \u00fcberraschende Wendungen in der Handlung. Auf allen sozialen Medien wurde \u00fcber das Kapitel diskutiert.<\/p>\n<h2 style=\"text-align: center;\">Power-Up<\/h2>\n<p>Nun bemerkten Fans etwas Erstaunliches in One Piece. Auf Twitter machte eine Seite vom Manga die Runde, in der <a href=\"https:\/\/phanimenal.de\/?s=Luffy\">Luffy<\/a> sein neuestes Power-Up schon als Kind angespielt hat. Als Kind, nachdem er die Gum-Gum-Frucht gegessen hatte, sagte folgenden Satz:<\/p>\n<p><em>&#8222;Seitdem ich die Gum-Gum-Frucht gegessen habe, f\u00fchle ich mich viel gl\u00fccklicher!&#8220;\u00a0<\/em>Dieser Satz allein macht nicht so viel Sinn &#8211; doch wenn das neueste Power-Up und ein Kommentar vom Mangaka ebenfalls in Betracht gezogen werden, \u00e4ndert sich das Ganze.<\/p>\n<p>In einer Q&amp;A wurde Eiichiro Oda gefragt, was passieren w\u00fcrde, wenn ein Mensch die &#8222;Mensch-Mensch-Frucht&#8220; essen w\u00fcrde. Auf diese Frage antwortete Oda: <em>&#8222;Sie werden &#8222;menschlicher&#8220;. Ich glaube, das beschreibt es gut &#8211; sie werden erwachsener, oder finden ihre wahre Identit\u00e4t &#8211; oder so etwas in der Art. Sie werden menschlicher leben &#8211; oder auch nicht. Naja, doch nicht. Bis bald! (rennt weg)&#8220; <\/em>Es ist anzumerken, dass Luffy in seiner neuen Form unkontrollierbar kichert und lacht, was mit dem Gesagten von Jr. Luffy \u00fcbereinstimmt!<\/p>\n<p>Das d\u00fcrfte dich auch interessieren:\u00a0<a href=\"https:\/\/phanimenal.de\/index.php\/2022\/03\/26\/5-dinge-die-nicht-in-one-piece-geplant-waren\/\">5 Dinge, die nicht in One Piece geplant waren<\/a><\/p>\n<p><strong>Hier k\u00f6nnt ihr alles in einem Bild n\u00e4her anschauen:<\/strong><\/p>\n<figure id=\"attachment_13408\" aria-describedby=\"caption-attachment-13408\" style=\"width: 785px\" class=\"wp-caption alignnone\"><img decoding=\"async\" loading=\"lazy\" class=\"size-full wp-image-13408\" src=\"https:\/\/phanimenal.de\/wp-content\/uploads\/\/21b49c23-8b8a-495a-bb13-bffdc30e3afd.jpg\" alt=\"\" width=\"785\" height=\"1153\" srcset=\"https:\/\/phanimenal.de\/wp-content\/uploads\/21b49c23-8b8a-495a-bb13-bffdc30e3afd.jpg 785w, https:\/\/phanimenal.de\/wp-content\/uploads\/21b49c23-8b8a-495a-bb13-bffdc30e3afd-204x300.jpg 204w, https:\/\/phanimenal.de\/wp-content\/uploads\/21b49c23-8b8a-495a-bb13-bffdc30e3afd-697x1024.jpg 697w, https:\/\/phanimenal.de\/wp-content\/uploads\/21b49c23-8b8a-495a-bb13-bffdc30e3afd-768x1128.jpg 768w\" sizes=\"(max-width: 785px) 100vw, 785px\" \/><figcaption id=\"caption-attachment-13408\" class=\"wp-caption-text\">Hat Eiichiro Oda den neuesten Power-Up von Luffy schon am Anfang prophezeit?<\/figcaption><\/figure>\n","protected":false},"excerpt":{"rendered":"<p>(SPOILER: Das Foto am Ende des Beitrags beinhaltet Spoiler zum letzten Kapitel, 1044) <a href=\"https:\/\/phanimenal.de\/?s=One+Piece\">One Piece<\/a> Es ist nicht mehr anzuzweifeln,<\/p>\n","protected":false},"author":1,"featured_media":13412,"comment_status":"closed","ping_status":"open","sticky":false,"template":"","format":"standard","meta":[],"categories":[2,1065],"tags":[1124,207,1125,124,1115,1126],"yoast_head":"<!-- This site is optimized with the Yoast SEO Premium plugin v20.2.1 (Yoast SEO v20.2.1) - https:\/\/yoast.com\/wordpress\/plugins\/seo\/ -->\n<title>Eiichiro Oda hat das neueste Power-Up von Luffy schon von Anfang an geplant - Phanimenal - T\u00e4glich interessante Anime News und Gaming News<\/title>\n<meta name=\"robots\" content=\"index, follow, max-snippet:-1, max-image-preview:large, max-video-preview:-1\" \/>\n<link rel=\"canonical\" href=\"https:\/\/phanimenal.de\/index.php\/2022\/03\/28\/eiichiro-oda-hat-das-neueste-power-up-von-luffy-schon-von-anfang-an-geplant\/\" \/>\n<meta property=\"og:locale\" content=\"de_DE\" \/>\n<meta property=\"og:type\" content=\"article\" \/>\n<meta property=\"og:title\" content=\"Eiichiro Oda hat das neueste Power-Up von Luffy schon von Anfang an geplant\" \/>\n<meta property=\"og:description\" content=\"Phanimenal - T\u00e4glich interessante Anime News und Gaming News\" \/>\n<meta property=\"og:url\" content=\"https:\/\/phanimenal.de\/index.php\/2022\/03\/28\/eiichiro-oda-hat-das-neueste-power-up-von-luffy-schon-von-anfang-an-geplant\/\" \/>\n<meta property=\"og:site_name\" content=\"Phanimenal - T\u00e4glich interessante Anime News und Gaming News\" \/>\n<meta property=\"article:publisher\" content=\"https:\/\/www.facebook.com\/phanimenal\" \/>\n<meta property=\"article:published_time\" content=\"2022-03-27T23:58:45+00:00\" \/>\n<meta property=\"article:modified_time\" content=\"2023-06-28T19:51:09+00:00\" \/>\n<meta property=\"og:image\" content=\"https:\/\/phanimenal.de\/wp-content\/uploads\/\/asdasd-e1648422397612.jpg\" \/>\n\t<meta property=\"og:image:width\" content=\"1185\" \/>\n\t<meta property=\"og:image:height\" content=\"600\" \/>\n\t<meta property=\"og:image:type\" content=\"image\/jpeg\" \/>\n<meta name=\"author\" content=\"AM\" \/>\n<meta name=\"twitter:label1\" content=\"Verfasst von\" \/>\n\t<meta name=\"twitter:data1\" content=\"AM\" \/>\n\t<meta name=\"twitter:label2\" content=\"Gesch\u00e4tzte Lesezeit\" \/>\n\t<meta name=\"twitter:data2\" content=\"2\u00a0Minuten\" \/>\n<script type=\"application\/ld+json\" class=\"yoast-schema-graph\">{\"@context\":\"https:\/\/schema.org\",\"@graph\":[{\"@type\":\"Article\",\"@id\":\"https:\/\/phanimenal.de\/index.php\/2022\/03\/28\/eiichiro-oda-hat-das-neueste-power-up-von-luffy-schon-von-anfang-an-geplant\/#article\",\"isPartOf\":{\"@id\":\"https:\/\/phanimenal.de\/index.php\/2022\/03\/28\/eiichiro-oda-hat-das-neueste-power-up-von-luffy-schon-von-anfang-an-geplant\/\"},\"author\":{\"name\":\"AM\",\"@id\":\"https:\/\/phanimenal.de\/#\/schema\/person\/e1dd9265ac0385ecb373011a052bc293\"},\"headline\":\"Eiichiro Oda hat das neueste Power-Up von Luffy schon von Anfang an geplant\",\"datePublished\":\"2022-03-27T23:58:45+00:00\",\"dateModified\":\"2023-06-28T19:51:09+00:00\",\"mainEntityOfPage\":{\"@id\":\"https:\/\/phanimenal.de\/index.php\/2022\/03\/28\/eiichiro-oda-hat-das-neueste-power-up-von-luffy-schon-von-anfang-an-geplant\/\"},\"wordCount\":423,\"publisher\":{\"@id\":\"https:\/\/phanimenal.de\/#organization\"},\"keywords\":[\"Gear 5\",\"Luffy\",\"Luffy gear 5\",\"one piece\",\"One piece 1044\",\"ruffy gear 5\"],\"articleSection\":[\"Anime\",\"Manga\"],\"inLanguage\":\"de\",\"copyrightYear\":\"2022\",\"copyrightHolder\":{\"@id\":\"https:\/\/phanimenal.de\/#organization\"}},{\"@type\":\"WebPage\",\"@id\":\"https:\/\/phanimenal.de\/index.php\/2022\/03\/28\/eiichiro-oda-hat-das-neueste-power-up-von-luffy-schon-von-anfang-an-geplant\/\",\"url\":\"https:\/\/phanimenal.de\/index.php\/2022\/03\/28\/eiichiro-oda-hat-das-neueste-power-up-von-luffy-schon-von-anfang-an-geplant\/\",\"name\":\"Eiichiro Oda hat das neueste Power-Up von Luffy schon von Anfang an geplant - Phanimenal - T\u00e4glich interessante Anime News und Gaming News\",\"isPartOf\":{\"@id\":\"https:\/\/phanimenal.de\/#website\"},\"datePublished\":\"2022-03-27T23:58:45+00:00\",\"dateModified\":\"2023-06-28T19:51:09+00:00\",\"breadcrumb\":{\"@id\":\"https:\/\/phanimenal.de\/index.php\/2022\/03\/28\/eiichiro-oda-hat-das-neueste-power-up-von-luffy-schon-von-anfang-an-geplant\/#breadcrumb\"},\"inLanguage\":\"de\",\"potentialAction\":[{\"@type\":\"ReadAction\",\"target\":[\"https:\/\/phanimenal.de\/index.php\/2022\/03\/28\/eiichiro-oda-hat-das-neueste-power-up-von-luffy-schon-von-anfang-an-geplant\/\"]}]},{\"@type\":\"BreadcrumbList\",\"@id\":\"https:\/\/phanimenal.de\/index.php\/2022\/03\/28\/eiichiro-oda-hat-das-neueste-power-up-von-luffy-schon-von-anfang-an-geplant\/#breadcrumb\",\"itemListElement\":[{\"@type\":\"ListItem\",\"position\":1,\"name\":\"Startseite\",\"item\":\"https:\/\/phanimenal.de\/\"},{\"@type\":\"ListItem\",\"position\":2,\"name\":\"Eiichiro Oda hat das neueste Power-Up von Luffy schon von Anfang an geplant\"}]},{\"@type\":\"WebSite\",\"@id\":\"https:\/\/phanimenal.de\/#website\",\"url\":\"https:\/\/phanimenal.de\/\",\"name\":\"Phanimenal - T\u00e4glich interessante Anime News und Gaming News\",\"description\":\"Auf Phanimenal findest du die aktuellsten Anime-News aus Japan und Deutschland\",\"publisher\":{\"@id\":\"https:\/\/phanimenal.de\/#organization\"},\"potentialAction\":[{\"@type\":\"SearchAction\",\"target\":{\"@type\":\"EntryPoint\",\"urlTemplate\":\"https:\/\/phanimenal.de\/?s={search_term_string}\"},\"query-input\":\"required name=search_term_string\"}],\"inLanguage\":\"de\"},{\"@type\":\"Organization\",\"@id\":\"https:\/\/phanimenal.de\/#organization\",\"name\":\"Phanimenal\",\"url\":\"https:\/\/phanimenal.de\/\",\"logo\":{\"@type\":\"ImageObject\",\"inLanguage\":\"de\",\"@id\":\"https:\/\/phanimenal.de\/#\/schema\/logo\/image\/\",\"url\":\"https:\/\/phanimenal.de\/wp-content\/uploads\/\/2016\/04\/logo.png\",\"contentUrl\":\"https:\/\/phanimenal.de\/wp-content\/uploads\/\/2016\/04\/logo.png\",\"width\":170,\"height\":70,\"caption\":\"Phanimenal\"},\"image\":{\"@id\":\"https:\/\/phanimenal.de\/#\/schema\/logo\/image\/\"},\"sameAs\":[\"https:\/\/www.facebook.com\/phanimenal\",\"https:\/\/www.instagram.com\/phanimenal\",\"https:\/\/www.youtube.com\/channel\/UCbK_Z9H_JoD0sWZeb2guVxw\"]},{\"@type\":\"Person\",\"@id\":\"https:\/\/phanimenal.de\/#\/schema\/person\/e1dd9265ac0385ecb373011a052bc293\",\"name\":\"AM\",\"image\":{\"@type\":\"ImageObject\",\"inLanguage\":\"de\",\"@id\":\"https:\/\/phanimenal.de\/#\/schema\/person\/image\/\",\"url\":\"https:\/\/secure.gravatar.com\/avatar\/87c965ccf859177fd81ae236167111a1?s=96&d=mm&r=g\",\"contentUrl\":\"https:\/\/secure.gravatar.com\/avatar\/87c965ccf859177fd81ae236167111a1?s=96&d=mm&r=g\",\"caption\":\"AM\"},\"sameAs\":[\"http:\/\/wp2.phanimenal.de\"],\"url\":\"https:\/\/phanimenal.de\/index.php\/author\/admin\/\"}]}<\/script>\n<!-- \/ Yoast SEO Premium plugin. -->","yoast_head_json":{"title":"Eiichiro Oda hat das neueste Power-Up von Luffy schon von Anfang an geplant - Phanimenal - T\u00e4glich interessante Anime News und Gaming News","robots":{"index":"index","follow":"follow","max-snippet":"max-snippet:-1","max-image-preview":"max-image-preview:large","max-video-preview":"max-video-preview:-1"},"canonical":"https:\/\/phanimenal.de\/index.php\/2022\/03\/28\/eiichiro-oda-hat-das-neueste-power-up-von-luffy-schon-von-anfang-an-geplant\/","og_locale":"de_DE","og_type":"article","og_title":"Eiichiro Oda hat das neueste Power-Up von Luffy schon von Anfang an geplant","og_description":"Phanimenal - T\u00e4glich interessante Anime News und Gaming News","og_url":"https:\/\/phanimenal.de\/index.php\/2022\/03\/28\/eiichiro-oda-hat-das-neueste-power-up-von-luffy-schon-von-anfang-an-geplant\/","og_site_name":"Phanimenal - T\u00e4glich interessante Anime News und Gaming News","article_publisher":"https:\/\/www.facebook.com\/phanimenal","article_published_time":"2022-03-27T23:58:45+00:00","article_modified_time":"2023-06-28T19:51:09+00:00","og_image":[{"width":1185,"height":600,"url":"https:\/\/phanimenal.de\/wp-content\/uploads\/\/asdasd-e1648422397612.jpg","type":"image\/jpeg"}],"author":"AM","twitter_misc":{"Verfasst von":"AM","Gesch\u00e4tzte Lesezeit":"2\u00a0Minuten"},"schema":{"@context":"https:\/\/schema.org","@graph":[{"@type":"Article","@id":"https:\/\/phanimenal.de\/index.php\/2022\/03\/28\/eiichiro-oda-hat-das-neueste-power-up-von-luffy-schon-von-anfang-an-geplant\/#article","isPartOf":{"@id":"https:\/\/phanimenal.de\/index.php\/2022\/03\/28\/eiichiro-oda-hat-das-neueste-power-up-von-luffy-schon-von-anfang-an-geplant\/"},"author":{"name":"AM","@id":"https:\/\/phanimenal.de\/#\/schema\/person\/e1dd9265ac0385ecb373011a052bc293"},"headline":"Eiichiro Oda hat das neueste Power-Up von Luffy schon von Anfang an geplant","datePublished":"2022-03-27T23:58:45+00:00","dateModified":"2023-06-28T19:51:09+00:00","mainEntityOfPage":{"@id":"https:\/\/phanimenal.de\/index.php\/2022\/03\/28\/eiichiro-oda-hat-das-neueste-power-up-von-luffy-schon-von-anfang-an-geplant\/"},"wordCount":423,"publisher":{"@id":"https:\/\/phanimenal.de\/#organization"},"keywords":["Gear 5","Luffy","Luffy gear 5","one piece","One piece 1044","ruffy gear 5"],"articleSection":["Anime","Manga"],"inLanguage":"de","copyrightYear":"2022","copyrightHolder":{"@id":"https:\/\/phanimenal.de\/#organization"}},{"@type":"WebPage","@id":"https:\/\/phanimenal.de\/index.php\/2022\/03\/28\/eiichiro-oda-hat-das-neueste-power-up-von-luffy-schon-von-anfang-an-geplant\/","url":"https:\/\/phanimenal.de\/index.php\/2022\/03\/28\/eiichiro-oda-hat-das-neueste-power-up-von-luffy-schon-von-anfang-an-geplant\/","name":"Eiichiro Oda hat das neueste Power-Up von Luffy schon von Anfang an geplant - Phanimenal - T\u00e4glich interessante Anime News und Gaming News","isPartOf":{"@id":"https:\/\/phanimenal.de\/#website"},"datePublished":"2022-03-27T23:58:45+00:00","dateModified":"2023-06-28T19:51:09+00:00","breadcrumb":{"@id":"https:\/\/phanimenal.de\/index.php\/2022\/03\/28\/eiichiro-oda-hat-das-neueste-power-up-von-luffy-schon-von-anfang-an-geplant\/#breadcrumb"},"inLanguage":"de","potentialAction":[{"@type":"ReadAction","target":["https:\/\/phanimenal.de\/index.php\/2022\/03\/28\/eiichiro-oda-hat-das-neueste-power-up-von-luffy-schon-von-anfang-an-geplant\/"]}]},{"@type":"BreadcrumbList","@id":"https:\/\/phanimenal.de\/index.php\/2022\/03\/28\/eiichiro-oda-hat-das-neueste-power-up-von-luffy-schon-von-anfang-an-geplant\/#breadcrumb","itemListElement":[{"@type":"ListItem","position":1,"name":"Startseite","item":"https:\/\/phanimenal.de\/"},{"@type":"ListItem","position":2,"name":"Eiichiro Oda hat das neueste Power-Up von Luffy schon von Anfang an geplant"}]},{"@type":"WebSite","@id":"https:\/\/phanimenal.de\/#website","url":"https:\/\/phanimenal.de\/","name":"Phanimenal - T\u00e4glich interessante Anime News und Gaming News","description":"Auf Phanimenal findest du die aktuellsten Anime-News aus Japan und Deutschland","publisher":{"@id":"https:\/\/phanimenal.de\/#organization"},"potentialAction":[{"@type":"SearchAction","target":{"@type":"EntryPoint","urlTemplate":"https:\/\/phanimenal.de\/?s={search_term_string}"},"query-input":"required name=search_term_string"}],"inLanguage":"de"},{"@type":"Organization","@id":"https:\/\/phanimenal.de\/#organization","name":"Phanimenal","url":"https:\/\/phanimenal.de\/","logo":{"@type":"ImageObject","inLanguage":"de","@id":"https:\/\/phanimenal.de\/#\/schema\/logo\/image\/","url":"https:\/\/phanimenal.de\/wp-content\/uploads\/\/2016\/04\/logo.png","contentUrl":"https:\/\/phanimenal.de\/wp-content\/uploads\/\/2016\/04\/logo.png","width":170,"height":70,"caption":"Phanimenal"},"image":{"@id":"https:\/\/phanimenal.de\/#\/schema\/logo\/image\/"},"sameAs":["https:\/\/www.facebook.com\/phanimenal","https:\/\/www.instagram.com\/phanimenal","https:\/\/www.youtube.com\/channel\/UCbK_Z9H_JoD0sWZeb2guVxw"]},{"@type":"Person","@id":"https:\/\/phanimenal.de\/#\/schema\/person\/e1dd9265ac0385ecb373011a052bc293","name":"AM","image":{"@type":"ImageObject","inLanguage":"de","@id":"https:\/\/phanimenal.de\/#\/schema\/person\/image\/","url":"https:\/\/secure.gravatar.com\/avatar\/87c965ccf859177fd81ae236167111a1?s=96&d=mm&r=g","contentUrl":"https:\/\/secure.gravatar.com\/avatar\/87c965ccf859177fd81ae236167111a1?s=96&d=mm&r=g","caption":"AM"},"sameAs":["http:\/\/wp2.phanimenal.de"],"url":"https:\/\/phanimenal.de\/index.php\/author\/admin\/"}]}},"jetpack_featured_media_url":"https:\/\/phanimenal.de\/wp-content\/uploads\/\/asdasd-e1648422397612.jpg","_links":{"self":[{"href":"https:\/\/phanimenal.de\/index.php\/wp-json\/wp\/v2\/posts\/13407"}],"collection":[{"href":"https:\/\/phanimenal.de\/index.php\/wp-json\/wp\/v2\/posts"}],"about":[{"href":"https:\/\/phanimenal.de\/index.php\/wp-json\/wp\/v2\/types\/post"}],"author":[{"embeddable":true,"href":"https:\/\/phanimenal.de\/index.php\/wp-json\/wp\/v2\/users\/1"}],"replies":[{"embeddable":true,"href":"https:\/\/phanimenal.de\/index.php\/wp-json\/wp\/v2\/comments?post=13407"}],"version-history":[{"count":3,"href":"https:\/\/phanimenal.de\/index.php\/wp-json\/wp\/v2\/posts\/13407\/revisions"}],"predecessor-version":[{"id":13414,"href":"https:\/\/phanimenal.de\/index.php\/wp-json\/wp\/v2\/posts\/13407\/revisions\/13414"}],"wp:featuredmedia":[{"embeddable":true,"href":"https:\/\/phanimenal.de\/index.php\/wp-json\/wp\/v2\/media\/13412"}],"wp:attachment":[{"href":"https:\/\/phanimenal.de\/index.php\/wp-json\/wp\/v2\/media?parent=13407"}],"wp:term":[{"taxonomy":"category","embeddable":true,"href":"https:\/\/phanimenal.de\/index.php\/wp-json\/wp\/v2\/categories?post=13407"},{"taxonomy":"post_tag","embeddable":true,"href":"https:\/\/phanimenal.de\/index.php\/wp-json\/wp\/v2\/tags?post=13407"}],"curies":[{"name":"wp","href":"https:\/\/api.w.org\/{rel}","templated":true}]}}