{"id":14737,"date":"2022-06-10T15:50:26","date_gmt":"2022-06-10T13:50:26","guid":{"rendered":"https:\/\/phanimenal.de\/?p=14737"},"modified":"2022-06-10T15:50:26","modified_gmt":"2022-06-10T13:50:26","slug":"termin-und-trailer-zur-2-staffel-von-the-devil-is-a-part-timer-veroeffentlicht","status":"publish","type":"post","link":"https:\/\/phanimenal.de\/index.php\/2022\/06\/10\/termin-und-trailer-zur-2-staffel-von-the-devil-is-a-part-timer-veroeffentlicht\/","title":{"rendered":"Termin und Trailer zur 2. Staffel von &#8222;The Devil is a Part-Timer&#8220; ver\u00f6ffentlicht"},"content":{"rendered":"<h2 style=\"text-align: center;\">The Devil is a Part-Timer Staffel 2<\/h2>\n<p>Die lang erwartete 2. Staffel von The Devil is a Part-Timer ist zum greifen nah! In einem neuen Trailer auf YouTube wurde bekannt gegeben, dass der Anime am 14. Juli 2022 Premiere feiern wird. Unten k\u00f6nnt ihr euch den neuen Trailer ansehen. Das Video zur kommenden Staffel von &#8222;The Devil is a Part-Timer!&#8220; zeigt den Er\u00f6ffnungssong &#8222;WITH&#8220; von Minami Kuribayashi.<\/p>\n<p>Die erste Staffel des Animes wurde im Jahr 2013 ausgestrahlt. Sie wurde von Studio White Fox animiert, mit Naoto Hosada als Regisseur. Ihr k\u00f6nnt die Serie auf der Streamingwebseite <a href=\"https:\/\/phanimenal.de\/?s=Crunchyroll\">Crunchyroll<\/a> legal streamen.<\/p>\n<p>Der Anime basiert auf Satoshi Wagaharas Light-Novel-Serie The Devil is a Part-Timer (Hataraku Maou-sama!). ASCII Media Works ver\u00f6ffentlichte sie mit den Illustrationen von 029 (Oniku) von 2011 bis 2020, und es waren insgesamt 27 B\u00e4nde erh\u00e4ltlich. Eine Manga-Adaption von Akio Hiiragi wird ebenfalls seit 2012 vom selben Verlag fortlaufend ver\u00f6ffentlicht und hat bisher 19 B\u00e4nde im Umlauf.<\/p>\n<h2 style=\"text-align: center;\">Synopsis der 2. Staffel<\/h2>\n<p><em>&#8222;Willst du Pommes zu deinem H\u00f6llenfeuer? Im Hof des Teufelsschlosses (ein winziges begehbares Geb\u00e4ude) \u00f6ffnet sich ein Portal. Aus ihm tritt ein kleines M\u00e4dchen hervor, das den Teufelsk\u00f6nig &#8222;Papa&#8220; und die Heldin &#8222;Mama&#8220; nennt. <\/em><\/p>\n<p><em>Ashiya und Chiho sind schockiert, als sie entdecken, dass Maou und Emi diese Art von Beziehung hatten, aber niemand ist mehr \u00fcberrascht als die beiden neuen &#8222;Eltern&#8220;. Wird der Maou h\u00f6chstpers\u00f6nlich in der Lage sein, das Kind zu erziehen? Und bedeutet dies das Ende der romantischen Ambitionen von Emi, die mit leeren Augen dasteht?&#8220;<\/em><\/p>\n<p>Hier seht ihr das YouTube Video:<\/p>\n<div class=\"lyte-wrapper fourthree\" style=\"width:420px;max-width:100%;margin:5px;\"><div class=\"lyMe\" id=\"WYL_LxpTh8GKAL4\"><div id=\"lyte_LxpTh8GKAL4\" data-src=\"\/\/i.ytimg.com\/vi\/LxpTh8GKAL4\/hqdefault.jpg\" class=\"pL\"><div class=\"tC\"><div class=\"tT\"><\/div><\/div><div class=\"play\"><\/div><div class=\"ctrl\"><div class=\"Lctrl\"><\/div><div class=\"Rctrl\"><\/div><\/div><\/div><noscript><a href=\"https:\/\/youtu.be\/LxpTh8GKAL4\" rel=\"nofollow\"><img src=\"https:\/\/i.ytimg.com\/vi\/LxpTh8GKAL4\/0.jpg\" alt=\"YouTube-Video-Thumbnail\" width=\"420\" height=\"295\" \/><br \/>Dieses Video auf YouTube ansehen<\/a><\/noscript><\/div><\/div><div class=\"lL\" style=\"max-width:100%;width:420px;margin:5px;\"><\/div><\/p>\n<p>Quelle: <a href=\"https:\/\/twitter.com\/anime_maousama\">twitter<\/a><\/p>\n","protected":false},"excerpt":{"rendered":"<p>The Devil is a Part-Timer Staffel 2 Die lang erwartete 2. Staffel von The Devil is a Part-Timer ist zum<\/p>\n","protected":false},"author":20,"featured_media":14739,"comment_status":"closed","ping_status":"open","sticky":false,"template":"","format":"standard","meta":[],"categories":[2],"tags":[100,1138],"yoast_head":"<!-- This site is optimized with the Yoast SEO Premium plugin v20.2.1 (Yoast SEO v20.2.1) - https:\/\/yoast.com\/wordpress\/plugins\/seo\/ -->\n<title>Termin und Trailer zur 2. Staffel von &quot;The Devil is a Part-Timer&quot; ver\u00f6ffentlicht - Phanimenal - T\u00e4glich interessante Anime News und Gaming News<\/title>\n<meta name=\"robots\" content=\"index, follow, max-snippet:-1, max-image-preview:large, max-video-preview:-1\" \/>\n<link rel=\"canonical\" href=\"https:\/\/phanimenal.de\/index.php\/2022\/06\/10\/termin-und-trailer-zur-2-staffel-von-the-devil-is-a-part-timer-veroeffentlicht\/\" \/>\n<meta property=\"og:locale\" content=\"de_DE\" \/>\n<meta property=\"og:type\" content=\"article\" \/>\n<meta property=\"og:title\" content=\"Termin und Trailer zur 2. Staffel von &quot;The Devil is a Part-Timer&quot; ver\u00f6ffentlicht\" \/>\n<meta property=\"og:description\" content=\"Phanimenal - T\u00e4glich interessante Anime News und Gaming News\" \/>\n<meta property=\"og:url\" content=\"https:\/\/phanimenal.de\/index.php\/2022\/06\/10\/termin-und-trailer-zur-2-staffel-von-the-devil-is-a-part-timer-veroeffentlicht\/\" \/>\n<meta property=\"og:site_name\" content=\"Phanimenal - T\u00e4glich interessante Anime News und Gaming News\" \/>\n<meta property=\"article:publisher\" content=\"https:\/\/www.facebook.com\/phanimenal\" \/>\n<meta property=\"article:published_time\" content=\"2022-06-10T13:50:26+00:00\" \/>\n<meta property=\"og:image\" content=\"https:\/\/phanimenal.de\/wp-content\/uploads\/\/TheDevilIsAParttimer.jpg\" \/>\n\t<meta property=\"og:image:width\" content=\"1497\" \/>\n\t<meta property=\"og:image:height\" content=\"777\" \/>\n\t<meta property=\"og:image:type\" content=\"image\/jpeg\" \/>\n<meta name=\"author\" content=\"Redaktion\" \/>\n<meta name=\"twitter:label1\" content=\"Verfasst von\" \/>\n\t<meta name=\"twitter:data1\" content=\"Redaktion\" \/>\n\t<meta name=\"twitter:label2\" content=\"Gesch\u00e4tzte Lesezeit\" \/>\n\t<meta name=\"twitter:data2\" content=\"1\u00a0Minute\" \/>\n<script type=\"application\/ld+json\" class=\"yoast-schema-graph\">{\"@context\":\"https:\/\/schema.org\",\"@graph\":[{\"@type\":\"Article\",\"@id\":\"https:\/\/phanimenal.de\/index.php\/2022\/06\/10\/termin-und-trailer-zur-2-staffel-von-the-devil-is-a-part-timer-veroeffentlicht\/#article\",\"isPartOf\":{\"@id\":\"https:\/\/phanimenal.de\/index.php\/2022\/06\/10\/termin-und-trailer-zur-2-staffel-von-the-devil-is-a-part-timer-veroeffentlicht\/\"},\"author\":{\"name\":\"Redaktion\",\"@id\":\"https:\/\/phanimenal.de\/#\/schema\/person\/4c49cddeeb21ba6ad627cd820367dbd0\"},\"headline\":\"Termin und Trailer zur 2. Staffel von &#8222;The Devil is a Part-Timer&#8220; ver\u00f6ffentlicht\",\"datePublished\":\"2022-06-10T13:50:26+00:00\",\"dateModified\":\"2022-06-10T13:50:26+00:00\",\"mainEntityOfPage\":{\"@id\":\"https:\/\/phanimenal.de\/index.php\/2022\/06\/10\/termin-und-trailer-zur-2-staffel-von-the-devil-is-a-part-timer-veroeffentlicht\/\"},\"wordCount\":279,\"publisher\":{\"@id\":\"https:\/\/phanimenal.de\/#organization\"},\"keywords\":[\"Crunchyroll\",\"Premiere\"],\"articleSection\":[\"Anime\"],\"inLanguage\":\"de\",\"copyrightYear\":\"2022\",\"copyrightHolder\":{\"@id\":\"https:\/\/phanimenal.de\/#organization\"}},{\"@type\":\"WebPage\",\"@id\":\"https:\/\/phanimenal.de\/index.php\/2022\/06\/10\/termin-und-trailer-zur-2-staffel-von-the-devil-is-a-part-timer-veroeffentlicht\/\",\"url\":\"https:\/\/phanimenal.de\/index.php\/2022\/06\/10\/termin-und-trailer-zur-2-staffel-von-the-devil-is-a-part-timer-veroeffentlicht\/\",\"name\":\"Termin und Trailer zur 2. Staffel von \\\"The Devil is a Part-Timer\\\" ver\u00f6ffentlicht - Phanimenal - T\u00e4glich interessante Anime News und Gaming News\",\"isPartOf\":{\"@id\":\"https:\/\/phanimenal.de\/#website\"},\"datePublished\":\"2022-06-10T13:50:26+00:00\",\"dateModified\":\"2022-06-10T13:50:26+00:00\",\"breadcrumb\":{\"@id\":\"https:\/\/phanimenal.de\/index.php\/2022\/06\/10\/termin-und-trailer-zur-2-staffel-von-the-devil-is-a-part-timer-veroeffentlicht\/#breadcrumb\"},\"inLanguage\":\"de\",\"potentialAction\":[{\"@type\":\"ReadAction\",\"target\":[\"https:\/\/phanimenal.de\/index.php\/2022\/06\/10\/termin-und-trailer-zur-2-staffel-von-the-devil-is-a-part-timer-veroeffentlicht\/\"]}]},{\"@type\":\"BreadcrumbList\",\"@id\":\"https:\/\/phanimenal.de\/index.php\/2022\/06\/10\/termin-und-trailer-zur-2-staffel-von-the-devil-is-a-part-timer-veroeffentlicht\/#breadcrumb\",\"itemListElement\":[{\"@type\":\"ListItem\",\"position\":1,\"name\":\"Startseite\",\"item\":\"https:\/\/phanimenal.de\/\"},{\"@type\":\"ListItem\",\"position\":2,\"name\":\"Termin und Trailer zur 2. Staffel von &#8222;The Devil is a Part-Timer&#8220; ver\u00f6ffentlicht\"}]},{\"@type\":\"WebSite\",\"@id\":\"https:\/\/phanimenal.de\/#website\",\"url\":\"https:\/\/phanimenal.de\/\",\"name\":\"Phanimenal - T\u00e4glich interessante Anime News und Gaming News\",\"description\":\"Auf Phanimenal findest du die aktuellsten Anime-News aus Japan und Deutschland\",\"publisher\":{\"@id\":\"https:\/\/phanimenal.de\/#organization\"},\"potentialAction\":[{\"@type\":\"SearchAction\",\"target\":{\"@type\":\"EntryPoint\",\"urlTemplate\":\"https:\/\/phanimenal.de\/?s={search_term_string}\"},\"query-input\":\"required name=search_term_string\"}],\"inLanguage\":\"de\"},{\"@type\":\"Organization\",\"@id\":\"https:\/\/phanimenal.de\/#organization\",\"name\":\"Phanimenal\",\"url\":\"https:\/\/phanimenal.de\/\",\"logo\":{\"@type\":\"ImageObject\",\"inLanguage\":\"de\",\"@id\":\"https:\/\/phanimenal.de\/#\/schema\/logo\/image\/\",\"url\":\"https:\/\/phanimenal.de\/wp-content\/uploads\/\/2016\/04\/logo.png\",\"contentUrl\":\"https:\/\/phanimenal.de\/wp-content\/uploads\/\/2016\/04\/logo.png\",\"width\":170,\"height\":70,\"caption\":\"Phanimenal\"},\"image\":{\"@id\":\"https:\/\/phanimenal.de\/#\/schema\/logo\/image\/\"},\"sameAs\":[\"https:\/\/www.facebook.com\/phanimenal\",\"https:\/\/www.instagram.com\/phanimenal\",\"https:\/\/www.youtube.com\/channel\/UCbK_Z9H_JoD0sWZeb2guVxw\"]},{\"@type\":\"Person\",\"@id\":\"https:\/\/phanimenal.de\/#\/schema\/person\/4c49cddeeb21ba6ad627cd820367dbd0\",\"name\":\"Redaktion\",\"image\":{\"@type\":\"ImageObject\",\"inLanguage\":\"de\",\"@id\":\"https:\/\/phanimenal.de\/#\/schema\/person\/image\/\",\"url\":\"https:\/\/secure.gravatar.com\/avatar\/09a8126b3974641b0bccb021bf5549db?s=96&d=mm&r=g\",\"contentUrl\":\"https:\/\/secure.gravatar.com\/avatar\/09a8126b3974641b0bccb021bf5549db?s=96&d=mm&r=g\",\"caption\":\"Redaktion\"},\"url\":\"https:\/\/phanimenal.de\/index.php\/author\/redaktion\/\"}]}<\/script>\n<!-- \/ Yoast SEO Premium plugin. -->","yoast_head_json":{"title":"Termin und Trailer zur 2. Staffel von \"The Devil is a Part-Timer\" ver\u00f6ffentlicht - Phanimenal - T\u00e4glich interessante Anime News und Gaming News","robots":{"index":"index","follow":"follow","max-snippet":"max-snippet:-1","max-image-preview":"max-image-preview:large","max-video-preview":"max-video-preview:-1"},"canonical":"https:\/\/phanimenal.de\/index.php\/2022\/06\/10\/termin-und-trailer-zur-2-staffel-von-the-devil-is-a-part-timer-veroeffentlicht\/","og_locale":"de_DE","og_type":"article","og_title":"Termin und Trailer zur 2. Staffel von \"The Devil is a Part-Timer\" ver\u00f6ffentlicht","og_description":"Phanimenal - T\u00e4glich interessante Anime News und Gaming News","og_url":"https:\/\/phanimenal.de\/index.php\/2022\/06\/10\/termin-und-trailer-zur-2-staffel-von-the-devil-is-a-part-timer-veroeffentlicht\/","og_site_name":"Phanimenal - T\u00e4glich interessante Anime News und Gaming News","article_publisher":"https:\/\/www.facebook.com\/phanimenal","article_published_time":"2022-06-10T13:50:26+00:00","og_image":[{"width":1497,"height":777,"url":"https:\/\/phanimenal.de\/wp-content\/uploads\/\/TheDevilIsAParttimer.jpg","type":"image\/jpeg"}],"author":"Redaktion","twitter_misc":{"Verfasst von":"Redaktion","Gesch\u00e4tzte Lesezeit":"1\u00a0Minute"},"schema":{"@context":"https:\/\/schema.org","@graph":[{"@type":"Article","@id":"https:\/\/phanimenal.de\/index.php\/2022\/06\/10\/termin-und-trailer-zur-2-staffel-von-the-devil-is-a-part-timer-veroeffentlicht\/#article","isPartOf":{"@id":"https:\/\/phanimenal.de\/index.php\/2022\/06\/10\/termin-und-trailer-zur-2-staffel-von-the-devil-is-a-part-timer-veroeffentlicht\/"},"author":{"name":"Redaktion","@id":"https:\/\/phanimenal.de\/#\/schema\/person\/4c49cddeeb21ba6ad627cd820367dbd0"},"headline":"Termin und Trailer zur 2. Staffel von &#8222;The Devil is a Part-Timer&#8220; ver\u00f6ffentlicht","datePublished":"2022-06-10T13:50:26+00:00","dateModified":"2022-06-10T13:50:26+00:00","mainEntityOfPage":{"@id":"https:\/\/phanimenal.de\/index.php\/2022\/06\/10\/termin-und-trailer-zur-2-staffel-von-the-devil-is-a-part-timer-veroeffentlicht\/"},"wordCount":279,"publisher":{"@id":"https:\/\/phanimenal.de\/#organization"},"keywords":["Crunchyroll","Premiere"],"articleSection":["Anime"],"inLanguage":"de","copyrightYear":"2022","copyrightHolder":{"@id":"https:\/\/phanimenal.de\/#organization"}},{"@type":"WebPage","@id":"https:\/\/phanimenal.de\/index.php\/2022\/06\/10\/termin-und-trailer-zur-2-staffel-von-the-devil-is-a-part-timer-veroeffentlicht\/","url":"https:\/\/phanimenal.de\/index.php\/2022\/06\/10\/termin-und-trailer-zur-2-staffel-von-the-devil-is-a-part-timer-veroeffentlicht\/","name":"Termin und Trailer zur 2. Staffel von \"The Devil is a Part-Timer\" ver\u00f6ffentlicht - Phanimenal - T\u00e4glich interessante Anime News und Gaming News","isPartOf":{"@id":"https:\/\/phanimenal.de\/#website"},"datePublished":"2022-06-10T13:50:26+00:00","dateModified":"2022-06-10T13:50:26+00:00","breadcrumb":{"@id":"https:\/\/phanimenal.de\/index.php\/2022\/06\/10\/termin-und-trailer-zur-2-staffel-von-the-devil-is-a-part-timer-veroeffentlicht\/#breadcrumb"},"inLanguage":"de","potentialAction":[{"@type":"ReadAction","target":["https:\/\/phanimenal.de\/index.php\/2022\/06\/10\/termin-und-trailer-zur-2-staffel-von-the-devil-is-a-part-timer-veroeffentlicht\/"]}]},{"@type":"BreadcrumbList","@id":"https:\/\/phanimenal.de\/index.php\/2022\/06\/10\/termin-und-trailer-zur-2-staffel-von-the-devil-is-a-part-timer-veroeffentlicht\/#breadcrumb","itemListElement":[{"@type":"ListItem","position":1,"name":"Startseite","item":"https:\/\/phanimenal.de\/"},{"@type":"ListItem","position":2,"name":"Termin und Trailer zur 2. Staffel von &#8222;The Devil is a Part-Timer&#8220; ver\u00f6ffentlicht"}]},{"@type":"WebSite","@id":"https:\/\/phanimenal.de\/#website","url":"https:\/\/phanimenal.de\/","name":"Phanimenal - T\u00e4glich interessante Anime News und Gaming News","description":"Auf Phanimenal findest du die aktuellsten Anime-News aus Japan und Deutschland","publisher":{"@id":"https:\/\/phanimenal.de\/#organization"},"potentialAction":[{"@type":"SearchAction","target":{"@type":"EntryPoint","urlTemplate":"https:\/\/phanimenal.de\/?s={search_term_string}"},"query-input":"required name=search_term_string"}],"inLanguage":"de"},{"@type":"Organization","@id":"https:\/\/phanimenal.de\/#organization","name":"Phanimenal","url":"https:\/\/phanimenal.de\/","logo":{"@type":"ImageObject","inLanguage":"de","@id":"https:\/\/phanimenal.de\/#\/schema\/logo\/image\/","url":"https:\/\/phanimenal.de\/wp-content\/uploads\/\/2016\/04\/logo.png","contentUrl":"https:\/\/phanimenal.de\/wp-content\/uploads\/\/2016\/04\/logo.png","width":170,"height":70,"caption":"Phanimenal"},"image":{"@id":"https:\/\/phanimenal.de\/#\/schema\/logo\/image\/"},"sameAs":["https:\/\/www.facebook.com\/phanimenal","https:\/\/www.instagram.com\/phanimenal","https:\/\/www.youtube.com\/channel\/UCbK_Z9H_JoD0sWZeb2guVxw"]},{"@type":"Person","@id":"https:\/\/phanimenal.de\/#\/schema\/person\/4c49cddeeb21ba6ad627cd820367dbd0","name":"Redaktion","image":{"@type":"ImageObject","inLanguage":"de","@id":"https:\/\/phanimenal.de\/#\/schema\/person\/image\/","url":"https:\/\/secure.gravatar.com\/avatar\/09a8126b3974641b0bccb021bf5549db?s=96&d=mm&r=g","contentUrl":"https:\/\/secure.gravatar.com\/avatar\/09a8126b3974641b0bccb021bf5549db?s=96&d=mm&r=g","caption":"Redaktion"},"url":"https:\/\/phanimenal.de\/index.php\/author\/redaktion\/"}]}},"jetpack_featured_media_url":"https:\/\/phanimenal.de\/wp-content\/uploads\/\/TheDevilIsAParttimer.jpg","_links":{"self":[{"href":"https:\/\/phanimenal.de\/index.php\/wp-json\/wp\/v2\/posts\/14737"}],"collection":[{"href":"https:\/\/phanimenal.de\/index.php\/wp-json\/wp\/v2\/posts"}],"about":[{"href":"https:\/\/phanimenal.de\/index.php\/wp-json\/wp\/v2\/types\/post"}],"author":[{"embeddable":true,"href":"https:\/\/phanimenal.de\/index.php\/wp-json\/wp\/v2\/users\/20"}],"replies":[{"embeddable":true,"href":"https:\/\/phanimenal.de\/index.php\/wp-json\/wp\/v2\/comments?post=14737"}],"version-history":[{"count":2,"href":"https:\/\/phanimenal.de\/index.php\/wp-json\/wp\/v2\/posts\/14737\/revisions"}],"predecessor-version":[{"id":14740,"href":"https:\/\/phanimenal.de\/index.php\/wp-json\/wp\/v2\/posts\/14737\/revisions\/14740"}],"wp:featuredmedia":[{"embeddable":true,"href":"https:\/\/phanimenal.de\/index.php\/wp-json\/wp\/v2\/media\/14739"}],"wp:attachment":[{"href":"https:\/\/phanimenal.de\/index.php\/wp-json\/wp\/v2\/media?parent=14737"}],"wp:term":[{"taxonomy":"category","embeddable":true,"href":"https:\/\/phanimenal.de\/index.php\/wp-json\/wp\/v2\/categories?post=14737"},{"taxonomy":"post_tag","embeddable":true,"href":"https:\/\/phanimenal.de\/index.php\/wp-json\/wp\/v2\/tags?post=14737"}],"curies":[{"name":"wp","href":"https:\/\/api.w.org\/{rel}","templated":true}]}}