{"id":17189,"date":"2022-07-28T15:02:33","date_gmt":"2022-07-28T13:02:33","guid":{"rendered":"https:\/\/phanimenal.de\/?p=17189"},"modified":"2022-07-28T15:02:33","modified_gmt":"2022-07-28T13:02:33","slug":"one-piece-eiichiro-oda-verraet-warum-er-choppers-aussehen-aendern-musste","status":"publish","type":"post","link":"https:\/\/phanimenal.de\/index.php\/2022\/07\/28\/one-piece-eiichiro-oda-verraet-warum-er-choppers-aussehen-aendern-musste\/","title":{"rendered":"One Piece: Eiichiro Oda verr\u00e4t, warum er Choppers Aussehen \u00e4ndern musste"},"content":{"rendered":"<h2 style=\"text-align: center;\"><a href=\"https:\/\/phanimenal.de\/?s=One+Piece\">One Piece<\/a><\/h2>\n<p>Eiichiro Oda hat eine Welt mit mehr Charakteren erschaffen, als so manch ein anderer Mangaka. Und zum Gl\u00fcck hat er scheinbar einen Plan f\u00fcr jeden einzelnen von ihnen. Der K\u00fcnstler hat tonnenweise Charaktere geschaffen, die die Fans lieben, von eigenwilligen Schurken bis hin zu Strohhut-Crew-Mitgliedern selbst.<\/p>\n<p>Viele dieser Charaktere haben im Laufe der Serie ihr Aussehen ver\u00e4ndert. Doch eine Ver\u00e4nderung fiel besonders aus: Choppers! W\u00e4hrend Fans sich viele Jahre fragten, warum Eiichiro Oda sich zu einer so drastischen Design-\u00c4nderung entschieden hat, gibt es nun die Antwort!<\/p>\n<h2 style=\"text-align: center;\">Anime hat Auswirkung auf die Charaktere<\/h2>\n<p>In einem aktuellen Interview sprach One Piece-Sch\u00f6pfer Eiichiro Oda mit Gosho Aoyama, dem Sch\u00f6pfer von <a href=\"https:\/\/phanimenal.de\/?s=Detektiv+Conan\">Detektiv Conan<\/a>. Die beiden sprachen dar\u00fcber, wie sich der Anime ihrer Serie auf den Manga auswirkt, und Oda sagte, seine Serie habe ihn dazu veranlasst, <a href=\"https:\/\/phanimenal.de\/?s=Chopper\">Chopper<\/a> ein neues Gesicht zu geben.<\/p>\n<p>In dem Interview stimmte Oda mit Aoyama \u00fcberein, als der Sch\u00f6pfer sagte, dass er manchmal einen Charakter \u00e4ndert, nachdem er seinen Synchronsprecher im Anime geh\u00f6rt hat. &#8222;<em>Ich habe auch Chopper in einen Maskottchen-Charakter verwandelt, nachdem ich die Anime-Stimme geh\u00f6rt hatte<\/em>&#8222;, erz\u00e4hlte Oda. &#8222;<em>Ich m\u00f6chte eigentlich keine Maskottchen zeichnen, aber Otani Ikues Stimme war einfach zu s\u00fc\u00df<\/em>.&#8220;<\/p>\n<h2 style=\"text-align: center;\">Altes Aussehen von Chopper<\/h2>\n<p>F\u00fcr die die sich nicht erinnern: Fr\u00fcher sah Chopper aus wie ein Mini-Rentier, aber als der Anime weiterging, wurde Chopper &#8222;traditionelle kawaii&#8220;-Aspekte gegeben. Das geschah, weil der One Piece Mangaka Eiichiro Oda das Design selbst im Manga \u00e4nderte.<\/p>\n<p>Am Ende stellt sich jedoch heraus, dass Eiichiro Oda Choppers Aussehen aufgrund von Ikues Stimme ge\u00e4ndert hat. Es ist an den One Piece-Fans zu entscheiden, ob sie das neue Aussehen des Piraten m\u00f6gen oder nicht, aber der Doktor scheint damit zufrieden zu sein.<\/p>\n<p>Hier seht ihr den Ausschnitt aus dem Interview:<\/p>\n<figure id=\"attachment_17192\" aria-describedby=\"caption-attachment-17192\" style=\"width: 717px\" class=\"wp-caption aligncenter\"><img decoding=\"async\" loading=\"lazy\" class=\"wp-image-17192 size-full\" src=\"https:\/\/phanimenal.de\/wp-content\/uploads\/\/InterviewOdaAoyama.jpg\" alt=\"Eiichiro Oda Interview\" width=\"717\" height=\"390\" srcset=\"https:\/\/phanimenal.de\/wp-content\/uploads\/InterviewOdaAoyama.jpg 717w, https:\/\/phanimenal.de\/wp-content\/uploads\/InterviewOdaAoyama-300x163.jpg 300w\" sizes=\"(max-width: 717px) 100vw, 717px\" \/><figcaption id=\"caption-attachment-17192\" class=\"wp-caption-text\">Eiichiro Oda Interview<\/figcaption><\/figure>\n<p>Quelle: <a href=\"https:\/\/exmanga.com\/interview-between-eiichiro-oda-and-gosho-aoyama\/\">exmanga<\/a><\/p>\n","protected":false},"excerpt":{"rendered":"<p><a href=\"https:\/\/phanimenal.de\/?s=One+Piece\">One Piece<\/a> Eiichiro Oda hat eine Welt mit mehr Charakteren erschaffen, als so manch ein anderer Mangaka. Und zum Gl\u00fcck<\/p>\n","protected":false},"author":1,"featured_media":17190,"comment_status":"closed","ping_status":"open","sticky":false,"template":"","format":"standard","meta":[],"categories":[2],"tags":[124],"yoast_head":"<!-- This site is optimized with the Yoast SEO Premium plugin v20.2.1 (Yoast SEO v20.2.1) - https:\/\/yoast.com\/wordpress\/plugins\/seo\/ -->\n<title>One Piece: Eiichiro Oda verr\u00e4t, warum er Choppers Aussehen \u00e4ndern musste - Phanimenal - T\u00e4glich interessante Anime News und Gaming News<\/title>\n<meta name=\"robots\" content=\"index, follow, max-snippet:-1, max-image-preview:large, max-video-preview:-1\" \/>\n<link rel=\"canonical\" href=\"https:\/\/phanimenal.de\/index.php\/2022\/07\/28\/one-piece-eiichiro-oda-verraet-warum-er-choppers-aussehen-aendern-musste\/\" \/>\n<meta property=\"og:locale\" content=\"de_DE\" \/>\n<meta property=\"og:type\" content=\"article\" \/>\n<meta property=\"og:title\" content=\"One Piece: Eiichiro Oda verr\u00e4t, warum er Choppers Aussehen \u00e4ndern musste\" \/>\n<meta property=\"og:description\" content=\"Phanimenal - T\u00e4glich interessante Anime News und Gaming News\" \/>\n<meta property=\"og:url\" content=\"https:\/\/phanimenal.de\/index.php\/2022\/07\/28\/one-piece-eiichiro-oda-verraet-warum-er-choppers-aussehen-aendern-musste\/\" \/>\n<meta property=\"og:site_name\" content=\"Phanimenal - T\u00e4glich interessante Anime News und Gaming News\" \/>\n<meta property=\"article:publisher\" content=\"https:\/\/www.facebook.com\/phanimenal\" \/>\n<meta property=\"article:published_time\" content=\"2022-07-28T13:02:33+00:00\" \/>\n<meta property=\"og:image\" content=\"https:\/\/phanimenal.de\/wp-content\/uploads\/\/ChopperDesign.jpg\" \/>\n\t<meta property=\"og:image:width\" content=\"1307\" \/>\n\t<meta property=\"og:image:height\" content=\"684\" \/>\n\t<meta property=\"og:image:type\" content=\"image\/jpeg\" \/>\n<meta name=\"author\" content=\"AM\" \/>\n<meta name=\"twitter:label1\" content=\"Verfasst von\" \/>\n\t<meta name=\"twitter:data1\" content=\"AM\" \/>\n\t<meta name=\"twitter:label2\" content=\"Gesch\u00e4tzte Lesezeit\" \/>\n\t<meta name=\"twitter:data2\" content=\"2\u00a0Minuten\" \/>\n<script type=\"application\/ld+json\" class=\"yoast-schema-graph\">{\"@context\":\"https:\/\/schema.org\",\"@graph\":[{\"@type\":\"Article\",\"@id\":\"https:\/\/phanimenal.de\/index.php\/2022\/07\/28\/one-piece-eiichiro-oda-verraet-warum-er-choppers-aussehen-aendern-musste\/#article\",\"isPartOf\":{\"@id\":\"https:\/\/phanimenal.de\/index.php\/2022\/07\/28\/one-piece-eiichiro-oda-verraet-warum-er-choppers-aussehen-aendern-musste\/\"},\"author\":{\"name\":\"AM\",\"@id\":\"https:\/\/phanimenal.de\/#\/schema\/person\/e1dd9265ac0385ecb373011a052bc293\"},\"headline\":\"One Piece: Eiichiro Oda verr\u00e4t, warum er Choppers Aussehen \u00e4ndern musste\",\"datePublished\":\"2022-07-28T13:02:33+00:00\",\"dateModified\":\"2022-07-28T13:02:33+00:00\",\"mainEntityOfPage\":{\"@id\":\"https:\/\/phanimenal.de\/index.php\/2022\/07\/28\/one-piece-eiichiro-oda-verraet-warum-er-choppers-aussehen-aendern-musste\/\"},\"wordCount\":333,\"publisher\":{\"@id\":\"https:\/\/phanimenal.de\/#organization\"},\"keywords\":[\"one piece\"],\"articleSection\":[\"Anime\"],\"inLanguage\":\"de\",\"copyrightYear\":\"2022\",\"copyrightHolder\":{\"@id\":\"https:\/\/phanimenal.de\/#organization\"}},{\"@type\":\"WebPage\",\"@id\":\"https:\/\/phanimenal.de\/index.php\/2022\/07\/28\/one-piece-eiichiro-oda-verraet-warum-er-choppers-aussehen-aendern-musste\/\",\"url\":\"https:\/\/phanimenal.de\/index.php\/2022\/07\/28\/one-piece-eiichiro-oda-verraet-warum-er-choppers-aussehen-aendern-musste\/\",\"name\":\"One Piece: Eiichiro Oda verr\u00e4t, warum er Choppers Aussehen \u00e4ndern musste - Phanimenal - T\u00e4glich interessante Anime News und Gaming News\",\"isPartOf\":{\"@id\":\"https:\/\/phanimenal.de\/#website\"},\"datePublished\":\"2022-07-28T13:02:33+00:00\",\"dateModified\":\"2022-07-28T13:02:33+00:00\",\"breadcrumb\":{\"@id\":\"https:\/\/phanimenal.de\/index.php\/2022\/07\/28\/one-piece-eiichiro-oda-verraet-warum-er-choppers-aussehen-aendern-musste\/#breadcrumb\"},\"inLanguage\":\"de\",\"potentialAction\":[{\"@type\":\"ReadAction\",\"target\":[\"https:\/\/phanimenal.de\/index.php\/2022\/07\/28\/one-piece-eiichiro-oda-verraet-warum-er-choppers-aussehen-aendern-musste\/\"]}]},{\"@type\":\"BreadcrumbList\",\"@id\":\"https:\/\/phanimenal.de\/index.php\/2022\/07\/28\/one-piece-eiichiro-oda-verraet-warum-er-choppers-aussehen-aendern-musste\/#breadcrumb\",\"itemListElement\":[{\"@type\":\"ListItem\",\"position\":1,\"name\":\"Startseite\",\"item\":\"https:\/\/phanimenal.de\/\"},{\"@type\":\"ListItem\",\"position\":2,\"name\":\"One Piece: Eiichiro Oda verr\u00e4t, warum er Choppers Aussehen \u00e4ndern musste\"}]},{\"@type\":\"WebSite\",\"@id\":\"https:\/\/phanimenal.de\/#website\",\"url\":\"https:\/\/phanimenal.de\/\",\"name\":\"Phanimenal - T\u00e4glich interessante Anime News und Gaming News\",\"description\":\"Auf Phanimenal findest du die aktuellsten Anime-News aus Japan und Deutschland\",\"publisher\":{\"@id\":\"https:\/\/phanimenal.de\/#organization\"},\"potentialAction\":[{\"@type\":\"SearchAction\",\"target\":{\"@type\":\"EntryPoint\",\"urlTemplate\":\"https:\/\/phanimenal.de\/?s={search_term_string}\"},\"query-input\":\"required name=search_term_string\"}],\"inLanguage\":\"de\"},{\"@type\":\"Organization\",\"@id\":\"https:\/\/phanimenal.de\/#organization\",\"name\":\"Phanimenal\",\"url\":\"https:\/\/phanimenal.de\/\",\"logo\":{\"@type\":\"ImageObject\",\"inLanguage\":\"de\",\"@id\":\"https:\/\/phanimenal.de\/#\/schema\/logo\/image\/\",\"url\":\"https:\/\/phanimenal.de\/wp-content\/uploads\/\/2016\/04\/logo.png\",\"contentUrl\":\"https:\/\/phanimenal.de\/wp-content\/uploads\/\/2016\/04\/logo.png\",\"width\":170,\"height\":70,\"caption\":\"Phanimenal\"},\"image\":{\"@id\":\"https:\/\/phanimenal.de\/#\/schema\/logo\/image\/\"},\"sameAs\":[\"https:\/\/www.facebook.com\/phanimenal\",\"https:\/\/www.instagram.com\/phanimenal\",\"https:\/\/www.youtube.com\/channel\/UCbK_Z9H_JoD0sWZeb2guVxw\"]},{\"@type\":\"Person\",\"@id\":\"https:\/\/phanimenal.de\/#\/schema\/person\/e1dd9265ac0385ecb373011a052bc293\",\"name\":\"AM\",\"image\":{\"@type\":\"ImageObject\",\"inLanguage\":\"de\",\"@id\":\"https:\/\/phanimenal.de\/#\/schema\/person\/image\/\",\"url\":\"https:\/\/secure.gravatar.com\/avatar\/87c965ccf859177fd81ae236167111a1?s=96&d=mm&r=g\",\"contentUrl\":\"https:\/\/secure.gravatar.com\/avatar\/87c965ccf859177fd81ae236167111a1?s=96&d=mm&r=g\",\"caption\":\"AM\"},\"sameAs\":[\"http:\/\/wp2.phanimenal.de\"],\"url\":\"https:\/\/phanimenal.de\/index.php\/author\/admin\/\"}]}<\/script>\n<!-- \/ Yoast SEO Premium plugin. -->","yoast_head_json":{"title":"One Piece: Eiichiro Oda verr\u00e4t, warum er Choppers Aussehen \u00e4ndern musste - Phanimenal - T\u00e4glich interessante Anime News und Gaming News","robots":{"index":"index","follow":"follow","max-snippet":"max-snippet:-1","max-image-preview":"max-image-preview:large","max-video-preview":"max-video-preview:-1"},"canonical":"https:\/\/phanimenal.de\/index.php\/2022\/07\/28\/one-piece-eiichiro-oda-verraet-warum-er-choppers-aussehen-aendern-musste\/","og_locale":"de_DE","og_type":"article","og_title":"One Piece: Eiichiro Oda verr\u00e4t, warum er Choppers Aussehen \u00e4ndern musste","og_description":"Phanimenal - T\u00e4glich interessante Anime News und Gaming News","og_url":"https:\/\/phanimenal.de\/index.php\/2022\/07\/28\/one-piece-eiichiro-oda-verraet-warum-er-choppers-aussehen-aendern-musste\/","og_site_name":"Phanimenal - T\u00e4glich interessante Anime News und Gaming News","article_publisher":"https:\/\/www.facebook.com\/phanimenal","article_published_time":"2022-07-28T13:02:33+00:00","og_image":[{"width":1307,"height":684,"url":"https:\/\/phanimenal.de\/wp-content\/uploads\/\/ChopperDesign.jpg","type":"image\/jpeg"}],"author":"AM","twitter_misc":{"Verfasst von":"AM","Gesch\u00e4tzte Lesezeit":"2\u00a0Minuten"},"schema":{"@context":"https:\/\/schema.org","@graph":[{"@type":"Article","@id":"https:\/\/phanimenal.de\/index.php\/2022\/07\/28\/one-piece-eiichiro-oda-verraet-warum-er-choppers-aussehen-aendern-musste\/#article","isPartOf":{"@id":"https:\/\/phanimenal.de\/index.php\/2022\/07\/28\/one-piece-eiichiro-oda-verraet-warum-er-choppers-aussehen-aendern-musste\/"},"author":{"name":"AM","@id":"https:\/\/phanimenal.de\/#\/schema\/person\/e1dd9265ac0385ecb373011a052bc293"},"headline":"One Piece: Eiichiro Oda verr\u00e4t, warum er Choppers Aussehen \u00e4ndern musste","datePublished":"2022-07-28T13:02:33+00:00","dateModified":"2022-07-28T13:02:33+00:00","mainEntityOfPage":{"@id":"https:\/\/phanimenal.de\/index.php\/2022\/07\/28\/one-piece-eiichiro-oda-verraet-warum-er-choppers-aussehen-aendern-musste\/"},"wordCount":333,"publisher":{"@id":"https:\/\/phanimenal.de\/#organization"},"keywords":["one piece"],"articleSection":["Anime"],"inLanguage":"de","copyrightYear":"2022","copyrightHolder":{"@id":"https:\/\/phanimenal.de\/#organization"}},{"@type":"WebPage","@id":"https:\/\/phanimenal.de\/index.php\/2022\/07\/28\/one-piece-eiichiro-oda-verraet-warum-er-choppers-aussehen-aendern-musste\/","url":"https:\/\/phanimenal.de\/index.php\/2022\/07\/28\/one-piece-eiichiro-oda-verraet-warum-er-choppers-aussehen-aendern-musste\/","name":"One Piece: Eiichiro Oda verr\u00e4t, warum er Choppers Aussehen \u00e4ndern musste - Phanimenal - T\u00e4glich interessante Anime News und Gaming News","isPartOf":{"@id":"https:\/\/phanimenal.de\/#website"},"datePublished":"2022-07-28T13:02:33+00:00","dateModified":"2022-07-28T13:02:33+00:00","breadcrumb":{"@id":"https:\/\/phanimenal.de\/index.php\/2022\/07\/28\/one-piece-eiichiro-oda-verraet-warum-er-choppers-aussehen-aendern-musste\/#breadcrumb"},"inLanguage":"de","potentialAction":[{"@type":"ReadAction","target":["https:\/\/phanimenal.de\/index.php\/2022\/07\/28\/one-piece-eiichiro-oda-verraet-warum-er-choppers-aussehen-aendern-musste\/"]}]},{"@type":"BreadcrumbList","@id":"https:\/\/phanimenal.de\/index.php\/2022\/07\/28\/one-piece-eiichiro-oda-verraet-warum-er-choppers-aussehen-aendern-musste\/#breadcrumb","itemListElement":[{"@type":"ListItem","position":1,"name":"Startseite","item":"https:\/\/phanimenal.de\/"},{"@type":"ListItem","position":2,"name":"One Piece: Eiichiro Oda verr\u00e4t, warum er Choppers Aussehen \u00e4ndern musste"}]},{"@type":"WebSite","@id":"https:\/\/phanimenal.de\/#website","url":"https:\/\/phanimenal.de\/","name":"Phanimenal - T\u00e4glich interessante Anime News und Gaming News","description":"Auf Phanimenal findest du die aktuellsten Anime-News aus Japan und Deutschland","publisher":{"@id":"https:\/\/phanimenal.de\/#organization"},"potentialAction":[{"@type":"SearchAction","target":{"@type":"EntryPoint","urlTemplate":"https:\/\/phanimenal.de\/?s={search_term_string}"},"query-input":"required name=search_term_string"}],"inLanguage":"de"},{"@type":"Organization","@id":"https:\/\/phanimenal.de\/#organization","name":"Phanimenal","url":"https:\/\/phanimenal.de\/","logo":{"@type":"ImageObject","inLanguage":"de","@id":"https:\/\/phanimenal.de\/#\/schema\/logo\/image\/","url":"https:\/\/phanimenal.de\/wp-content\/uploads\/\/2016\/04\/logo.png","contentUrl":"https:\/\/phanimenal.de\/wp-content\/uploads\/\/2016\/04\/logo.png","width":170,"height":70,"caption":"Phanimenal"},"image":{"@id":"https:\/\/phanimenal.de\/#\/schema\/logo\/image\/"},"sameAs":["https:\/\/www.facebook.com\/phanimenal","https:\/\/www.instagram.com\/phanimenal","https:\/\/www.youtube.com\/channel\/UCbK_Z9H_JoD0sWZeb2guVxw"]},{"@type":"Person","@id":"https:\/\/phanimenal.de\/#\/schema\/person\/e1dd9265ac0385ecb373011a052bc293","name":"AM","image":{"@type":"ImageObject","inLanguage":"de","@id":"https:\/\/phanimenal.de\/#\/schema\/person\/image\/","url":"https:\/\/secure.gravatar.com\/avatar\/87c965ccf859177fd81ae236167111a1?s=96&d=mm&r=g","contentUrl":"https:\/\/secure.gravatar.com\/avatar\/87c965ccf859177fd81ae236167111a1?s=96&d=mm&r=g","caption":"AM"},"sameAs":["http:\/\/wp2.phanimenal.de"],"url":"https:\/\/phanimenal.de\/index.php\/author\/admin\/"}]}},"jetpack_featured_media_url":"https:\/\/phanimenal.de\/wp-content\/uploads\/\/ChopperDesign.jpg","_links":{"self":[{"href":"https:\/\/phanimenal.de\/index.php\/wp-json\/wp\/v2\/posts\/17189"}],"collection":[{"href":"https:\/\/phanimenal.de\/index.php\/wp-json\/wp\/v2\/posts"}],"about":[{"href":"https:\/\/phanimenal.de\/index.php\/wp-json\/wp\/v2\/types\/post"}],"author":[{"embeddable":true,"href":"https:\/\/phanimenal.de\/index.php\/wp-json\/wp\/v2\/users\/1"}],"replies":[{"embeddable":true,"href":"https:\/\/phanimenal.de\/index.php\/wp-json\/wp\/v2\/comments?post=17189"}],"version-history":[{"count":5,"href":"https:\/\/phanimenal.de\/index.php\/wp-json\/wp\/v2\/posts\/17189\/revisions"}],"predecessor-version":[{"id":17198,"href":"https:\/\/phanimenal.de\/index.php\/wp-json\/wp\/v2\/posts\/17189\/revisions\/17198"}],"wp:featuredmedia":[{"embeddable":true,"href":"https:\/\/phanimenal.de\/index.php\/wp-json\/wp\/v2\/media\/17190"}],"wp:attachment":[{"href":"https:\/\/phanimenal.de\/index.php\/wp-json\/wp\/v2\/media?parent=17189"}],"wp:term":[{"taxonomy":"category","embeddable":true,"href":"https:\/\/phanimenal.de\/index.php\/wp-json\/wp\/v2\/categories?post=17189"},{"taxonomy":"post_tag","embeddable":true,"href":"https:\/\/phanimenal.de\/index.php\/wp-json\/wp\/v2\/tags?post=17189"}],"curies":[{"name":"wp","href":"https:\/\/api.w.org\/{rel}","templated":true}]}}