{"id":20046,"date":"2022-09-30T20:49:34","date_gmt":"2022-09-30T18:49:34","guid":{"rendered":"https:\/\/phanimenal.de\/?p=20046"},"modified":"2022-09-30T20:49:34","modified_gmt":"2022-09-30T18:49:34","slug":"nach-der-2-staffel-the-devil-is-a-part-timer-kuendigt-neuen-anime-an","status":"publish","type":"post","link":"https:\/\/phanimenal.de\/index.php\/2022\/09\/30\/nach-der-2-staffel-the-devil-is-a-part-timer-kuendigt-neuen-anime-an\/","title":{"rendered":"Nach der 2. Staffel &#8211; The Devil Is a Part-Timer k\u00fcndigt neuen Anime an"},"content":{"rendered":"<h2 style=\"text-align: center;\">The Devil Is a Part-Timer<\/h2>\n<p>Die R\u00fcckkehr von The Devil is a Part-Timer wurde von den Fans schon lange erwartet, und jetzt scheint es, als g\u00e4be es noch mehr, worauf man sich freuen kann. Das Team hinter der Serie hat die Fans \u00fcber die Zukunft der Serie informiert, und es stellt sich heraus, dass die zweite Staffel eine eigene Fortsetzung bekommt!<\/p>\n<p>Das Update wurde heute ver\u00f6ffentlicht, nachdem The Devil is a Part-Timer best\u00e4tigt hat, dass es mit einem weiteren Anime-Projekt zur\u00fcckkehren wird. Im Moment wird erwartet, dass die Fortsetzung im Jahr 2023 startet. Studio 3Hz wird das Projekt beaufsichtigen, und nat\u00fcrlich wird es alle Top-Charaktere des Animes zur\u00fcckbringen.<\/p>\n<p>The Devil is a Part-Timer basiert auf einer Light Novel, die im Februar 2011 begann und Ende 2020 endete. Im Jahr 2013 erweckte White Fox die Serie mit einem Anime auf dem Bildschirm zum Leben, und 3Hz nahm The Devil is a Part-Timer f\u00fcr die zweite Staffel im Jahr 2022 wieder auf. Jetzt scheint es, dass ein weiteres Anime-Projekt in Arbeit ist, und es wird n\u00e4chstes Jahr live gehen, sofern es keine Verz\u00f6gerungen gibt.<\/p>\n<h2 style=\"text-align: center;\"><a href=\"https:\/\/phanimenal.de\/?s=Crunchyroll\">Crunchyroll<\/a><\/h2>\n<p>Wenn du die Serie noch nicht kennst, kannst du dir The Devil is a Part-Timer auf Crunchyroll ansehen, um das nachzuholen. Unten kannst du eine Zusammenfassung der Geschichte lesen, um alle Details zu erfahren.<\/p>\n<p>&#8222;Nachdem der Teufelsk\u00f6nig und sein General von der Heldin Emilia ordentlich verpr\u00fcgelt wurden, fl\u00fcchten sie \u00fcberst\u00fcrzt in ein Paralleluniversum&#8230; und landen mitten im modernen Tokio! Da sie nicht \u00fcber die n\u00f6tige Magie verf\u00fcgen, um nach Hause zur\u00fcckzukehren, sind die beiden gezwungen, menschliche Identit\u00e4ten anzunehmen und ein normales Leben zu f\u00fchren, bis sie eine bessere L\u00f6sung gefunden haben.<\/p>\n<p>Und um \u00fcber die Runden zu kommen, findet Satan eine Anstellung in einem nahe gelegenen Fastfood-Laden! Mit seinem teuflischen Plan, sich in der Nahrungskette des Managements nach oben zu arbeiten, wird er seinen Eroberungsdurst nicht stillen k\u00f6nnen.&#8220;<\/p>\n<p>Hier seht ihr den Tweet:<\/p>\n<blockquote class=\"twitter-tweet\" data-width=\"550\" data-dnt=\"true\">\n<p lang=\"ja\" dir=\"ltr\">\u25b7\u25b7\u25b7<\/p>\n<p>\ud83c\udf5f  \u2026\u2026\u2026\u2026\u2026\u2026 \ud83e\udd64 \u2026\u2026\u2026\u2026\u2026\u2026\u2026  \ud83c\udf54<\/p>\n<p>TV\u30a2\u30cb\u30e1\u300c<a href=\"https:\/\/twitter.com\/hashtag\/%E3%81%AF%E3%81%9F%E3%82%89%E3%81%8F%E9%AD%94%E7%8E%8B%E3%81%95%E3%81%BE?src=hash&amp;ref_src=twsrc%5Etfw\">#\u306f\u305f\u3089\u304f\u9b54\u738b\u3055\u307e<\/a> \uff01\uff01\u300d<br \/>  \u7b2c2\u671f \u7d9a\u7de8 \uff1c2023\u5e74\uff1e\u653e\u9001 \u6c7a\u5b9a<\/p>\n<p>\ud83c\udf5f  \u2026\u2026\u2026\u2026\u2026\u2026 \ud83e\udd64 \u2026\u2026\u2026\u2026\u2026\u2026\u2026  \ud83c\udf54<\/p>\n<p>\u25b7\u25b7\u25b7<\/p>\n<p>\u30a8\u30f3\u30c6\u30fb\u30a4\u30b9\u30e9\u3067\u306e\u59ff\u306e\u9762\u3005\u3001<br \/>\u7d9a\u7de8\u3067\u306f\u3042\u306e\u65b0\u30ad\u30e3\u30e9\u306e\u767b\u5834\u3082\uff01\uff1f<\/p>\n<p>\ud83c\udff7<a href=\"https:\/\/t.co\/9MlrWcdvNp\">https:\/\/t.co\/9MlrWcdvNp<\/a><br \/>\ud83d\udde3<a href=\"https:\/\/twitter.com\/hashtag\/maousama?src=hash&amp;ref_src=twsrc%5Etfw\">#maousama<\/a> <a href=\"https:\/\/t.co\/LjkYkVW6do\">pic.twitter.com\/LjkYkVW6do<\/a><\/p>\n<p>&mdash; TV\u30a2\u30cb\u30e1\u300c\u306f\u305f\u3089\u304f\u9b54\u738b\u3055\u307e\uff01\uff01\u300d\u516c\u5f0f\ud83c\udf5f (@anime_maousama) <a href=\"https:\/\/twitter.com\/anime_maousama\/status\/1575500647314628608?ref_src=twsrc%5Etfw\">September 29, 2022<\/a><\/p><\/blockquote>\n<p><script async src=\"https:\/\/platform.twitter.com\/widgets.js\" charset=\"utf-8\"><\/script><\/p>\n","protected":false},"excerpt":{"rendered":"<p>The Devil Is a Part-Timer Die R\u00fcckkehr von The Devil is a Part-Timer wurde von den Fans schon lange erwartet,<\/p>\n","protected":false},"author":20,"featured_media":14739,"comment_status":"closed","ping_status":"open","sticky":false,"template":"","format":"standard","meta":[],"categories":[2],"tags":[100,4015],"yoast_head":"<!-- This site is optimized with the Yoast SEO Premium plugin v20.2.1 (Yoast SEO v20.2.1) - https:\/\/yoast.com\/wordpress\/plugins\/seo\/ -->\n<title>Nach der 2. Staffel - The Devil Is a Part-Timer k\u00fcndigt neuen Anime an - Phanimenal - T\u00e4glich interessante Anime News und Gaming News<\/title>\n<meta name=\"robots\" content=\"index, follow, max-snippet:-1, max-image-preview:large, max-video-preview:-1\" \/>\n<link rel=\"canonical\" href=\"https:\/\/phanimenal.de\/index.php\/2022\/09\/30\/nach-der-2-staffel-the-devil-is-a-part-timer-kuendigt-neuen-anime-an\/\" \/>\n<meta property=\"og:locale\" content=\"de_DE\" \/>\n<meta property=\"og:type\" content=\"article\" \/>\n<meta property=\"og:title\" content=\"Nach der 2. Staffel - The Devil Is a Part-Timer k\u00fcndigt neuen Anime an\" \/>\n<meta property=\"og:description\" content=\"Phanimenal - T\u00e4glich interessante Anime News und Gaming News\" \/>\n<meta property=\"og:url\" content=\"https:\/\/phanimenal.de\/index.php\/2022\/09\/30\/nach-der-2-staffel-the-devil-is-a-part-timer-kuendigt-neuen-anime-an\/\" \/>\n<meta property=\"og:site_name\" content=\"Phanimenal - T\u00e4glich interessante Anime News und Gaming News\" \/>\n<meta property=\"article:publisher\" content=\"https:\/\/www.facebook.com\/phanimenal\" \/>\n<meta property=\"article:published_time\" content=\"2022-09-30T18:49:34+00:00\" \/>\n<meta property=\"og:image\" content=\"https:\/\/phanimenal.de\/wp-content\/uploads\/\/TheDevilIsAParttimer.jpg\" \/>\n\t<meta property=\"og:image:width\" content=\"1497\" \/>\n\t<meta property=\"og:image:height\" content=\"777\" \/>\n\t<meta property=\"og:image:type\" content=\"image\/jpeg\" \/>\n<meta name=\"author\" content=\"Redaktion\" \/>\n<meta name=\"twitter:label1\" content=\"Verfasst von\" \/>\n\t<meta name=\"twitter:data1\" content=\"Redaktion\" \/>\n\t<meta name=\"twitter:label2\" content=\"Gesch\u00e4tzte Lesezeit\" \/>\n\t<meta name=\"twitter:data2\" content=\"2\u00a0Minuten\" \/>\n<script type=\"application\/ld+json\" class=\"yoast-schema-graph\">{\"@context\":\"https:\/\/schema.org\",\"@graph\":[{\"@type\":\"Article\",\"@id\":\"https:\/\/phanimenal.de\/index.php\/2022\/09\/30\/nach-der-2-staffel-the-devil-is-a-part-timer-kuendigt-neuen-anime-an\/#article\",\"isPartOf\":{\"@id\":\"https:\/\/phanimenal.de\/index.php\/2022\/09\/30\/nach-der-2-staffel-the-devil-is-a-part-timer-kuendigt-neuen-anime-an\/\"},\"author\":{\"name\":\"Redaktion\",\"@id\":\"https:\/\/phanimenal.de\/#\/schema\/person\/4c49cddeeb21ba6ad627cd820367dbd0\"},\"headline\":\"Nach der 2. Staffel &#8211; The Devil Is a Part-Timer k\u00fcndigt neuen Anime an\",\"datePublished\":\"2022-09-30T18:49:34+00:00\",\"dateModified\":\"2022-09-30T18:49:34+00:00\",\"mainEntityOfPage\":{\"@id\":\"https:\/\/phanimenal.de\/index.php\/2022\/09\/30\/nach-der-2-staffel-the-devil-is-a-part-timer-kuendigt-neuen-anime-an\/\"},\"wordCount\":351,\"publisher\":{\"@id\":\"https:\/\/phanimenal.de\/#organization\"},\"keywords\":[\"Crunchyroll\",\"The Devil Is a Part-Timer\"],\"articleSection\":[\"Anime\"],\"inLanguage\":\"de\",\"copyrightYear\":\"2022\",\"copyrightHolder\":{\"@id\":\"https:\/\/phanimenal.de\/#organization\"}},{\"@type\":\"WebPage\",\"@id\":\"https:\/\/phanimenal.de\/index.php\/2022\/09\/30\/nach-der-2-staffel-the-devil-is-a-part-timer-kuendigt-neuen-anime-an\/\",\"url\":\"https:\/\/phanimenal.de\/index.php\/2022\/09\/30\/nach-der-2-staffel-the-devil-is-a-part-timer-kuendigt-neuen-anime-an\/\",\"name\":\"Nach der 2. Staffel - The Devil Is a Part-Timer k\u00fcndigt neuen Anime an - Phanimenal - T\u00e4glich interessante Anime News und Gaming News\",\"isPartOf\":{\"@id\":\"https:\/\/phanimenal.de\/#website\"},\"datePublished\":\"2022-09-30T18:49:34+00:00\",\"dateModified\":\"2022-09-30T18:49:34+00:00\",\"breadcrumb\":{\"@id\":\"https:\/\/phanimenal.de\/index.php\/2022\/09\/30\/nach-der-2-staffel-the-devil-is-a-part-timer-kuendigt-neuen-anime-an\/#breadcrumb\"},\"inLanguage\":\"de\",\"potentialAction\":[{\"@type\":\"ReadAction\",\"target\":[\"https:\/\/phanimenal.de\/index.php\/2022\/09\/30\/nach-der-2-staffel-the-devil-is-a-part-timer-kuendigt-neuen-anime-an\/\"]}]},{\"@type\":\"BreadcrumbList\",\"@id\":\"https:\/\/phanimenal.de\/index.php\/2022\/09\/30\/nach-der-2-staffel-the-devil-is-a-part-timer-kuendigt-neuen-anime-an\/#breadcrumb\",\"itemListElement\":[{\"@type\":\"ListItem\",\"position\":1,\"name\":\"Startseite\",\"item\":\"https:\/\/phanimenal.de\/\"},{\"@type\":\"ListItem\",\"position\":2,\"name\":\"Nach der 2. Staffel &#8211; The Devil Is a Part-Timer k\u00fcndigt neuen Anime an\"}]},{\"@type\":\"WebSite\",\"@id\":\"https:\/\/phanimenal.de\/#website\",\"url\":\"https:\/\/phanimenal.de\/\",\"name\":\"Phanimenal - T\u00e4glich interessante Anime News und Gaming News\",\"description\":\"Auf Phanimenal findest du die aktuellsten Anime-News aus Japan und Deutschland\",\"publisher\":{\"@id\":\"https:\/\/phanimenal.de\/#organization\"},\"potentialAction\":[{\"@type\":\"SearchAction\",\"target\":{\"@type\":\"EntryPoint\",\"urlTemplate\":\"https:\/\/phanimenal.de\/?s={search_term_string}\"},\"query-input\":\"required name=search_term_string\"}],\"inLanguage\":\"de\"},{\"@type\":\"Organization\",\"@id\":\"https:\/\/phanimenal.de\/#organization\",\"name\":\"Phanimenal\",\"url\":\"https:\/\/phanimenal.de\/\",\"logo\":{\"@type\":\"ImageObject\",\"inLanguage\":\"de\",\"@id\":\"https:\/\/phanimenal.de\/#\/schema\/logo\/image\/\",\"url\":\"https:\/\/phanimenal.de\/wp-content\/uploads\/\/2016\/04\/logo.png\",\"contentUrl\":\"https:\/\/phanimenal.de\/wp-content\/uploads\/\/2016\/04\/logo.png\",\"width\":170,\"height\":70,\"caption\":\"Phanimenal\"},\"image\":{\"@id\":\"https:\/\/phanimenal.de\/#\/schema\/logo\/image\/\"},\"sameAs\":[\"https:\/\/www.facebook.com\/phanimenal\",\"https:\/\/www.instagram.com\/phanimenal\",\"https:\/\/www.youtube.com\/channel\/UCbK_Z9H_JoD0sWZeb2guVxw\"]},{\"@type\":\"Person\",\"@id\":\"https:\/\/phanimenal.de\/#\/schema\/person\/4c49cddeeb21ba6ad627cd820367dbd0\",\"name\":\"Redaktion\",\"image\":{\"@type\":\"ImageObject\",\"inLanguage\":\"de\",\"@id\":\"https:\/\/phanimenal.de\/#\/schema\/person\/image\/\",\"url\":\"https:\/\/secure.gravatar.com\/avatar\/09a8126b3974641b0bccb021bf5549db?s=96&d=mm&r=g\",\"contentUrl\":\"https:\/\/secure.gravatar.com\/avatar\/09a8126b3974641b0bccb021bf5549db?s=96&d=mm&r=g\",\"caption\":\"Redaktion\"},\"url\":\"https:\/\/phanimenal.de\/index.php\/author\/redaktion\/\"}]}<\/script>\n<!-- \/ Yoast SEO Premium plugin. -->","yoast_head_json":{"title":"Nach der 2. Staffel - The Devil Is a Part-Timer k\u00fcndigt neuen Anime an - Phanimenal - T\u00e4glich interessante Anime News und Gaming News","robots":{"index":"index","follow":"follow","max-snippet":"max-snippet:-1","max-image-preview":"max-image-preview:large","max-video-preview":"max-video-preview:-1"},"canonical":"https:\/\/phanimenal.de\/index.php\/2022\/09\/30\/nach-der-2-staffel-the-devil-is-a-part-timer-kuendigt-neuen-anime-an\/","og_locale":"de_DE","og_type":"article","og_title":"Nach der 2. Staffel - The Devil Is a Part-Timer k\u00fcndigt neuen Anime an","og_description":"Phanimenal - T\u00e4glich interessante Anime News und Gaming News","og_url":"https:\/\/phanimenal.de\/index.php\/2022\/09\/30\/nach-der-2-staffel-the-devil-is-a-part-timer-kuendigt-neuen-anime-an\/","og_site_name":"Phanimenal - T\u00e4glich interessante Anime News und Gaming News","article_publisher":"https:\/\/www.facebook.com\/phanimenal","article_published_time":"2022-09-30T18:49:34+00:00","og_image":[{"width":1497,"height":777,"url":"https:\/\/phanimenal.de\/wp-content\/uploads\/\/TheDevilIsAParttimer.jpg","type":"image\/jpeg"}],"author":"Redaktion","twitter_misc":{"Verfasst von":"Redaktion","Gesch\u00e4tzte Lesezeit":"2\u00a0Minuten"},"schema":{"@context":"https:\/\/schema.org","@graph":[{"@type":"Article","@id":"https:\/\/phanimenal.de\/index.php\/2022\/09\/30\/nach-der-2-staffel-the-devil-is-a-part-timer-kuendigt-neuen-anime-an\/#article","isPartOf":{"@id":"https:\/\/phanimenal.de\/index.php\/2022\/09\/30\/nach-der-2-staffel-the-devil-is-a-part-timer-kuendigt-neuen-anime-an\/"},"author":{"name":"Redaktion","@id":"https:\/\/phanimenal.de\/#\/schema\/person\/4c49cddeeb21ba6ad627cd820367dbd0"},"headline":"Nach der 2. Staffel &#8211; The Devil Is a Part-Timer k\u00fcndigt neuen Anime an","datePublished":"2022-09-30T18:49:34+00:00","dateModified":"2022-09-30T18:49:34+00:00","mainEntityOfPage":{"@id":"https:\/\/phanimenal.de\/index.php\/2022\/09\/30\/nach-der-2-staffel-the-devil-is-a-part-timer-kuendigt-neuen-anime-an\/"},"wordCount":351,"publisher":{"@id":"https:\/\/phanimenal.de\/#organization"},"keywords":["Crunchyroll","The Devil Is a Part-Timer"],"articleSection":["Anime"],"inLanguage":"de","copyrightYear":"2022","copyrightHolder":{"@id":"https:\/\/phanimenal.de\/#organization"}},{"@type":"WebPage","@id":"https:\/\/phanimenal.de\/index.php\/2022\/09\/30\/nach-der-2-staffel-the-devil-is-a-part-timer-kuendigt-neuen-anime-an\/","url":"https:\/\/phanimenal.de\/index.php\/2022\/09\/30\/nach-der-2-staffel-the-devil-is-a-part-timer-kuendigt-neuen-anime-an\/","name":"Nach der 2. Staffel - The Devil Is a Part-Timer k\u00fcndigt neuen Anime an - Phanimenal - T\u00e4glich interessante Anime News und Gaming News","isPartOf":{"@id":"https:\/\/phanimenal.de\/#website"},"datePublished":"2022-09-30T18:49:34+00:00","dateModified":"2022-09-30T18:49:34+00:00","breadcrumb":{"@id":"https:\/\/phanimenal.de\/index.php\/2022\/09\/30\/nach-der-2-staffel-the-devil-is-a-part-timer-kuendigt-neuen-anime-an\/#breadcrumb"},"inLanguage":"de","potentialAction":[{"@type":"ReadAction","target":["https:\/\/phanimenal.de\/index.php\/2022\/09\/30\/nach-der-2-staffel-the-devil-is-a-part-timer-kuendigt-neuen-anime-an\/"]}]},{"@type":"BreadcrumbList","@id":"https:\/\/phanimenal.de\/index.php\/2022\/09\/30\/nach-der-2-staffel-the-devil-is-a-part-timer-kuendigt-neuen-anime-an\/#breadcrumb","itemListElement":[{"@type":"ListItem","position":1,"name":"Startseite","item":"https:\/\/phanimenal.de\/"},{"@type":"ListItem","position":2,"name":"Nach der 2. Staffel &#8211; The Devil Is a Part-Timer k\u00fcndigt neuen Anime an"}]},{"@type":"WebSite","@id":"https:\/\/phanimenal.de\/#website","url":"https:\/\/phanimenal.de\/","name":"Phanimenal - T\u00e4glich interessante Anime News und Gaming News","description":"Auf Phanimenal findest du die aktuellsten Anime-News aus Japan und Deutschland","publisher":{"@id":"https:\/\/phanimenal.de\/#organization"},"potentialAction":[{"@type":"SearchAction","target":{"@type":"EntryPoint","urlTemplate":"https:\/\/phanimenal.de\/?s={search_term_string}"},"query-input":"required name=search_term_string"}],"inLanguage":"de"},{"@type":"Organization","@id":"https:\/\/phanimenal.de\/#organization","name":"Phanimenal","url":"https:\/\/phanimenal.de\/","logo":{"@type":"ImageObject","inLanguage":"de","@id":"https:\/\/phanimenal.de\/#\/schema\/logo\/image\/","url":"https:\/\/phanimenal.de\/wp-content\/uploads\/\/2016\/04\/logo.png","contentUrl":"https:\/\/phanimenal.de\/wp-content\/uploads\/\/2016\/04\/logo.png","width":170,"height":70,"caption":"Phanimenal"},"image":{"@id":"https:\/\/phanimenal.de\/#\/schema\/logo\/image\/"},"sameAs":["https:\/\/www.facebook.com\/phanimenal","https:\/\/www.instagram.com\/phanimenal","https:\/\/www.youtube.com\/channel\/UCbK_Z9H_JoD0sWZeb2guVxw"]},{"@type":"Person","@id":"https:\/\/phanimenal.de\/#\/schema\/person\/4c49cddeeb21ba6ad627cd820367dbd0","name":"Redaktion","image":{"@type":"ImageObject","inLanguage":"de","@id":"https:\/\/phanimenal.de\/#\/schema\/person\/image\/","url":"https:\/\/secure.gravatar.com\/avatar\/09a8126b3974641b0bccb021bf5549db?s=96&d=mm&r=g","contentUrl":"https:\/\/secure.gravatar.com\/avatar\/09a8126b3974641b0bccb021bf5549db?s=96&d=mm&r=g","caption":"Redaktion"},"url":"https:\/\/phanimenal.de\/index.php\/author\/redaktion\/"}]}},"jetpack_featured_media_url":"https:\/\/phanimenal.de\/wp-content\/uploads\/\/TheDevilIsAParttimer.jpg","_links":{"self":[{"href":"https:\/\/phanimenal.de\/index.php\/wp-json\/wp\/v2\/posts\/20046"}],"collection":[{"href":"https:\/\/phanimenal.de\/index.php\/wp-json\/wp\/v2\/posts"}],"about":[{"href":"https:\/\/phanimenal.de\/index.php\/wp-json\/wp\/v2\/types\/post"}],"author":[{"embeddable":true,"href":"https:\/\/phanimenal.de\/index.php\/wp-json\/wp\/v2\/users\/20"}],"replies":[{"embeddable":true,"href":"https:\/\/phanimenal.de\/index.php\/wp-json\/wp\/v2\/comments?post=20046"}],"version-history":[{"count":2,"href":"https:\/\/phanimenal.de\/index.php\/wp-json\/wp\/v2\/posts\/20046\/revisions"}],"predecessor-version":[{"id":20048,"href":"https:\/\/phanimenal.de\/index.php\/wp-json\/wp\/v2\/posts\/20046\/revisions\/20048"}],"wp:featuredmedia":[{"embeddable":true,"href":"https:\/\/phanimenal.de\/index.php\/wp-json\/wp\/v2\/media\/14739"}],"wp:attachment":[{"href":"https:\/\/phanimenal.de\/index.php\/wp-json\/wp\/v2\/media?parent=20046"}],"wp:term":[{"taxonomy":"category","embeddable":true,"href":"https:\/\/phanimenal.de\/index.php\/wp-json\/wp\/v2\/categories?post=20046"},{"taxonomy":"post_tag","embeddable":true,"href":"https:\/\/phanimenal.de\/index.php\/wp-json\/wp\/v2\/tags?post=20046"}],"curies":[{"name":"wp","href":"https:\/\/api.w.org\/{rel}","templated":true}]}}