{"id":2022,"date":"2017-08-11T04:39:53","date_gmt":"2017-08-11T02:39:53","guid":{"rendered":"http:\/\/wp2.phanimenal.de\/?p=2022"},"modified":"2017-08-11T04:39:53","modified_gmt":"2017-08-11T02:39:53","slug":"pokemon-go-zum-27-mal-wurden-die-pokemon-nester-geaendert","status":"publish","type":"post","link":"https:\/\/phanimenal.de\/index.php\/2017\/08\/11\/pokemon-go-zum-27-mal-wurden-die-pokemon-nester-geaendert\/","title":{"rendered":"Pok\u00e9mon GO: Zum 27. Mal wurden die Pok\u00e9mon-Nester ge\u00e4ndert!"},"content":{"rendered":"<p>In <a href=\"https:\/\/phanimenal.de\/?s=Pok\u00e9mon+Go\">Pok\u00e9mon GO<\/a> haben sich die Pok\u00e9mon-Regionen zum 27. Mal ge\u00e4ndert! Nun erscheinen bei euch in der Umgebung neue Pok\u00e9mon. Neu ist, dass die Nutzer, die Pok\u00e9mon GO installiert haben, auch eine Benachrichtigung erhalten haben, dass sich die Pok\u00e9mon, die in der N\u00e4he spawnen, ge\u00e4ndert haben.<\/p>\n<p>Die aktuelle Konfiguration der Pok\u00e9mon soll allerdings nur zwei Wochen andauern. Das hei\u00dft, solltet ihr irgendwo seltene Pok\u00e9mon sehen, z\u00f6gert nicht sie zu fangen!<\/p>\n<p>Neben den aktuellen Pok\u00e9-Nestern gibt es momentan auch Kangama und Icognito in 8 deutschen St\u00e4dten zu fangen. Bis zum 21. August wird dies noch m\u00f6glich sein, also wer noch kein Kangama oder Icognito besitzt, sollte nicht warten! Es handelt sich hierbei n\u00e4mlich um &#8222;regional exklusive&#8220; Pok\u00e9mon, die es in Europa \u00fcblicherweise nicht zu fangen gibt. Grund f\u00fcr diese Aktion ist, dass man sich f\u00fcr die Verschiebung der Events entschuldigen m\u00f6chte.<\/p>\n<p>Au\u00dferdem\u00a0wurde folgender Hinweis gegeben:<\/p>\n<blockquote><p>W\u00e4hrend ihr euch nach diesen Pok\u00e9mon umschaut, solltet ihr einen Stopp in eurem lokalen\u00a0<a href=\"http:\/\/pokemongolive.com\/de\/post\/unibail\">Unibail-Rodamco Shopping Center<\/a>\u00a0einplanen. Dies sind nicht nur tolle Orte, um diese Pok\u00e9mon zu finden sondern wir haben auch geh\u00f6rt, dass zahlreiche Lockmodule an vielen Pok\u00e9stops, die an diesen Standorten gefunden werden k\u00f6nnen, an den Wochenenden vom <strong>12. August und 19. August<\/strong> den ganzen Tag \u00fcber aktiviert sein werden.<\/p><\/blockquote>\n<figure style=\"width: 250px\" class=\"wp-caption aligncenter\"><a href=\"https:\/\/www.amazon.de\/Pkmn2-Pokemon-Poke-Kugel-Halskette-Pokeballs-Auswahl\/dp\/B01LFEDLCS\/ref=as_li_ss_il?_encoding=UTF8&amp;psc=1&amp;refRID=GVNG7PR8FMT2G1P3A1XA&amp;linkCode=li3&amp;tag=phanimenal07-21&amp;linkId=3941823b67530a8a7ddad2c1f8c37dbd\" target=\"_blank\" rel=\"noopener noreferrer\"><img decoding=\"async\" loading=\"lazy\" src=\"\/\/ws-eu.amazon-adsystem.com\/widgets\/q?_encoding=UTF8&amp;ASIN=B01LFEDLCS&amp;Format=_SL250_&amp;ID=AsinImage&amp;MarketPlace=DE&amp;ServiceVersion=20070822&amp;WS=1&amp;tag=phanimenal07-21\" alt=\"\" width=\"250\" height=\"228\" border=\"0\" \/><\/a><figcaption class=\"wp-caption-text\">Jetzt auf Amazon bestellen!<\/figcaption><\/figure>\n<p>Die teilnehmenden St\u00e4dte sind folgende:<\/p>\n<p>Vienna, \u00d6sterreich<br \/>\nPrag, Tschechien<br \/>\nKopenhagen, D\u00e4nemark<br \/>\nHelsinki, Finnland<br \/>\nDijon, Frankreich<br \/>\nLille, Frankreich<br \/>\nLyon, Frankreich<br \/>\nMarseille, Frankreich<br \/>\nNizza, Frankreich<br \/>\nParis, Frankreich<br \/>\nRennes, Frankreich<br \/>\nBerlin, Deutschland<br \/>\nBochum, Deutschland<br \/>\nGera, Deutschland<br \/>\nLeipzig, Deutschland<br \/>\nM\u00f6nchengladbach, Deutschland<\/p>\n\n<p>M\u00fcnchen, Deutschland<br \/>\nOberhausen, Deutschland<br \/>\nRecklinghausen, Deutschland<br \/>\nMailand, Italien<br \/>\nNeapel, Italien<br \/>\nRom, Italien<br \/>\nOslo, Norwegen<br \/>\nWarschau, Polen<br \/>\nLissabon, Portugal<br \/>\nBratislava, Slowakei<br \/>\nBadajoz, Spanien<br \/>\nBarcelona, Spanien<br \/>\nC\u00e1diz, Spanien<br \/>\nMadrid, Spanien<br \/>\nSevilla, Spanien<br \/>\nSan Sebasti\u00e1n, Spanien<br \/>\nValencia, Spanien<br \/>\nValladolid, Spanien<br \/>\nStockholm, Schweden<br \/>\nZ\u00fcrich, Schweiz<br \/>\nAlmere, Niederlande<br \/>\nAmsterdam, Niederlande<br \/>\nLeidschendam, Niederlande<br \/>\nZoetermeer, Niederlande<br \/>\nBelfast, Gro\u00dfbritannien<br \/>\nBirmingham, Gro\u00dfbritannien<br \/>\nCardiff, Gro\u00dfbritannien<br \/>\nGlasgow, Gro\u00dfbritannien<br \/>\nLondon, Gro\u00dfbritannien<br \/>\nManchester, Gro\u00dfbritannien<\/p>\n<p>Quelle: <a href=\"https:\/\/pokemongohub.net\/post\/breaking-news\/27th-nest-migration-happened\/\"><a href=\"https:\/\/phanimenal.de\/?s=Pokemon+Go\">Pokemon Go<\/a> Hub<\/a><\/p>\n","protected":false},"excerpt":{"rendered":"<p>In <a href=\"https:\/\/phanimenal.de\/?s=Pok\u00e9mon+Go\">Pok\u00e9mon GO<\/a> haben sich die Pok\u00e9mon-Regionen zum 27. Mal ge\u00e4ndert! Nun erscheinen bei euch in der Umgebung neue Pok\u00e9mon.<\/p>\n","protected":false},"author":1,"featured_media":1724,"comment_status":"open","ping_status":"open","sticky":false,"template":"","format":"standard","meta":[],"categories":[2],"tags":[],"yoast_head":"<!-- This site is optimized with the Yoast SEO Premium plugin v20.2.1 (Yoast SEO v20.2.1) - https:\/\/yoast.com\/wordpress\/plugins\/seo\/ -->\n<title>Pok\u00e9mon GO: Zum 27. Mal wurden die Pok\u00e9mon-Nester ge\u00e4ndert! - Phanimenal - T\u00e4glich interessante Anime News und Gaming News<\/title>\n<meta name=\"robots\" content=\"index, follow, max-snippet:-1, max-image-preview:large, max-video-preview:-1\" \/>\n<link rel=\"canonical\" href=\"https:\/\/phanimenal.de\/index.php\/2017\/08\/11\/pokemon-go-zum-27-mal-wurden-die-pokemon-nester-geaendert\/\" \/>\n<meta property=\"og:locale\" content=\"de_DE\" \/>\n<meta property=\"og:type\" content=\"article\" \/>\n<meta property=\"og:title\" content=\"Pok\u00e9mon GO: Zum 27. Mal wurden die Pok\u00e9mon-Nester ge\u00e4ndert!\" \/>\n<meta property=\"og:description\" content=\"Neue Pok\u00e9mon in eurer Umgebung!\" \/>\n<meta property=\"og:url\" content=\"https:\/\/phanimenal.de\/index.php\/2017\/08\/11\/pokemon-go-zum-27-mal-wurden-die-pokemon-nester-geaendert\/\" \/>\n<meta property=\"og:site_name\" content=\"Phanimenal - T\u00e4glich interessante Anime News und Gaming News\" \/>\n<meta property=\"article:publisher\" content=\"https:\/\/www.facebook.com\/phanimenal\" \/>\n<meta property=\"article:published_time\" content=\"2017-08-11T02:39:53+00:00\" \/>\n<meta property=\"og:image\" content=\"https:\/\/phanimenal.de\/wp-content\/uploads\/\/2017\/06\/PokemonGORaids.jpg\" \/>\n\t<meta property=\"og:image:width\" content=\"998\" \/>\n\t<meta property=\"og:image:height\" content=\"594\" \/>\n\t<meta property=\"og:image:type\" content=\"image\/jpeg\" \/>\n<meta name=\"author\" content=\"AM\" \/>\n<meta name=\"twitter:label1\" content=\"Verfasst von\" \/>\n\t<meta name=\"twitter:data1\" content=\"AM\" \/>\n\t<meta name=\"twitter:label2\" content=\"Gesch\u00e4tzte Lesezeit\" \/>\n\t<meta name=\"twitter:data2\" content=\"2\u00a0Minuten\" \/>\n<script type=\"application\/ld+json\" class=\"yoast-schema-graph\">{\"@context\":\"https:\/\/schema.org\",\"@graph\":[{\"@type\":\"Article\",\"@id\":\"https:\/\/phanimenal.de\/index.php\/2017\/08\/11\/pokemon-go-zum-27-mal-wurden-die-pokemon-nester-geaendert\/#article\",\"isPartOf\":{\"@id\":\"https:\/\/phanimenal.de\/index.php\/2017\/08\/11\/pokemon-go-zum-27-mal-wurden-die-pokemon-nester-geaendert\/\"},\"author\":{\"name\":\"AM\",\"@id\":\"https:\/\/phanimenal.de\/#\/schema\/person\/e1dd9265ac0385ecb373011a052bc293\"},\"headline\":\"Pok\u00e9mon GO: Zum 27. Mal wurden die Pok\u00e9mon-Nester ge\u00e4ndert!\",\"datePublished\":\"2017-08-11T02:39:53+00:00\",\"dateModified\":\"2017-08-11T02:39:53+00:00\",\"mainEntityOfPage\":{\"@id\":\"https:\/\/phanimenal.de\/index.php\/2017\/08\/11\/pokemon-go-zum-27-mal-wurden-die-pokemon-nester-geaendert\/\"},\"wordCount\":368,\"commentCount\":0,\"publisher\":{\"@id\":\"https:\/\/phanimenal.de\/#organization\"},\"articleSection\":[\"Anime\"],\"inLanguage\":\"de\",\"potentialAction\":[{\"@type\":\"CommentAction\",\"name\":\"Comment\",\"target\":[\"https:\/\/phanimenal.de\/index.php\/2017\/08\/11\/pokemon-go-zum-27-mal-wurden-die-pokemon-nester-geaendert\/#respond\"]}],\"copyrightYear\":\"2017\",\"copyrightHolder\":{\"@id\":\"https:\/\/phanimenal.de\/#organization\"}},{\"@type\":\"WebPage\",\"@id\":\"https:\/\/phanimenal.de\/index.php\/2017\/08\/11\/pokemon-go-zum-27-mal-wurden-die-pokemon-nester-geaendert\/\",\"url\":\"https:\/\/phanimenal.de\/index.php\/2017\/08\/11\/pokemon-go-zum-27-mal-wurden-die-pokemon-nester-geaendert\/\",\"name\":\"Pok\u00e9mon GO: Zum 27. Mal wurden die Pok\u00e9mon-Nester ge\u00e4ndert! - Phanimenal - T\u00e4glich interessante Anime News und Gaming News\",\"isPartOf\":{\"@id\":\"https:\/\/phanimenal.de\/#website\"},\"datePublished\":\"2017-08-11T02:39:53+00:00\",\"dateModified\":\"2017-08-11T02:39:53+00:00\",\"breadcrumb\":{\"@id\":\"https:\/\/phanimenal.de\/index.php\/2017\/08\/11\/pokemon-go-zum-27-mal-wurden-die-pokemon-nester-geaendert\/#breadcrumb\"},\"inLanguage\":\"de\",\"potentialAction\":[{\"@type\":\"ReadAction\",\"target\":[\"https:\/\/phanimenal.de\/index.php\/2017\/08\/11\/pokemon-go-zum-27-mal-wurden-die-pokemon-nester-geaendert\/\"]}]},{\"@type\":\"BreadcrumbList\",\"@id\":\"https:\/\/phanimenal.de\/index.php\/2017\/08\/11\/pokemon-go-zum-27-mal-wurden-die-pokemon-nester-geaendert\/#breadcrumb\",\"itemListElement\":[{\"@type\":\"ListItem\",\"position\":1,\"name\":\"Startseite\",\"item\":\"https:\/\/phanimenal.de\/\"},{\"@type\":\"ListItem\",\"position\":2,\"name\":\"Pok\u00e9mon GO: Zum 27. Mal wurden die Pok\u00e9mon-Nester ge\u00e4ndert!\"}]},{\"@type\":\"WebSite\",\"@id\":\"https:\/\/phanimenal.de\/#website\",\"url\":\"https:\/\/phanimenal.de\/\",\"name\":\"Phanimenal - T\u00e4glich interessante Anime News und Gaming News\",\"description\":\"Auf Phanimenal findest du die aktuellsten Anime-News aus Japan und Deutschland\",\"publisher\":{\"@id\":\"https:\/\/phanimenal.de\/#organization\"},\"potentialAction\":[{\"@type\":\"SearchAction\",\"target\":{\"@type\":\"EntryPoint\",\"urlTemplate\":\"https:\/\/phanimenal.de\/?s={search_term_string}\"},\"query-input\":\"required name=search_term_string\"}],\"inLanguage\":\"de\"},{\"@type\":\"Organization\",\"@id\":\"https:\/\/phanimenal.de\/#organization\",\"name\":\"Phanimenal\",\"url\":\"https:\/\/phanimenal.de\/\",\"logo\":{\"@type\":\"ImageObject\",\"inLanguage\":\"de\",\"@id\":\"https:\/\/phanimenal.de\/#\/schema\/logo\/image\/\",\"url\":\"https:\/\/phanimenal.de\/wp-content\/uploads\/\/2016\/04\/logo.png\",\"contentUrl\":\"https:\/\/phanimenal.de\/wp-content\/uploads\/\/2016\/04\/logo.png\",\"width\":170,\"height\":70,\"caption\":\"Phanimenal\"},\"image\":{\"@id\":\"https:\/\/phanimenal.de\/#\/schema\/logo\/image\/\"},\"sameAs\":[\"https:\/\/www.facebook.com\/phanimenal\",\"https:\/\/www.instagram.com\/phanimenal\",\"https:\/\/www.youtube.com\/channel\/UCbK_Z9H_JoD0sWZeb2guVxw\"]},{\"@type\":\"Person\",\"@id\":\"https:\/\/phanimenal.de\/#\/schema\/person\/e1dd9265ac0385ecb373011a052bc293\",\"name\":\"AM\",\"image\":{\"@type\":\"ImageObject\",\"inLanguage\":\"de\",\"@id\":\"https:\/\/phanimenal.de\/#\/schema\/person\/image\/\",\"url\":\"https:\/\/secure.gravatar.com\/avatar\/87c965ccf859177fd81ae236167111a1?s=96&d=mm&r=g\",\"contentUrl\":\"https:\/\/secure.gravatar.com\/avatar\/87c965ccf859177fd81ae236167111a1?s=96&d=mm&r=g\",\"caption\":\"AM\"},\"sameAs\":[\"http:\/\/wp2.phanimenal.de\"],\"url\":\"https:\/\/phanimenal.de\/index.php\/author\/admin\/\"}]}<\/script>\n<!-- \/ Yoast SEO Premium plugin. -->","yoast_head_json":{"title":"Pok\u00e9mon GO: Zum 27. Mal wurden die Pok\u00e9mon-Nester ge\u00e4ndert! - Phanimenal - T\u00e4glich interessante Anime News und Gaming News","robots":{"index":"index","follow":"follow","max-snippet":"max-snippet:-1","max-image-preview":"max-image-preview:large","max-video-preview":"max-video-preview:-1"},"canonical":"https:\/\/phanimenal.de\/index.php\/2017\/08\/11\/pokemon-go-zum-27-mal-wurden-die-pokemon-nester-geaendert\/","og_locale":"de_DE","og_type":"article","og_title":"Pok\u00e9mon GO: Zum 27. Mal wurden die Pok\u00e9mon-Nester ge\u00e4ndert!","og_description":"Neue Pok\u00e9mon in eurer Umgebung!","og_url":"https:\/\/phanimenal.de\/index.php\/2017\/08\/11\/pokemon-go-zum-27-mal-wurden-die-pokemon-nester-geaendert\/","og_site_name":"Phanimenal - T\u00e4glich interessante Anime News und Gaming News","article_publisher":"https:\/\/www.facebook.com\/phanimenal","article_published_time":"2017-08-11T02:39:53+00:00","og_image":[{"width":998,"height":594,"url":"https:\/\/phanimenal.de\/wp-content\/uploads\/\/2017\/06\/PokemonGORaids.jpg","type":"image\/jpeg"}],"author":"AM","twitter_misc":{"Verfasst von":"AM","Gesch\u00e4tzte Lesezeit":"2\u00a0Minuten"},"schema":{"@context":"https:\/\/schema.org","@graph":[{"@type":"Article","@id":"https:\/\/phanimenal.de\/index.php\/2017\/08\/11\/pokemon-go-zum-27-mal-wurden-die-pokemon-nester-geaendert\/#article","isPartOf":{"@id":"https:\/\/phanimenal.de\/index.php\/2017\/08\/11\/pokemon-go-zum-27-mal-wurden-die-pokemon-nester-geaendert\/"},"author":{"name":"AM","@id":"https:\/\/phanimenal.de\/#\/schema\/person\/e1dd9265ac0385ecb373011a052bc293"},"headline":"Pok\u00e9mon GO: Zum 27. Mal wurden die Pok\u00e9mon-Nester ge\u00e4ndert!","datePublished":"2017-08-11T02:39:53+00:00","dateModified":"2017-08-11T02:39:53+00:00","mainEntityOfPage":{"@id":"https:\/\/phanimenal.de\/index.php\/2017\/08\/11\/pokemon-go-zum-27-mal-wurden-die-pokemon-nester-geaendert\/"},"wordCount":368,"commentCount":0,"publisher":{"@id":"https:\/\/phanimenal.de\/#organization"},"articleSection":["Anime"],"inLanguage":"de","potentialAction":[{"@type":"CommentAction","name":"Comment","target":["https:\/\/phanimenal.de\/index.php\/2017\/08\/11\/pokemon-go-zum-27-mal-wurden-die-pokemon-nester-geaendert\/#respond"]}],"copyrightYear":"2017","copyrightHolder":{"@id":"https:\/\/phanimenal.de\/#organization"}},{"@type":"WebPage","@id":"https:\/\/phanimenal.de\/index.php\/2017\/08\/11\/pokemon-go-zum-27-mal-wurden-die-pokemon-nester-geaendert\/","url":"https:\/\/phanimenal.de\/index.php\/2017\/08\/11\/pokemon-go-zum-27-mal-wurden-die-pokemon-nester-geaendert\/","name":"Pok\u00e9mon GO: Zum 27. Mal wurden die Pok\u00e9mon-Nester ge\u00e4ndert! - Phanimenal - T\u00e4glich interessante Anime News und Gaming News","isPartOf":{"@id":"https:\/\/phanimenal.de\/#website"},"datePublished":"2017-08-11T02:39:53+00:00","dateModified":"2017-08-11T02:39:53+00:00","breadcrumb":{"@id":"https:\/\/phanimenal.de\/index.php\/2017\/08\/11\/pokemon-go-zum-27-mal-wurden-die-pokemon-nester-geaendert\/#breadcrumb"},"inLanguage":"de","potentialAction":[{"@type":"ReadAction","target":["https:\/\/phanimenal.de\/index.php\/2017\/08\/11\/pokemon-go-zum-27-mal-wurden-die-pokemon-nester-geaendert\/"]}]},{"@type":"BreadcrumbList","@id":"https:\/\/phanimenal.de\/index.php\/2017\/08\/11\/pokemon-go-zum-27-mal-wurden-die-pokemon-nester-geaendert\/#breadcrumb","itemListElement":[{"@type":"ListItem","position":1,"name":"Startseite","item":"https:\/\/phanimenal.de\/"},{"@type":"ListItem","position":2,"name":"Pok\u00e9mon GO: Zum 27. Mal wurden die Pok\u00e9mon-Nester ge\u00e4ndert!"}]},{"@type":"WebSite","@id":"https:\/\/phanimenal.de\/#website","url":"https:\/\/phanimenal.de\/","name":"Phanimenal - T\u00e4glich interessante Anime News und Gaming News","description":"Auf Phanimenal findest du die aktuellsten Anime-News aus Japan und Deutschland","publisher":{"@id":"https:\/\/phanimenal.de\/#organization"},"potentialAction":[{"@type":"SearchAction","target":{"@type":"EntryPoint","urlTemplate":"https:\/\/phanimenal.de\/?s={search_term_string}"},"query-input":"required name=search_term_string"}],"inLanguage":"de"},{"@type":"Organization","@id":"https:\/\/phanimenal.de\/#organization","name":"Phanimenal","url":"https:\/\/phanimenal.de\/","logo":{"@type":"ImageObject","inLanguage":"de","@id":"https:\/\/phanimenal.de\/#\/schema\/logo\/image\/","url":"https:\/\/phanimenal.de\/wp-content\/uploads\/\/2016\/04\/logo.png","contentUrl":"https:\/\/phanimenal.de\/wp-content\/uploads\/\/2016\/04\/logo.png","width":170,"height":70,"caption":"Phanimenal"},"image":{"@id":"https:\/\/phanimenal.de\/#\/schema\/logo\/image\/"},"sameAs":["https:\/\/www.facebook.com\/phanimenal","https:\/\/www.instagram.com\/phanimenal","https:\/\/www.youtube.com\/channel\/UCbK_Z9H_JoD0sWZeb2guVxw"]},{"@type":"Person","@id":"https:\/\/phanimenal.de\/#\/schema\/person\/e1dd9265ac0385ecb373011a052bc293","name":"AM","image":{"@type":"ImageObject","inLanguage":"de","@id":"https:\/\/phanimenal.de\/#\/schema\/person\/image\/","url":"https:\/\/secure.gravatar.com\/avatar\/87c965ccf859177fd81ae236167111a1?s=96&d=mm&r=g","contentUrl":"https:\/\/secure.gravatar.com\/avatar\/87c965ccf859177fd81ae236167111a1?s=96&d=mm&r=g","caption":"AM"},"sameAs":["http:\/\/wp2.phanimenal.de"],"url":"https:\/\/phanimenal.de\/index.php\/author\/admin\/"}]}},"jetpack_featured_media_url":"https:\/\/phanimenal.de\/wp-content\/uploads\/\/2017\/06\/PokemonGORaids.jpg","_links":{"self":[{"href":"https:\/\/phanimenal.de\/index.php\/wp-json\/wp\/v2\/posts\/2022"}],"collection":[{"href":"https:\/\/phanimenal.de\/index.php\/wp-json\/wp\/v2\/posts"}],"about":[{"href":"https:\/\/phanimenal.de\/index.php\/wp-json\/wp\/v2\/types\/post"}],"author":[{"embeddable":true,"href":"https:\/\/phanimenal.de\/index.php\/wp-json\/wp\/v2\/users\/1"}],"replies":[{"embeddable":true,"href":"https:\/\/phanimenal.de\/index.php\/wp-json\/wp\/v2\/comments?post=2022"}],"version-history":[{"count":0,"href":"https:\/\/phanimenal.de\/index.php\/wp-json\/wp\/v2\/posts\/2022\/revisions"}],"wp:featuredmedia":[{"embeddable":true,"href":"https:\/\/phanimenal.de\/index.php\/wp-json\/wp\/v2\/media\/1724"}],"wp:attachment":[{"href":"https:\/\/phanimenal.de\/index.php\/wp-json\/wp\/v2\/media?parent=2022"}],"wp:term":[{"taxonomy":"category","embeddable":true,"href":"https:\/\/phanimenal.de\/index.php\/wp-json\/wp\/v2\/categories?post=2022"},{"taxonomy":"post_tag","embeddable":true,"href":"https:\/\/phanimenal.de\/index.php\/wp-json\/wp\/v2\/tags?post=2022"}],"curies":[{"name":"wp","href":"https:\/\/api.w.org\/{rel}","templated":true}]}}