{"id":20422,"date":"2022-10-28T14:41:44","date_gmt":"2022-10-28T12:41:44","guid":{"rendered":"https:\/\/phanimenal.de\/?p=20422"},"modified":"2023-06-23T14:52:42","modified_gmt":"2023-06-23T12:52:42","slug":"eiichiro-oda-muss-wegen-cover-vom-104-one-piece-band-harte-kritik-einstecken","status":"publish","type":"post","link":"https:\/\/phanimenal.de\/index.php\/2022\/10\/28\/eiichiro-oda-muss-wegen-cover-vom-104-one-piece-band-harte-kritik-einstecken\/","title":{"rendered":"Eiichiro Oda muss wegen Cover  vom 104. One Piece Band harte Kritik einstecken"},"content":{"rendered":"<h2 style=\"text-align: center;\"><a href=\"https:\/\/phanimenal.de\/?s=One+Piece\">One Piece<\/a><\/h2>\n<p>Seit einigen Monaten befindet sich der Manga &#8222;One Piece&#8220; in der finalen Saga. Dies best\u00e4tigte Oda im Sommer dieses Jahres, kurz bevor er einen einmonatigen Hiatus begann, um an der angek\u00fcndigten finalen Saga zu arbeiten.<\/p>\n<p>Als er nach dem Hiatus zur\u00fcckkehrte, wurde klar: Eiichiro Oda hat es mit der finalen Saga ernst gemeint. Seither ist jedes Kapitel besser als das andere &#8211; egal ob wegen aufgekl\u00e4rten Geheimnissen, beliebten Charakteren oder erstaunliche Wendungen der Geschichte.<\/p>\n<h2 style=\"text-align: center;\">Covers<\/h2>\n<p>\u00dcblicherweise haben Mangas jeweils ein Cover f\u00fcr die Kapitel und f\u00fcr die B\u00e4nder. W\u00e4hrend die Cover bei anderen Mangas \u00fcblicherweise keine tiefe Bedeutung haben, spielen diese bei One Piece eine gro\u00dfe Rolle. Denn in den jeweiligen Covers f\u00fcr die Kapitel erz\u00e4hlt Eiichiro Oda &#8211; parallel zur eigentlichen Geschichte &#8211; eine andere, die in der Welt von One Piece passiert.<\/p>\n<p>Zu den beliebtesten Cover-Geschichten geh\u00f6ren unter anderem die Reise von Enel, der sich auf dem Mond eine neue Armee voller Roboter aufgestellt hat. Die j\u00fcngste Cover-Geschichte zeigt ebenfalls interessante Geschehnisse auf der Grand Line. So ist zu sehen, wie die Blackbeard-Piraten die Insel von Big Mom attackieren.<\/p>\n<h2 style=\"text-align: center;\">Band 104<\/h2>\n<p><span class=\"Warning\"><strong>Achtung, es folgen Spoiler!<\/strong><\/span><\/p>\n<p>Die Cover f\u00fcr die jeweiligen B\u00e4nder zeigen meist eine Zusammenfassung der Geschehnisse, die in den beinhalteten Kapitel passieren. Jetzt sorgt jedoch das Cover zum j\u00fcngsten Band, 104, f\u00fcr Kritik unter Fans. W\u00e4hrend die einen das Cover feiern, bezeichnen die anderen dies als abscheulich.<\/p>\n<p>Ein Fan auf Twitter schreibt: &#8222;Das ist so schlecht!&#8220;. Ein anderer in den Kommentaren erkl\u00e4rt, dass er es gut findet und das Cover auf der sozialen Plattform &#8222;TikTok&#8220; gefeiert wird. Der Hauptkritikpunkt zum Cover ist die Anmerkung, dass es zu voll gepackt w\u00e4re.<\/p>\n<p><strong>Hier das Cover zu Band 104:<\/strong><\/p>\n<blockquote class=\"twitter-tweet\" data-width=\"550\" data-dnt=\"true\">\n<p lang=\"en\" dir=\"ltr\">This is so bad\ud83d\ude2d <a href=\"https:\/\/t.co\/ZBa7uzsbew\">https:\/\/t.co\/ZBa7uzsbew<\/a><\/p>\n<p>&mdash; Sigmar \ud83d\udd34 (@sigmarshanks) <a href=\"https:\/\/twitter.com\/sigmarshanks\/status\/1584544180801794049?ref_src=twsrc%5Etfw\">October 24, 2022<\/a><\/p><\/blockquote>\n<p><script async src=\"https:\/\/platform.twitter.com\/widgets.js\" charset=\"utf-8\"><\/script><\/p>\n","protected":false},"excerpt":{"rendered":"<p><a href=\"https:\/\/phanimenal.de\/?s=One+Piece\">One Piece<\/a> Seit einigen Monaten befindet sich der Manga &#8222;One Piece&#8220; in der finalen Saga. Dies best\u00e4tigte Oda im Sommer<\/p>\n","protected":false},"author":15,"featured_media":18090,"comment_status":"closed","ping_status":"open","sticky":false,"template":"","format":"standard","meta":[],"categories":[2],"tags":[124,4134,4136,4135],"yoast_head":"<!-- This site is optimized with the Yoast SEO Premium plugin v20.2.1 (Yoast SEO v20.2.1) - https:\/\/yoast.com\/wordpress\/plugins\/seo\/ -->\n<title>Eiichiro Oda muss wegen Cover vom 104. One Piece Band harte Kritik einstecken - Phanimenal - T\u00e4glich interessante Anime News und Gaming News<\/title>\n<meta name=\"robots\" content=\"index, follow, max-snippet:-1, max-image-preview:large, max-video-preview:-1\" \/>\n<link rel=\"canonical\" href=\"https:\/\/phanimenal.de\/index.php\/2022\/10\/28\/eiichiro-oda-muss-wegen-cover-vom-104-one-piece-band-harte-kritik-einstecken\/\" \/>\n<meta property=\"og:locale\" content=\"de_DE\" \/>\n<meta property=\"og:type\" content=\"article\" \/>\n<meta property=\"og:title\" content=\"Eiichiro Oda muss wegen Cover vom 104. One Piece Band harte Kritik einstecken\" \/>\n<meta property=\"og:description\" content=\"Phanimenal - T\u00e4glich interessante Anime News und Gaming News\" \/>\n<meta property=\"og:url\" content=\"https:\/\/phanimenal.de\/index.php\/2022\/10\/28\/eiichiro-oda-muss-wegen-cover-vom-104-one-piece-band-harte-kritik-einstecken\/\" \/>\n<meta property=\"og:site_name\" content=\"Phanimenal - T\u00e4glich interessante Anime News und Gaming News\" \/>\n<meta property=\"article:publisher\" content=\"https:\/\/www.facebook.com\/phanimenal\" \/>\n<meta property=\"article:published_time\" content=\"2022-10-28T12:41:44+00:00\" \/>\n<meta property=\"article:modified_time\" content=\"2023-06-23T12:52:42+00:00\" \/>\n<meta property=\"og:image\" content=\"https:\/\/phanimenal.de\/wp-content\/uploads\/\/One-Piece-24.jpg\" \/>\n\t<meta property=\"og:image:width\" content=\"1200\" \/>\n\t<meta property=\"og:image:height\" content=\"675\" \/>\n\t<meta property=\"og:image:type\" content=\"image\/jpeg\" \/>\n<meta name=\"author\" content=\"Ferdinand\" \/>\n<meta name=\"twitter:label1\" content=\"Verfasst von\" \/>\n\t<meta name=\"twitter:data1\" content=\"Ferdinand\" \/>\n\t<meta name=\"twitter:label2\" content=\"Gesch\u00e4tzte Lesezeit\" \/>\n\t<meta name=\"twitter:data2\" content=\"2\u00a0Minuten\" \/>\n<script type=\"application\/ld+json\" class=\"yoast-schema-graph\">{\"@context\":\"https:\/\/schema.org\",\"@graph\":[{\"@type\":\"Article\",\"@id\":\"https:\/\/phanimenal.de\/index.php\/2022\/10\/28\/eiichiro-oda-muss-wegen-cover-vom-104-one-piece-band-harte-kritik-einstecken\/#article\",\"isPartOf\":{\"@id\":\"https:\/\/phanimenal.de\/index.php\/2022\/10\/28\/eiichiro-oda-muss-wegen-cover-vom-104-one-piece-band-harte-kritik-einstecken\/\"},\"author\":{\"name\":\"Ferdinand\",\"@id\":\"https:\/\/phanimenal.de\/#\/schema\/person\/9d7b92fcc1352a301ff7615f39cf95bf\"},\"headline\":\"Eiichiro Oda muss wegen Cover vom 104. One Piece Band harte Kritik einstecken\",\"datePublished\":\"2022-10-28T12:41:44+00:00\",\"dateModified\":\"2023-06-23T12:52:42+00:00\",\"mainEntityOfPage\":{\"@id\":\"https:\/\/phanimenal.de\/index.php\/2022\/10\/28\/eiichiro-oda-muss-wegen-cover-vom-104-one-piece-band-harte-kritik-einstecken\/\"},\"wordCount\":315,\"publisher\":{\"@id\":\"https:\/\/phanimenal.de\/#organization\"},\"keywords\":[\"one piece\",\"One Piece 104\",\"One Piece Cover\",\"One Piece Cover 104\"],\"articleSection\":[\"Anime\"],\"inLanguage\":\"de\",\"copyrightYear\":\"2022\",\"copyrightHolder\":{\"@id\":\"https:\/\/phanimenal.de\/#organization\"}},{\"@type\":\"WebPage\",\"@id\":\"https:\/\/phanimenal.de\/index.php\/2022\/10\/28\/eiichiro-oda-muss-wegen-cover-vom-104-one-piece-band-harte-kritik-einstecken\/\",\"url\":\"https:\/\/phanimenal.de\/index.php\/2022\/10\/28\/eiichiro-oda-muss-wegen-cover-vom-104-one-piece-band-harte-kritik-einstecken\/\",\"name\":\"Eiichiro Oda muss wegen Cover vom 104. One Piece Band harte Kritik einstecken - Phanimenal - T\u00e4glich interessante Anime News und Gaming News\",\"isPartOf\":{\"@id\":\"https:\/\/phanimenal.de\/#website\"},\"datePublished\":\"2022-10-28T12:41:44+00:00\",\"dateModified\":\"2023-06-23T12:52:42+00:00\",\"breadcrumb\":{\"@id\":\"https:\/\/phanimenal.de\/index.php\/2022\/10\/28\/eiichiro-oda-muss-wegen-cover-vom-104-one-piece-band-harte-kritik-einstecken\/#breadcrumb\"},\"inLanguage\":\"de\",\"potentialAction\":[{\"@type\":\"ReadAction\",\"target\":[\"https:\/\/phanimenal.de\/index.php\/2022\/10\/28\/eiichiro-oda-muss-wegen-cover-vom-104-one-piece-band-harte-kritik-einstecken\/\"]}]},{\"@type\":\"BreadcrumbList\",\"@id\":\"https:\/\/phanimenal.de\/index.php\/2022\/10\/28\/eiichiro-oda-muss-wegen-cover-vom-104-one-piece-band-harte-kritik-einstecken\/#breadcrumb\",\"itemListElement\":[{\"@type\":\"ListItem\",\"position\":1,\"name\":\"Startseite\",\"item\":\"https:\/\/phanimenal.de\/\"},{\"@type\":\"ListItem\",\"position\":2,\"name\":\"Eiichiro Oda muss wegen Cover vom 104. One Piece Band harte Kritik einstecken\"}]},{\"@type\":\"WebSite\",\"@id\":\"https:\/\/phanimenal.de\/#website\",\"url\":\"https:\/\/phanimenal.de\/\",\"name\":\"Phanimenal - T\u00e4glich interessante Anime News und Gaming News\",\"description\":\"Auf Phanimenal findest du die aktuellsten Anime-News aus Japan und Deutschland\",\"publisher\":{\"@id\":\"https:\/\/phanimenal.de\/#organization\"},\"potentialAction\":[{\"@type\":\"SearchAction\",\"target\":{\"@type\":\"EntryPoint\",\"urlTemplate\":\"https:\/\/phanimenal.de\/?s={search_term_string}\"},\"query-input\":\"required name=search_term_string\"}],\"inLanguage\":\"de\"},{\"@type\":\"Organization\",\"@id\":\"https:\/\/phanimenal.de\/#organization\",\"name\":\"Phanimenal\",\"url\":\"https:\/\/phanimenal.de\/\",\"logo\":{\"@type\":\"ImageObject\",\"inLanguage\":\"de\",\"@id\":\"https:\/\/phanimenal.de\/#\/schema\/logo\/image\/\",\"url\":\"https:\/\/phanimenal.de\/wp-content\/uploads\/\/2016\/04\/logo.png\",\"contentUrl\":\"https:\/\/phanimenal.de\/wp-content\/uploads\/\/2016\/04\/logo.png\",\"width\":170,\"height\":70,\"caption\":\"Phanimenal\"},\"image\":{\"@id\":\"https:\/\/phanimenal.de\/#\/schema\/logo\/image\/\"},\"sameAs\":[\"https:\/\/www.facebook.com\/phanimenal\",\"https:\/\/www.instagram.com\/phanimenal\",\"https:\/\/www.youtube.com\/channel\/UCbK_Z9H_JoD0sWZeb2guVxw\"]},{\"@type\":\"Person\",\"@id\":\"https:\/\/phanimenal.de\/#\/schema\/person\/9d7b92fcc1352a301ff7615f39cf95bf\",\"name\":\"Ferdinand\",\"image\":{\"@type\":\"ImageObject\",\"inLanguage\":\"de\",\"@id\":\"https:\/\/phanimenal.de\/#\/schema\/person\/image\/\",\"url\":\"https:\/\/secure.gravatar.com\/avatar\/cec7d84c9871ea4837f4695641fd27a4?s=96&d=mm&r=g\",\"contentUrl\":\"https:\/\/secure.gravatar.com\/avatar\/cec7d84c9871ea4837f4695641fd27a4?s=96&d=mm&r=g\",\"caption\":\"Ferdinand\"},\"url\":\"https:\/\/phanimenal.de\/index.php\/author\/ferdinand\/\"}]}<\/script>\n<!-- \/ Yoast SEO Premium plugin. -->","yoast_head_json":{"title":"Eiichiro Oda muss wegen Cover vom 104. One Piece Band harte Kritik einstecken - Phanimenal - T\u00e4glich interessante Anime News und Gaming News","robots":{"index":"index","follow":"follow","max-snippet":"max-snippet:-1","max-image-preview":"max-image-preview:large","max-video-preview":"max-video-preview:-1"},"canonical":"https:\/\/phanimenal.de\/index.php\/2022\/10\/28\/eiichiro-oda-muss-wegen-cover-vom-104-one-piece-band-harte-kritik-einstecken\/","og_locale":"de_DE","og_type":"article","og_title":"Eiichiro Oda muss wegen Cover vom 104. One Piece Band harte Kritik einstecken","og_description":"Phanimenal - T\u00e4glich interessante Anime News und Gaming News","og_url":"https:\/\/phanimenal.de\/index.php\/2022\/10\/28\/eiichiro-oda-muss-wegen-cover-vom-104-one-piece-band-harte-kritik-einstecken\/","og_site_name":"Phanimenal - T\u00e4glich interessante Anime News und Gaming News","article_publisher":"https:\/\/www.facebook.com\/phanimenal","article_published_time":"2022-10-28T12:41:44+00:00","article_modified_time":"2023-06-23T12:52:42+00:00","og_image":[{"width":1200,"height":675,"url":"https:\/\/phanimenal.de\/wp-content\/uploads\/\/One-Piece-24.jpg","type":"image\/jpeg"}],"author":"Ferdinand","twitter_misc":{"Verfasst von":"Ferdinand","Gesch\u00e4tzte Lesezeit":"2\u00a0Minuten"},"schema":{"@context":"https:\/\/schema.org","@graph":[{"@type":"Article","@id":"https:\/\/phanimenal.de\/index.php\/2022\/10\/28\/eiichiro-oda-muss-wegen-cover-vom-104-one-piece-band-harte-kritik-einstecken\/#article","isPartOf":{"@id":"https:\/\/phanimenal.de\/index.php\/2022\/10\/28\/eiichiro-oda-muss-wegen-cover-vom-104-one-piece-band-harte-kritik-einstecken\/"},"author":{"name":"Ferdinand","@id":"https:\/\/phanimenal.de\/#\/schema\/person\/9d7b92fcc1352a301ff7615f39cf95bf"},"headline":"Eiichiro Oda muss wegen Cover vom 104. One Piece Band harte Kritik einstecken","datePublished":"2022-10-28T12:41:44+00:00","dateModified":"2023-06-23T12:52:42+00:00","mainEntityOfPage":{"@id":"https:\/\/phanimenal.de\/index.php\/2022\/10\/28\/eiichiro-oda-muss-wegen-cover-vom-104-one-piece-band-harte-kritik-einstecken\/"},"wordCount":315,"publisher":{"@id":"https:\/\/phanimenal.de\/#organization"},"keywords":["one piece","One Piece 104","One Piece Cover","One Piece Cover 104"],"articleSection":["Anime"],"inLanguage":"de","copyrightYear":"2022","copyrightHolder":{"@id":"https:\/\/phanimenal.de\/#organization"}},{"@type":"WebPage","@id":"https:\/\/phanimenal.de\/index.php\/2022\/10\/28\/eiichiro-oda-muss-wegen-cover-vom-104-one-piece-band-harte-kritik-einstecken\/","url":"https:\/\/phanimenal.de\/index.php\/2022\/10\/28\/eiichiro-oda-muss-wegen-cover-vom-104-one-piece-band-harte-kritik-einstecken\/","name":"Eiichiro Oda muss wegen Cover vom 104. One Piece Band harte Kritik einstecken - Phanimenal - T\u00e4glich interessante Anime News und Gaming News","isPartOf":{"@id":"https:\/\/phanimenal.de\/#website"},"datePublished":"2022-10-28T12:41:44+00:00","dateModified":"2023-06-23T12:52:42+00:00","breadcrumb":{"@id":"https:\/\/phanimenal.de\/index.php\/2022\/10\/28\/eiichiro-oda-muss-wegen-cover-vom-104-one-piece-band-harte-kritik-einstecken\/#breadcrumb"},"inLanguage":"de","potentialAction":[{"@type":"ReadAction","target":["https:\/\/phanimenal.de\/index.php\/2022\/10\/28\/eiichiro-oda-muss-wegen-cover-vom-104-one-piece-band-harte-kritik-einstecken\/"]}]},{"@type":"BreadcrumbList","@id":"https:\/\/phanimenal.de\/index.php\/2022\/10\/28\/eiichiro-oda-muss-wegen-cover-vom-104-one-piece-band-harte-kritik-einstecken\/#breadcrumb","itemListElement":[{"@type":"ListItem","position":1,"name":"Startseite","item":"https:\/\/phanimenal.de\/"},{"@type":"ListItem","position":2,"name":"Eiichiro Oda muss wegen Cover vom 104. One Piece Band harte Kritik einstecken"}]},{"@type":"WebSite","@id":"https:\/\/phanimenal.de\/#website","url":"https:\/\/phanimenal.de\/","name":"Phanimenal - T\u00e4glich interessante Anime News und Gaming News","description":"Auf Phanimenal findest du die aktuellsten Anime-News aus Japan und Deutschland","publisher":{"@id":"https:\/\/phanimenal.de\/#organization"},"potentialAction":[{"@type":"SearchAction","target":{"@type":"EntryPoint","urlTemplate":"https:\/\/phanimenal.de\/?s={search_term_string}"},"query-input":"required name=search_term_string"}],"inLanguage":"de"},{"@type":"Organization","@id":"https:\/\/phanimenal.de\/#organization","name":"Phanimenal","url":"https:\/\/phanimenal.de\/","logo":{"@type":"ImageObject","inLanguage":"de","@id":"https:\/\/phanimenal.de\/#\/schema\/logo\/image\/","url":"https:\/\/phanimenal.de\/wp-content\/uploads\/\/2016\/04\/logo.png","contentUrl":"https:\/\/phanimenal.de\/wp-content\/uploads\/\/2016\/04\/logo.png","width":170,"height":70,"caption":"Phanimenal"},"image":{"@id":"https:\/\/phanimenal.de\/#\/schema\/logo\/image\/"},"sameAs":["https:\/\/www.facebook.com\/phanimenal","https:\/\/www.instagram.com\/phanimenal","https:\/\/www.youtube.com\/channel\/UCbK_Z9H_JoD0sWZeb2guVxw"]},{"@type":"Person","@id":"https:\/\/phanimenal.de\/#\/schema\/person\/9d7b92fcc1352a301ff7615f39cf95bf","name":"Ferdinand","image":{"@type":"ImageObject","inLanguage":"de","@id":"https:\/\/phanimenal.de\/#\/schema\/person\/image\/","url":"https:\/\/secure.gravatar.com\/avatar\/cec7d84c9871ea4837f4695641fd27a4?s=96&d=mm&r=g","contentUrl":"https:\/\/secure.gravatar.com\/avatar\/cec7d84c9871ea4837f4695641fd27a4?s=96&d=mm&r=g","caption":"Ferdinand"},"url":"https:\/\/phanimenal.de\/index.php\/author\/ferdinand\/"}]}},"jetpack_featured_media_url":"https:\/\/phanimenal.de\/wp-content\/uploads\/\/One-Piece-24.jpg","_links":{"self":[{"href":"https:\/\/phanimenal.de\/index.php\/wp-json\/wp\/v2\/posts\/20422"}],"collection":[{"href":"https:\/\/phanimenal.de\/index.php\/wp-json\/wp\/v2\/posts"}],"about":[{"href":"https:\/\/phanimenal.de\/index.php\/wp-json\/wp\/v2\/types\/post"}],"author":[{"embeddable":true,"href":"https:\/\/phanimenal.de\/index.php\/wp-json\/wp\/v2\/users\/15"}],"replies":[{"embeddable":true,"href":"https:\/\/phanimenal.de\/index.php\/wp-json\/wp\/v2\/comments?post=20422"}],"version-history":[{"count":4,"href":"https:\/\/phanimenal.de\/index.php\/wp-json\/wp\/v2\/posts\/20422\/revisions"}],"predecessor-version":[{"id":20471,"href":"https:\/\/phanimenal.de\/index.php\/wp-json\/wp\/v2\/posts\/20422\/revisions\/20471"}],"wp:featuredmedia":[{"embeddable":true,"href":"https:\/\/phanimenal.de\/index.php\/wp-json\/wp\/v2\/media\/18090"}],"wp:attachment":[{"href":"https:\/\/phanimenal.de\/index.php\/wp-json\/wp\/v2\/media?parent=20422"}],"wp:term":[{"taxonomy":"category","embeddable":true,"href":"https:\/\/phanimenal.de\/index.php\/wp-json\/wp\/v2\/categories?post=20422"},{"taxonomy":"post_tag","embeddable":true,"href":"https:\/\/phanimenal.de\/index.php\/wp-json\/wp\/v2\/tags?post=20422"}],"curies":[{"name":"wp","href":"https:\/\/api.w.org\/{rel}","templated":true}]}}