{"id":20962,"date":"2022-12-10T16:57:19","date_gmt":"2022-12-10T15:57:19","guid":{"rendered":"https:\/\/phanimenal.de\/?p=20962"},"modified":"2023-06-21T23:09:52","modified_gmt":"2023-06-21T21:09:52","slug":"zeichentrickserie-avatar-musste-wegen-james-camerons-avatar-den-namen-aendern","status":"publish","type":"post","link":"https:\/\/phanimenal.de\/index.php\/2022\/12\/10\/zeichentrickserie-avatar-musste-wegen-james-camerons-avatar-den-namen-aendern\/","title":{"rendered":"Zeichentrickserie Avatar musste wegen James Camerons &#8222;Avatar&#8220; den Namen \u00e4ndern"},"content":{"rendered":"<h2 style=\"text-align: center;\">Avatar: The Last Airbender<\/h2>\n<p>Der Regisseur der Serie Avatar: The Last Airbender war gezwungen, den Namen der Serie zu \u00e4ndern, da James Cameron die Rechte an dem Titel besa\u00df. Obwohl die Serie 2005 zum ersten Mal ausgestrahlt wurde, lange bevor Camerons Film Avatar in die Kinos kam, hatte er bereits die Rechte an dem Namen erworben.<\/p>\n<p>Die Zeichentrickserie dreht sich um Aang, den Avatar, der die Macht hat, die vier Elemente zu manipulieren und die materielle und die g\u00f6ttliche Welt miteinander zu verbinden. Giancarlo Volpe, der f\u00fcr 19 Folgen der Serie verantwortlich war, \u00e4u\u00dferte sich auf Twitter zur Frage des Titels.<\/p>\n<p>&#8222;<em>2004 erfuhren wir, dass wir den Namen unserer Serie von &#8218;Avatar&#8216; in &#8218;Avatar the Last Airbender&#8216; \u00e4ndern mussten, weil James Cameron bereits die Rechte an einem Film namens Avatar hatte&#8220;, <\/em>schrieb er.<em> &#8222;Jetzt hei\u00dft die Fortsetzung &#8218;The Way of Water&#8216;. Wenn Teil 3 &#8218;The Firebending Masters&#8216; hei\u00dft, machen wir einen Aufstand.&#8220;<\/em><\/p>\n<p>Seit Cameron 1994 das Konzept f\u00fcr Avatar entwickelt hatte, arbeitete er an dem Projekt. Urspr\u00fcnglich wollte er mit den Dreharbeiten nach der Ver\u00f6ffentlichung von Titanic im Jahr 1997 beginnen, aber die damals verf\u00fcgbare Technologie war nicht fortschrittlich genug, um die Vorstellungen des Regisseurs zu verwirklichen. Gl\u00fccklicherweise kam der bahnbrechende Film 2009 in die Kinos.<\/p>\n<p>Camerons mit Spannung erwarteter Nachfolger seines revolution\u00e4ren Films von 2009 ist seit dem 6. Dezember in den englischen Kinos. Die ersten Beurteilungen waren ziemlich enthusiastisch. Die Fortsetzung spielt \u00fcber ein Jahrzehnt nach dem ersten Film und folgt Jake Sully und Neytiri, die versuchen, ihre Familie mit allen Mitteln zu sch\u00fctzen.<\/p>\n<h2 style=\"text-align: center;\">Live Action Serie<\/h2>\n<p>Avatar: The Last Airbender wurde von 2005 bis 2008 im Fernsehen ausgestrahlt. Das Verm\u00e4chtnis der Serie wurde in Filmen, Comics und Romanen fortgesetzt. <a href=\"https:\/\/phanimenal.de\/?s=Netflix\">Netflix<\/a> produziert derzeit eine Live-Action-Serie, w\u00e4hrend Paramount Pictures im Jahr 2025 einen Kinofilm herausbringen will.<\/p>\n<p>Hier seht ihr den Tweet:<\/p>\n<blockquote class=\"twitter-tweet\" data-width=\"550\" data-dnt=\"true\">\n<p lang=\"en\" dir=\"ltr\">In 2004 we learned that we had to change the name of our show from \u201cAvatar\u201d to \u201cAvatar the Last Airbender\u201d because James Cameron already had the rights to a movie called Avatar.<\/p>\n<p>Now the sequel is called \u201cThe Way of Water.\u201d<\/p>\n<p>If part 3 is called \u201cThe Firebending Masters\u201d we riot<\/p>\n<p>&mdash; Giancarlo Volpe (@Giancarlo_Volpe) <a href=\"https:\/\/twitter.com\/Giancarlo_Volpe\/status\/1599485849800171520?ref_src=twsrc%5Etfw\">December 4, 2022<\/a><\/p><\/blockquote>\n<p><script async src=\"https:\/\/platform.twitter.com\/widgets.js\" charset=\"utf-8\"><\/script><\/p>\n<p>&nbsp;<\/p>\n","protected":false},"excerpt":{"rendered":"<p>Avatar: The Last Airbender Der Regisseur der Serie Avatar: The Last Airbender war gezwungen, den Namen der Serie zu \u00e4ndern,<\/p>\n","protected":false},"author":1,"featured_media":20997,"comment_status":"closed","ping_status":"open","sticky":false,"template":"","format":"standard","meta":[],"categories":[2],"tags":[696,77],"yoast_head":"<!-- This site is optimized with the Yoast SEO Premium plugin v20.2.1 (Yoast SEO v20.2.1) - https:\/\/yoast.com\/wordpress\/plugins\/seo\/ -->\n<title>Zeichentrickserie Avatar musste wegen James Camerons &quot;Avatar&quot; den Namen \u00e4ndern - Phanimenal - T\u00e4glich interessante Anime News und Gaming News<\/title>\n<meta name=\"robots\" content=\"index, follow, max-snippet:-1, max-image-preview:large, max-video-preview:-1\" \/>\n<link rel=\"canonical\" href=\"https:\/\/phanimenal.de\/index.php\/2022\/12\/10\/zeichentrickserie-avatar-musste-wegen-james-camerons-avatar-den-namen-aendern\/\" \/>\n<meta property=\"og:locale\" content=\"de_DE\" \/>\n<meta property=\"og:type\" content=\"article\" \/>\n<meta property=\"og:title\" content=\"Zeichentrickserie Avatar musste wegen James Camerons &quot;Avatar&quot; den Namen \u00e4ndern\" \/>\n<meta property=\"og:description\" content=\"Phanimenal - T\u00e4glich interessante Anime News und Gaming News\" \/>\n<meta property=\"og:url\" content=\"https:\/\/phanimenal.de\/index.php\/2022\/12\/10\/zeichentrickserie-avatar-musste-wegen-james-camerons-avatar-den-namen-aendern\/\" \/>\n<meta property=\"og:site_name\" content=\"Phanimenal - T\u00e4glich interessante Anime News und Gaming News\" \/>\n<meta property=\"article:publisher\" content=\"https:\/\/www.facebook.com\/phanimenal\" \/>\n<meta property=\"article:published_time\" content=\"2022-12-10T15:57:19+00:00\" \/>\n<meta property=\"article:modified_time\" content=\"2023-06-21T21:09:52+00:00\" \/>\n<meta property=\"og:image\" content=\"https:\/\/phanimenal.de\/wp-content\/uploads\/\/avatar-992x560-1.jpg\" \/>\n\t<meta property=\"og:image:width\" content=\"992\" \/>\n\t<meta property=\"og:image:height\" content=\"560\" \/>\n\t<meta property=\"og:image:type\" content=\"image\/jpeg\" \/>\n<meta name=\"author\" content=\"AM\" \/>\n<meta name=\"twitter:label1\" content=\"Verfasst von\" \/>\n\t<meta name=\"twitter:data1\" content=\"AM\" \/>\n\t<meta name=\"twitter:label2\" content=\"Gesch\u00e4tzte Lesezeit\" \/>\n\t<meta name=\"twitter:data2\" content=\"2\u00a0Minuten\" \/>\n<script type=\"application\/ld+json\" class=\"yoast-schema-graph\">{\"@context\":\"https:\/\/schema.org\",\"@graph\":[{\"@type\":\"Article\",\"@id\":\"https:\/\/phanimenal.de\/index.php\/2022\/12\/10\/zeichentrickserie-avatar-musste-wegen-james-camerons-avatar-den-namen-aendern\/#article\",\"isPartOf\":{\"@id\":\"https:\/\/phanimenal.de\/index.php\/2022\/12\/10\/zeichentrickserie-avatar-musste-wegen-james-camerons-avatar-den-namen-aendern\/\"},\"author\":{\"name\":\"AM\",\"@id\":\"https:\/\/phanimenal.de\/#\/schema\/person\/e1dd9265ac0385ecb373011a052bc293\"},\"headline\":\"Zeichentrickserie Avatar musste wegen James Camerons &#8222;Avatar&#8220; den Namen \u00e4ndern\",\"datePublished\":\"2022-12-10T15:57:19+00:00\",\"dateModified\":\"2023-06-21T21:09:52+00:00\",\"mainEntityOfPage\":{\"@id\":\"https:\/\/phanimenal.de\/index.php\/2022\/12\/10\/zeichentrickserie-avatar-musste-wegen-james-camerons-avatar-den-namen-aendern\/\"},\"wordCount\":321,\"publisher\":{\"@id\":\"https:\/\/phanimenal.de\/#organization\"},\"keywords\":[\"Kino\",\"Netflix\"],\"articleSection\":[\"Anime\"],\"inLanguage\":\"de\",\"copyrightYear\":\"2022\",\"copyrightHolder\":{\"@id\":\"https:\/\/phanimenal.de\/#organization\"}},{\"@type\":\"WebPage\",\"@id\":\"https:\/\/phanimenal.de\/index.php\/2022\/12\/10\/zeichentrickserie-avatar-musste-wegen-james-camerons-avatar-den-namen-aendern\/\",\"url\":\"https:\/\/phanimenal.de\/index.php\/2022\/12\/10\/zeichentrickserie-avatar-musste-wegen-james-camerons-avatar-den-namen-aendern\/\",\"name\":\"Zeichentrickserie Avatar musste wegen James Camerons \\\"Avatar\\\" den Namen \u00e4ndern - Phanimenal - T\u00e4glich interessante Anime News und Gaming News\",\"isPartOf\":{\"@id\":\"https:\/\/phanimenal.de\/#website\"},\"datePublished\":\"2022-12-10T15:57:19+00:00\",\"dateModified\":\"2023-06-21T21:09:52+00:00\",\"breadcrumb\":{\"@id\":\"https:\/\/phanimenal.de\/index.php\/2022\/12\/10\/zeichentrickserie-avatar-musste-wegen-james-camerons-avatar-den-namen-aendern\/#breadcrumb\"},\"inLanguage\":\"de\",\"potentialAction\":[{\"@type\":\"ReadAction\",\"target\":[\"https:\/\/phanimenal.de\/index.php\/2022\/12\/10\/zeichentrickserie-avatar-musste-wegen-james-camerons-avatar-den-namen-aendern\/\"]}]},{\"@type\":\"BreadcrumbList\",\"@id\":\"https:\/\/phanimenal.de\/index.php\/2022\/12\/10\/zeichentrickserie-avatar-musste-wegen-james-camerons-avatar-den-namen-aendern\/#breadcrumb\",\"itemListElement\":[{\"@type\":\"ListItem\",\"position\":1,\"name\":\"Startseite\",\"item\":\"https:\/\/phanimenal.de\/\"},{\"@type\":\"ListItem\",\"position\":2,\"name\":\"Zeichentrickserie Avatar musste wegen James Camerons &#8222;Avatar&#8220; den Namen \u00e4ndern\"}]},{\"@type\":\"WebSite\",\"@id\":\"https:\/\/phanimenal.de\/#website\",\"url\":\"https:\/\/phanimenal.de\/\",\"name\":\"Phanimenal - T\u00e4glich interessante Anime News und Gaming News\",\"description\":\"Auf Phanimenal findest du die aktuellsten Anime-News aus Japan und Deutschland\",\"publisher\":{\"@id\":\"https:\/\/phanimenal.de\/#organization\"},\"potentialAction\":[{\"@type\":\"SearchAction\",\"target\":{\"@type\":\"EntryPoint\",\"urlTemplate\":\"https:\/\/phanimenal.de\/?s={search_term_string}\"},\"query-input\":\"required name=search_term_string\"}],\"inLanguage\":\"de\"},{\"@type\":\"Organization\",\"@id\":\"https:\/\/phanimenal.de\/#organization\",\"name\":\"Phanimenal\",\"url\":\"https:\/\/phanimenal.de\/\",\"logo\":{\"@type\":\"ImageObject\",\"inLanguage\":\"de\",\"@id\":\"https:\/\/phanimenal.de\/#\/schema\/logo\/image\/\",\"url\":\"https:\/\/phanimenal.de\/wp-content\/uploads\/\/2016\/04\/logo.png\",\"contentUrl\":\"https:\/\/phanimenal.de\/wp-content\/uploads\/\/2016\/04\/logo.png\",\"width\":170,\"height\":70,\"caption\":\"Phanimenal\"},\"image\":{\"@id\":\"https:\/\/phanimenal.de\/#\/schema\/logo\/image\/\"},\"sameAs\":[\"https:\/\/www.facebook.com\/phanimenal\",\"https:\/\/www.instagram.com\/phanimenal\",\"https:\/\/www.youtube.com\/channel\/UCbK_Z9H_JoD0sWZeb2guVxw\"]},{\"@type\":\"Person\",\"@id\":\"https:\/\/phanimenal.de\/#\/schema\/person\/e1dd9265ac0385ecb373011a052bc293\",\"name\":\"AM\",\"image\":{\"@type\":\"ImageObject\",\"inLanguage\":\"de\",\"@id\":\"https:\/\/phanimenal.de\/#\/schema\/person\/image\/\",\"url\":\"https:\/\/secure.gravatar.com\/avatar\/87c965ccf859177fd81ae236167111a1?s=96&d=mm&r=g\",\"contentUrl\":\"https:\/\/secure.gravatar.com\/avatar\/87c965ccf859177fd81ae236167111a1?s=96&d=mm&r=g\",\"caption\":\"AM\"},\"sameAs\":[\"http:\/\/wp2.phanimenal.de\"],\"url\":\"https:\/\/phanimenal.de\/index.php\/author\/admin\/\"}]}<\/script>\n<!-- \/ Yoast SEO Premium plugin. -->","yoast_head_json":{"title":"Zeichentrickserie Avatar musste wegen James Camerons \"Avatar\" den Namen \u00e4ndern - Phanimenal - T\u00e4glich interessante Anime News und Gaming News","robots":{"index":"index","follow":"follow","max-snippet":"max-snippet:-1","max-image-preview":"max-image-preview:large","max-video-preview":"max-video-preview:-1"},"canonical":"https:\/\/phanimenal.de\/index.php\/2022\/12\/10\/zeichentrickserie-avatar-musste-wegen-james-camerons-avatar-den-namen-aendern\/","og_locale":"de_DE","og_type":"article","og_title":"Zeichentrickserie Avatar musste wegen James Camerons \"Avatar\" den Namen \u00e4ndern","og_description":"Phanimenal - T\u00e4glich interessante Anime News und Gaming News","og_url":"https:\/\/phanimenal.de\/index.php\/2022\/12\/10\/zeichentrickserie-avatar-musste-wegen-james-camerons-avatar-den-namen-aendern\/","og_site_name":"Phanimenal - T\u00e4glich interessante Anime News und Gaming News","article_publisher":"https:\/\/www.facebook.com\/phanimenal","article_published_time":"2022-12-10T15:57:19+00:00","article_modified_time":"2023-06-21T21:09:52+00:00","og_image":[{"width":992,"height":560,"url":"https:\/\/phanimenal.de\/wp-content\/uploads\/\/avatar-992x560-1.jpg","type":"image\/jpeg"}],"author":"AM","twitter_misc":{"Verfasst von":"AM","Gesch\u00e4tzte Lesezeit":"2\u00a0Minuten"},"schema":{"@context":"https:\/\/schema.org","@graph":[{"@type":"Article","@id":"https:\/\/phanimenal.de\/index.php\/2022\/12\/10\/zeichentrickserie-avatar-musste-wegen-james-camerons-avatar-den-namen-aendern\/#article","isPartOf":{"@id":"https:\/\/phanimenal.de\/index.php\/2022\/12\/10\/zeichentrickserie-avatar-musste-wegen-james-camerons-avatar-den-namen-aendern\/"},"author":{"name":"AM","@id":"https:\/\/phanimenal.de\/#\/schema\/person\/e1dd9265ac0385ecb373011a052bc293"},"headline":"Zeichentrickserie Avatar musste wegen James Camerons &#8222;Avatar&#8220; den Namen \u00e4ndern","datePublished":"2022-12-10T15:57:19+00:00","dateModified":"2023-06-21T21:09:52+00:00","mainEntityOfPage":{"@id":"https:\/\/phanimenal.de\/index.php\/2022\/12\/10\/zeichentrickserie-avatar-musste-wegen-james-camerons-avatar-den-namen-aendern\/"},"wordCount":321,"publisher":{"@id":"https:\/\/phanimenal.de\/#organization"},"keywords":["Kino","Netflix"],"articleSection":["Anime"],"inLanguage":"de","copyrightYear":"2022","copyrightHolder":{"@id":"https:\/\/phanimenal.de\/#organization"}},{"@type":"WebPage","@id":"https:\/\/phanimenal.de\/index.php\/2022\/12\/10\/zeichentrickserie-avatar-musste-wegen-james-camerons-avatar-den-namen-aendern\/","url":"https:\/\/phanimenal.de\/index.php\/2022\/12\/10\/zeichentrickserie-avatar-musste-wegen-james-camerons-avatar-den-namen-aendern\/","name":"Zeichentrickserie Avatar musste wegen James Camerons \"Avatar\" den Namen \u00e4ndern - Phanimenal - T\u00e4glich interessante Anime News und Gaming News","isPartOf":{"@id":"https:\/\/phanimenal.de\/#website"},"datePublished":"2022-12-10T15:57:19+00:00","dateModified":"2023-06-21T21:09:52+00:00","breadcrumb":{"@id":"https:\/\/phanimenal.de\/index.php\/2022\/12\/10\/zeichentrickserie-avatar-musste-wegen-james-camerons-avatar-den-namen-aendern\/#breadcrumb"},"inLanguage":"de","potentialAction":[{"@type":"ReadAction","target":["https:\/\/phanimenal.de\/index.php\/2022\/12\/10\/zeichentrickserie-avatar-musste-wegen-james-camerons-avatar-den-namen-aendern\/"]}]},{"@type":"BreadcrumbList","@id":"https:\/\/phanimenal.de\/index.php\/2022\/12\/10\/zeichentrickserie-avatar-musste-wegen-james-camerons-avatar-den-namen-aendern\/#breadcrumb","itemListElement":[{"@type":"ListItem","position":1,"name":"Startseite","item":"https:\/\/phanimenal.de\/"},{"@type":"ListItem","position":2,"name":"Zeichentrickserie Avatar musste wegen James Camerons &#8222;Avatar&#8220; den Namen \u00e4ndern"}]},{"@type":"WebSite","@id":"https:\/\/phanimenal.de\/#website","url":"https:\/\/phanimenal.de\/","name":"Phanimenal - T\u00e4glich interessante Anime News und Gaming News","description":"Auf Phanimenal findest du die aktuellsten Anime-News aus Japan und Deutschland","publisher":{"@id":"https:\/\/phanimenal.de\/#organization"},"potentialAction":[{"@type":"SearchAction","target":{"@type":"EntryPoint","urlTemplate":"https:\/\/phanimenal.de\/?s={search_term_string}"},"query-input":"required name=search_term_string"}],"inLanguage":"de"},{"@type":"Organization","@id":"https:\/\/phanimenal.de\/#organization","name":"Phanimenal","url":"https:\/\/phanimenal.de\/","logo":{"@type":"ImageObject","inLanguage":"de","@id":"https:\/\/phanimenal.de\/#\/schema\/logo\/image\/","url":"https:\/\/phanimenal.de\/wp-content\/uploads\/\/2016\/04\/logo.png","contentUrl":"https:\/\/phanimenal.de\/wp-content\/uploads\/\/2016\/04\/logo.png","width":170,"height":70,"caption":"Phanimenal"},"image":{"@id":"https:\/\/phanimenal.de\/#\/schema\/logo\/image\/"},"sameAs":["https:\/\/www.facebook.com\/phanimenal","https:\/\/www.instagram.com\/phanimenal","https:\/\/www.youtube.com\/channel\/UCbK_Z9H_JoD0sWZeb2guVxw"]},{"@type":"Person","@id":"https:\/\/phanimenal.de\/#\/schema\/person\/e1dd9265ac0385ecb373011a052bc293","name":"AM","image":{"@type":"ImageObject","inLanguage":"de","@id":"https:\/\/phanimenal.de\/#\/schema\/person\/image\/","url":"https:\/\/secure.gravatar.com\/avatar\/87c965ccf859177fd81ae236167111a1?s=96&d=mm&r=g","contentUrl":"https:\/\/secure.gravatar.com\/avatar\/87c965ccf859177fd81ae236167111a1?s=96&d=mm&r=g","caption":"AM"},"sameAs":["http:\/\/wp2.phanimenal.de"],"url":"https:\/\/phanimenal.de\/index.php\/author\/admin\/"}]}},"jetpack_featured_media_url":"https:\/\/phanimenal.de\/wp-content\/uploads\/\/avatar-992x560-1.jpg","_links":{"self":[{"href":"https:\/\/phanimenal.de\/index.php\/wp-json\/wp\/v2\/posts\/20962"}],"collection":[{"href":"https:\/\/phanimenal.de\/index.php\/wp-json\/wp\/v2\/posts"}],"about":[{"href":"https:\/\/phanimenal.de\/index.php\/wp-json\/wp\/v2\/types\/post"}],"author":[{"embeddable":true,"href":"https:\/\/phanimenal.de\/index.php\/wp-json\/wp\/v2\/users\/1"}],"replies":[{"embeddable":true,"href":"https:\/\/phanimenal.de\/index.php\/wp-json\/wp\/v2\/comments?post=20962"}],"version-history":[{"count":4,"href":"https:\/\/phanimenal.de\/index.php\/wp-json\/wp\/v2\/posts\/20962\/revisions"}],"predecessor-version":[{"id":21025,"href":"https:\/\/phanimenal.de\/index.php\/wp-json\/wp\/v2\/posts\/20962\/revisions\/21025"}],"wp:featuredmedia":[{"embeddable":true,"href":"https:\/\/phanimenal.de\/index.php\/wp-json\/wp\/v2\/media\/20997"}],"wp:attachment":[{"href":"https:\/\/phanimenal.de\/index.php\/wp-json\/wp\/v2\/media?parent=20962"}],"wp:term":[{"taxonomy":"category","embeddable":true,"href":"https:\/\/phanimenal.de\/index.php\/wp-json\/wp\/v2\/categories?post=20962"},{"taxonomy":"post_tag","embeddable":true,"href":"https:\/\/phanimenal.de\/index.php\/wp-json\/wp\/v2\/tags?post=20962"}],"curies":[{"name":"wp","href":"https:\/\/api.w.org\/{rel}","templated":true}]}}