{"id":21280,"date":"2023-01-05T21:28:26","date_gmt":"2023-01-05T20:28:26","guid":{"rendered":"https:\/\/phanimenal.de\/?p=21280"},"modified":"2023-01-05T21:28:26","modified_gmt":"2023-01-05T20:28:26","slug":"chef-autor-von-pokemon-erklaert-warum-ash-ketchum-misty-und-co-verhaftet-werden-koennen","status":"publish","type":"post","link":"https:\/\/phanimenal.de\/index.php\/2023\/01\/05\/chef-autor-von-pokemon-erklaert-warum-ash-ketchum-misty-und-co-verhaftet-werden-koennen\/","title":{"rendered":"Chef-Autor von Pokemon erkl\u00e4rt, warum Ash Ketchum, Misty und Co. verhaftet werden k\u00f6nnen"},"content":{"rendered":"<h2 style=\"text-align: center;\"><a href=\"https:\/\/phanimenal.de\/?s=Pokemon\">Pokemon<\/a>-Anime<\/h2>\n<p>Seit \u00fcber 25 Jahren l\u00e4uft der Pokemmon-Anime nun schon \u00fcber die Bildschirme. In all den Jahren schien die Zeit f\u00fcr die Protagonisten der Serie stehengeblieben zu sein. Ash Ketchum war zu Beginn der Serie 10 Jahre alt &#8211; und ist es auch heute noch. Bedeutet, dass s\u00e4mtliche Ereignisse der Serie innerhalb eines Jahres stattgefunden haben m\u00fcssen. Dasselbe gilt f\u00fcr die anderen Kinder und Erwachsenen, die seit 25 Jahren nicht gealtert sind.<\/p>\n<h4><strong>Offene Fragen<\/strong><\/h4>\n<p>Betrachtet man den Anime aus einer &#8222;realistischen&#8220; Perspektive, stellen sich viele Fragen dieser Art. In der echten Welt w\u00fcrden viele Aspekte der Reise von Ash keinen Sinn ergeben. So kennen wir zwar viele einzelne Orte, eine zusammenh\u00e4ngende Weltkarte gibt jedoch nicht. Auch wie die einzelnen Regionen zueinanderstehen, wird im Anime nicht wirklich beachtet.<\/p>\n<p>Besonders Fragen des allt\u00e4glichen Lebens wurden in der Serie schon immer au\u00dfer Acht gelassen. Wie versorgen sich die Kinder auf der langen Reise, die sie vollkommen zu Fu\u00df bestreiten? Und warum k\u00f6nnen Ash und andere Kinder die Welt ohne jegliche Einschr\u00e4nkungen bereisen.<\/p>\n<h2 style=\"text-align: center;\"><strong>Rechtlich Erwachsene<\/strong><\/h2>\n<p>In wenigen Episoden ist die Geschichte von Ash Ketchum vorbei. S\u00e4mtliche offene Fragen und Plotlines werden in dieser Zeit nicht mehr aufgekl\u00e4rt werden. Gl\u00fccklicherweise lassen sich einige Fragen aus dem vorhandenen Material beantworten, wenn man tief genug gr\u00e4bt. Eine \u00dcbersetzung eines alten Pokemon-Buchs liefert Aufschluss dar\u00fcber, warum Ash alleine durch die Welt ziehen kann.<\/p>\n<h4><strong>Pocket Monsters: The Animation<\/strong><\/h4>\n<p>Die Infos stammen aus dem zweiteiligen Roman &#8222;Pocket Monsters: The Animation&#8220;. Dieser stammt beim Chef-Autor der Anime-Serie und wurde vom Chef-Charakterdesigner illustriert. Der Roman aus dem Jahr 1997 behandelt viele Aspekte der Serie, auf die der Anime nie eingegangen ist.<\/p>\n<p>Das Buch befasst sich mit der Geschichte des Pokemon-Universums und enth\u00fcllt ein Gesetz, das vor langer Zeit eingef\u00fchrt wurde. Dieses legt die Vollj\u00e4hrigkeit auf das Alter von 10 fest. Das hei\u00dft, dass Kinder ab dem 10. Lebensjahr als vollwertige Erwachsene betrachtet werden.<\/p>\n<h4><strong>Das Gesetz aus der Pokemon-Welt<\/strong><\/h4>\n<p><em>&#8222;Ab dem April nach deinem zehnten Geburtstag kannst du eine Pokemon-Lizenz erwerben und Poke-B\u00e4lle tragen, um Pokemon zu fangen&#8220;, hei\u00dft es in dem Buch. &#8222;Alle Rechte f\u00fcr Erwachsene werden gew\u00e4hrt&#8230; Wenn du in einem Gesch\u00e4ft etwas stehlen w\u00fcrdest, w\u00e4ren die Konsequenzen nicht nur, dass der Ladenbesitzer sauer auf dich w\u00e4re, sondern die Polizei w\u00fcrde dich verhaften.&#8220;<\/em><\/p>\n<p><strong>Offizielles Buch des Chef-Autors von Pokemon<\/strong><\/p>\n<p><img decoding=\"async\" loading=\"lazy\" class=\"alignnone size-full wp-image-21282\" src=\"https:\/\/phanimenal.de\/wp-content\/uploads\/\/Screenshot_3211.jpg\" alt=\"\" width=\"1315\" height=\"911\" srcset=\"https:\/\/phanimenal.de\/wp-content\/uploads\/Screenshot_3211.jpg 1315w, https:\/\/phanimenal.de\/wp-content\/uploads\/Screenshot_3211-300x208.jpg 300w, https:\/\/phanimenal.de\/wp-content\/uploads\/Screenshot_3211-1024x709.jpg 1024w, https:\/\/phanimenal.de\/wp-content\/uploads\/Screenshot_3211-768x532.jpg 768w, https:\/\/phanimenal.de\/wp-content\/uploads\/Screenshot_3211-392x272.jpg 392w, https:\/\/phanimenal.de\/wp-content\/uploads\/Screenshot_3211-130x90.jpg 130w\" sizes=\"(max-width: 1315px) 100vw, 1315px\" \/><\/p>\n","protected":false},"excerpt":{"rendered":"<p><a href=\"https:\/\/phanimenal.de\/?s=Pokemon\">Pokemon<\/a>-Anime Seit \u00fcber 25 Jahren l\u00e4uft der Pokemmon-Anime nun schon \u00fcber die Bildschirme. In all den Jahren schien die Zeit<\/p>\n","protected":false},"author":20,"featured_media":15568,"comment_status":"closed","ping_status":"open","sticky":false,"template":"","format":"standard","meta":[],"categories":[1,2,3,1192],"tags":[1080,4352,88,4351],"yoast_head":"<!-- This site is optimized with the Yoast SEO Premium plugin v20.2.1 (Yoast SEO v20.2.1) - https:\/\/yoast.com\/wordpress\/plugins\/seo\/ -->\n<title>Chef-Autor von Pokemon erkl\u00e4rt, warum Ash Ketchum, Misty und Co. verhaftet werden k\u00f6nnen - Phanimenal - T\u00e4glich interessante Anime News und Gaming News<\/title>\n<meta name=\"robots\" content=\"index, follow, max-snippet:-1, max-image-preview:large, max-video-preview:-1\" \/>\n<link rel=\"canonical\" href=\"https:\/\/phanimenal.de\/index.php\/2023\/01\/05\/chef-autor-von-pokemon-erklaert-warum-ash-ketchum-misty-und-co-verhaftet-werden-koennen\/\" \/>\n<meta property=\"og:locale\" content=\"de_DE\" \/>\n<meta property=\"og:type\" content=\"article\" \/>\n<meta property=\"og:title\" content=\"Chef-Autor von Pokemon erkl\u00e4rt, warum Ash Ketchum, Misty und Co. verhaftet werden k\u00f6nnen\" \/>\n<meta property=\"og:description\" content=\"Phanimenal - T\u00e4glich interessante Anime News und Gaming News\" \/>\n<meta property=\"og:url\" content=\"https:\/\/phanimenal.de\/index.php\/2023\/01\/05\/chef-autor-von-pokemon-erklaert-warum-ash-ketchum-misty-und-co-verhaftet-werden-koennen\/\" \/>\n<meta property=\"og:site_name\" content=\"Phanimenal - T\u00e4glich interessante Anime News und Gaming News\" \/>\n<meta property=\"article:publisher\" content=\"https:\/\/www.facebook.com\/phanimenal\" \/>\n<meta property=\"article:published_time\" content=\"2023-01-05T20:28:26+00:00\" \/>\n<meta property=\"og:image\" content=\"https:\/\/phanimenal.de\/wp-content\/uploads\/\/Screenshot_2115.jpg\" \/>\n\t<meta property=\"og:image:width\" content=\"1495\" \/>\n\t<meta property=\"og:image:height\" content=\"839\" \/>\n\t<meta property=\"og:image:type\" content=\"image\/jpeg\" \/>\n<meta name=\"author\" content=\"Redaktion\" \/>\n<meta name=\"twitter:label1\" content=\"Verfasst von\" \/>\n\t<meta name=\"twitter:data1\" content=\"Redaktion\" \/>\n\t<meta name=\"twitter:label2\" content=\"Gesch\u00e4tzte Lesezeit\" \/>\n\t<meta name=\"twitter:data2\" content=\"3\u00a0Minuten\" \/>\n<script type=\"application\/ld+json\" class=\"yoast-schema-graph\">{\"@context\":\"https:\/\/schema.org\",\"@graph\":[{\"@type\":\"Article\",\"@id\":\"https:\/\/phanimenal.de\/index.php\/2023\/01\/05\/chef-autor-von-pokemon-erklaert-warum-ash-ketchum-misty-und-co-verhaftet-werden-koennen\/#article\",\"isPartOf\":{\"@id\":\"https:\/\/phanimenal.de\/index.php\/2023\/01\/05\/chef-autor-von-pokemon-erklaert-warum-ash-ketchum-misty-und-co-verhaftet-werden-koennen\/\"},\"author\":{\"name\":\"Redaktion\",\"@id\":\"https:\/\/phanimenal.de\/#\/schema\/person\/4c49cddeeb21ba6ad627cd820367dbd0\"},\"headline\":\"Chef-Autor von Pokemon erkl\u00e4rt, warum Ash Ketchum, Misty und Co. verhaftet werden k\u00f6nnen\",\"datePublished\":\"2023-01-05T20:28:26+00:00\",\"dateModified\":\"2023-01-05T20:28:26+00:00\",\"mainEntityOfPage\":{\"@id\":\"https:\/\/phanimenal.de\/index.php\/2023\/01\/05\/chef-autor-von-pokemon-erklaert-warum-ash-ketchum-misty-und-co-verhaftet-werden-koennen\/\"},\"wordCount\":416,\"publisher\":{\"@id\":\"https:\/\/phanimenal.de\/#organization\"},\"keywords\":[\"Ash Ketchum\",\"Erwachsen\",\"Pok\u00e9mon\",\"vollj\u00e4hrig\"],\"articleSection\":{\"1\":\"Anime\",\"2\":\"News\",\"3\":\"Pokemon\"},\"inLanguage\":\"de\",\"copyrightYear\":\"2023\",\"copyrightHolder\":{\"@id\":\"https:\/\/phanimenal.de\/#organization\"}},{\"@type\":\"WebPage\",\"@id\":\"https:\/\/phanimenal.de\/index.php\/2023\/01\/05\/chef-autor-von-pokemon-erklaert-warum-ash-ketchum-misty-und-co-verhaftet-werden-koennen\/\",\"url\":\"https:\/\/phanimenal.de\/index.php\/2023\/01\/05\/chef-autor-von-pokemon-erklaert-warum-ash-ketchum-misty-und-co-verhaftet-werden-koennen\/\",\"name\":\"Chef-Autor von Pokemon erkl\u00e4rt, warum Ash Ketchum, Misty und Co. verhaftet werden k\u00f6nnen - Phanimenal - T\u00e4glich interessante Anime News und Gaming News\",\"isPartOf\":{\"@id\":\"https:\/\/phanimenal.de\/#website\"},\"datePublished\":\"2023-01-05T20:28:26+00:00\",\"dateModified\":\"2023-01-05T20:28:26+00:00\",\"breadcrumb\":{\"@id\":\"https:\/\/phanimenal.de\/index.php\/2023\/01\/05\/chef-autor-von-pokemon-erklaert-warum-ash-ketchum-misty-und-co-verhaftet-werden-koennen\/#breadcrumb\"},\"inLanguage\":\"de\",\"potentialAction\":[{\"@type\":\"ReadAction\",\"target\":[\"https:\/\/phanimenal.de\/index.php\/2023\/01\/05\/chef-autor-von-pokemon-erklaert-warum-ash-ketchum-misty-und-co-verhaftet-werden-koennen\/\"]}]},{\"@type\":\"BreadcrumbList\",\"@id\":\"https:\/\/phanimenal.de\/index.php\/2023\/01\/05\/chef-autor-von-pokemon-erklaert-warum-ash-ketchum-misty-und-co-verhaftet-werden-koennen\/#breadcrumb\",\"itemListElement\":[{\"@type\":\"ListItem\",\"position\":1,\"name\":\"Startseite\",\"item\":\"https:\/\/phanimenal.de\/\"},{\"@type\":\"ListItem\",\"position\":2,\"name\":\"Chef-Autor von Pokemon erkl\u00e4rt, warum Ash Ketchum, Misty und Co. verhaftet werden k\u00f6nnen\"}]},{\"@type\":\"WebSite\",\"@id\":\"https:\/\/phanimenal.de\/#website\",\"url\":\"https:\/\/phanimenal.de\/\",\"name\":\"Phanimenal - T\u00e4glich interessante Anime News und Gaming News\",\"description\":\"Auf Phanimenal findest du die aktuellsten Anime-News aus Japan und Deutschland\",\"publisher\":{\"@id\":\"https:\/\/phanimenal.de\/#organization\"},\"potentialAction\":[{\"@type\":\"SearchAction\",\"target\":{\"@type\":\"EntryPoint\",\"urlTemplate\":\"https:\/\/phanimenal.de\/?s={search_term_string}\"},\"query-input\":\"required name=search_term_string\"}],\"inLanguage\":\"de\"},{\"@type\":\"Organization\",\"@id\":\"https:\/\/phanimenal.de\/#organization\",\"name\":\"Phanimenal\",\"url\":\"https:\/\/phanimenal.de\/\",\"logo\":{\"@type\":\"ImageObject\",\"inLanguage\":\"de\",\"@id\":\"https:\/\/phanimenal.de\/#\/schema\/logo\/image\/\",\"url\":\"https:\/\/phanimenal.de\/wp-content\/uploads\/\/2016\/04\/logo.png\",\"contentUrl\":\"https:\/\/phanimenal.de\/wp-content\/uploads\/\/2016\/04\/logo.png\",\"width\":170,\"height\":70,\"caption\":\"Phanimenal\"},\"image\":{\"@id\":\"https:\/\/phanimenal.de\/#\/schema\/logo\/image\/\"},\"sameAs\":[\"https:\/\/www.facebook.com\/phanimenal\",\"https:\/\/www.instagram.com\/phanimenal\",\"https:\/\/www.youtube.com\/channel\/UCbK_Z9H_JoD0sWZeb2guVxw\"]},{\"@type\":\"Person\",\"@id\":\"https:\/\/phanimenal.de\/#\/schema\/person\/4c49cddeeb21ba6ad627cd820367dbd0\",\"name\":\"Redaktion\",\"image\":{\"@type\":\"ImageObject\",\"inLanguage\":\"de\",\"@id\":\"https:\/\/phanimenal.de\/#\/schema\/person\/image\/\",\"url\":\"https:\/\/secure.gravatar.com\/avatar\/09a8126b3974641b0bccb021bf5549db?s=96&d=mm&r=g\",\"contentUrl\":\"https:\/\/secure.gravatar.com\/avatar\/09a8126b3974641b0bccb021bf5549db?s=96&d=mm&r=g\",\"caption\":\"Redaktion\"},\"url\":\"https:\/\/phanimenal.de\/index.php\/author\/redaktion\/\"}]}<\/script>\n<!-- \/ Yoast SEO Premium plugin. -->","yoast_head_json":{"title":"Chef-Autor von Pokemon erkl\u00e4rt, warum Ash Ketchum, Misty und Co. verhaftet werden k\u00f6nnen - Phanimenal - T\u00e4glich interessante Anime News und Gaming News","robots":{"index":"index","follow":"follow","max-snippet":"max-snippet:-1","max-image-preview":"max-image-preview:large","max-video-preview":"max-video-preview:-1"},"canonical":"https:\/\/phanimenal.de\/index.php\/2023\/01\/05\/chef-autor-von-pokemon-erklaert-warum-ash-ketchum-misty-und-co-verhaftet-werden-koennen\/","og_locale":"de_DE","og_type":"article","og_title":"Chef-Autor von Pokemon erkl\u00e4rt, warum Ash Ketchum, Misty und Co. verhaftet werden k\u00f6nnen","og_description":"Phanimenal - T\u00e4glich interessante Anime News und Gaming News","og_url":"https:\/\/phanimenal.de\/index.php\/2023\/01\/05\/chef-autor-von-pokemon-erklaert-warum-ash-ketchum-misty-und-co-verhaftet-werden-koennen\/","og_site_name":"Phanimenal - T\u00e4glich interessante Anime News und Gaming News","article_publisher":"https:\/\/www.facebook.com\/phanimenal","article_published_time":"2023-01-05T20:28:26+00:00","og_image":[{"width":1495,"height":839,"url":"https:\/\/phanimenal.de\/wp-content\/uploads\/\/Screenshot_2115.jpg","type":"image\/jpeg"}],"author":"Redaktion","twitter_misc":{"Verfasst von":"Redaktion","Gesch\u00e4tzte Lesezeit":"3\u00a0Minuten"},"schema":{"@context":"https:\/\/schema.org","@graph":[{"@type":"Article","@id":"https:\/\/phanimenal.de\/index.php\/2023\/01\/05\/chef-autor-von-pokemon-erklaert-warum-ash-ketchum-misty-und-co-verhaftet-werden-koennen\/#article","isPartOf":{"@id":"https:\/\/phanimenal.de\/index.php\/2023\/01\/05\/chef-autor-von-pokemon-erklaert-warum-ash-ketchum-misty-und-co-verhaftet-werden-koennen\/"},"author":{"name":"Redaktion","@id":"https:\/\/phanimenal.de\/#\/schema\/person\/4c49cddeeb21ba6ad627cd820367dbd0"},"headline":"Chef-Autor von Pokemon erkl\u00e4rt, warum Ash Ketchum, Misty und Co. verhaftet werden k\u00f6nnen","datePublished":"2023-01-05T20:28:26+00:00","dateModified":"2023-01-05T20:28:26+00:00","mainEntityOfPage":{"@id":"https:\/\/phanimenal.de\/index.php\/2023\/01\/05\/chef-autor-von-pokemon-erklaert-warum-ash-ketchum-misty-und-co-verhaftet-werden-koennen\/"},"wordCount":416,"publisher":{"@id":"https:\/\/phanimenal.de\/#organization"},"keywords":["Ash Ketchum","Erwachsen","Pok\u00e9mon","vollj\u00e4hrig"],"articleSection":{"1":"Anime","2":"News","3":"Pokemon"},"inLanguage":"de","copyrightYear":"2023","copyrightHolder":{"@id":"https:\/\/phanimenal.de\/#organization"}},{"@type":"WebPage","@id":"https:\/\/phanimenal.de\/index.php\/2023\/01\/05\/chef-autor-von-pokemon-erklaert-warum-ash-ketchum-misty-und-co-verhaftet-werden-koennen\/","url":"https:\/\/phanimenal.de\/index.php\/2023\/01\/05\/chef-autor-von-pokemon-erklaert-warum-ash-ketchum-misty-und-co-verhaftet-werden-koennen\/","name":"Chef-Autor von Pokemon erkl\u00e4rt, warum Ash Ketchum, Misty und Co. verhaftet werden k\u00f6nnen - Phanimenal - T\u00e4glich interessante Anime News und Gaming News","isPartOf":{"@id":"https:\/\/phanimenal.de\/#website"},"datePublished":"2023-01-05T20:28:26+00:00","dateModified":"2023-01-05T20:28:26+00:00","breadcrumb":{"@id":"https:\/\/phanimenal.de\/index.php\/2023\/01\/05\/chef-autor-von-pokemon-erklaert-warum-ash-ketchum-misty-und-co-verhaftet-werden-koennen\/#breadcrumb"},"inLanguage":"de","potentialAction":[{"@type":"ReadAction","target":["https:\/\/phanimenal.de\/index.php\/2023\/01\/05\/chef-autor-von-pokemon-erklaert-warum-ash-ketchum-misty-und-co-verhaftet-werden-koennen\/"]}]},{"@type":"BreadcrumbList","@id":"https:\/\/phanimenal.de\/index.php\/2023\/01\/05\/chef-autor-von-pokemon-erklaert-warum-ash-ketchum-misty-und-co-verhaftet-werden-koennen\/#breadcrumb","itemListElement":[{"@type":"ListItem","position":1,"name":"Startseite","item":"https:\/\/phanimenal.de\/"},{"@type":"ListItem","position":2,"name":"Chef-Autor von Pokemon erkl\u00e4rt, warum Ash Ketchum, Misty und Co. verhaftet werden k\u00f6nnen"}]},{"@type":"WebSite","@id":"https:\/\/phanimenal.de\/#website","url":"https:\/\/phanimenal.de\/","name":"Phanimenal - T\u00e4glich interessante Anime News und Gaming News","description":"Auf Phanimenal findest du die aktuellsten Anime-News aus Japan und Deutschland","publisher":{"@id":"https:\/\/phanimenal.de\/#organization"},"potentialAction":[{"@type":"SearchAction","target":{"@type":"EntryPoint","urlTemplate":"https:\/\/phanimenal.de\/?s={search_term_string}"},"query-input":"required name=search_term_string"}],"inLanguage":"de"},{"@type":"Organization","@id":"https:\/\/phanimenal.de\/#organization","name":"Phanimenal","url":"https:\/\/phanimenal.de\/","logo":{"@type":"ImageObject","inLanguage":"de","@id":"https:\/\/phanimenal.de\/#\/schema\/logo\/image\/","url":"https:\/\/phanimenal.de\/wp-content\/uploads\/\/2016\/04\/logo.png","contentUrl":"https:\/\/phanimenal.de\/wp-content\/uploads\/\/2016\/04\/logo.png","width":170,"height":70,"caption":"Phanimenal"},"image":{"@id":"https:\/\/phanimenal.de\/#\/schema\/logo\/image\/"},"sameAs":["https:\/\/www.facebook.com\/phanimenal","https:\/\/www.instagram.com\/phanimenal","https:\/\/www.youtube.com\/channel\/UCbK_Z9H_JoD0sWZeb2guVxw"]},{"@type":"Person","@id":"https:\/\/phanimenal.de\/#\/schema\/person\/4c49cddeeb21ba6ad627cd820367dbd0","name":"Redaktion","image":{"@type":"ImageObject","inLanguage":"de","@id":"https:\/\/phanimenal.de\/#\/schema\/person\/image\/","url":"https:\/\/secure.gravatar.com\/avatar\/09a8126b3974641b0bccb021bf5549db?s=96&d=mm&r=g","contentUrl":"https:\/\/secure.gravatar.com\/avatar\/09a8126b3974641b0bccb021bf5549db?s=96&d=mm&r=g","caption":"Redaktion"},"url":"https:\/\/phanimenal.de\/index.php\/author\/redaktion\/"}]}},"jetpack_featured_media_url":"https:\/\/phanimenal.de\/wp-content\/uploads\/\/Screenshot_2115.jpg","_links":{"self":[{"href":"https:\/\/phanimenal.de\/index.php\/wp-json\/wp\/v2\/posts\/21280"}],"collection":[{"href":"https:\/\/phanimenal.de\/index.php\/wp-json\/wp\/v2\/posts"}],"about":[{"href":"https:\/\/phanimenal.de\/index.php\/wp-json\/wp\/v2\/types\/post"}],"author":[{"embeddable":true,"href":"https:\/\/phanimenal.de\/index.php\/wp-json\/wp\/v2\/users\/20"}],"replies":[{"embeddable":true,"href":"https:\/\/phanimenal.de\/index.php\/wp-json\/wp\/v2\/comments?post=21280"}],"version-history":[{"count":2,"href":"https:\/\/phanimenal.de\/index.php\/wp-json\/wp\/v2\/posts\/21280\/revisions"}],"predecessor-version":[{"id":21283,"href":"https:\/\/phanimenal.de\/index.php\/wp-json\/wp\/v2\/posts\/21280\/revisions\/21283"}],"wp:featuredmedia":[{"embeddable":true,"href":"https:\/\/phanimenal.de\/index.php\/wp-json\/wp\/v2\/media\/15568"}],"wp:attachment":[{"href":"https:\/\/phanimenal.de\/index.php\/wp-json\/wp\/v2\/media?parent=21280"}],"wp:term":[{"taxonomy":"category","embeddable":true,"href":"https:\/\/phanimenal.de\/index.php\/wp-json\/wp\/v2\/categories?post=21280"},{"taxonomy":"post_tag","embeddable":true,"href":"https:\/\/phanimenal.de\/index.php\/wp-json\/wp\/v2\/tags?post=21280"}],"curies":[{"name":"wp","href":"https:\/\/api.w.org\/{rel}","templated":true}]}}