{"id":21765,"date":"2023-02-24T21:16:34","date_gmt":"2023-02-24T20:16:34","guid":{"rendered":"https:\/\/phanimenal.de\/?p=21765"},"modified":"2024-06-28T22:08:32","modified_gmt":"2024-06-28T20:08:32","slug":"pokemon-regisseur-kuendigt-rueckkehr-von-ash-an-und-verraet-das-ende-vom-pokemon-finale","status":"publish","type":"post","link":"https:\/\/phanimenal.de\/index.php\/2023\/02\/24\/pokemon-regisseur-kuendigt-rueckkehr-von-ash-an-und-verraet-das-ende-vom-pokemon-finale\/","title":{"rendered":"Pokemon-Regisseur k\u00fcndigt R\u00fcckkehr von Ash an und verr\u00e4t das Ende vom Pokemon-Finale"},"content":{"rendered":"<h2 style=\"text-align: center;\"><strong>Aim to Be a <a href=\"https:\/\/phanimenal.de\/?s=Pokemon\">Pokemon<\/a> Master<\/strong><\/h2>\n<p>Das gro\u00dfe Finale der Pokemon-Serie befindet sich in den letzten Z\u00fcgen. In den letzten Folgen haben die Macher daf\u00fcr gesorgt, dass das urspr\u00fcngliche Trio der Serie wieder vereint ist. In der Kanto-Region traf Ash auf seine ehemaligen Wegbegleiter Misty und Rocko und wurde wieder mit seinen Starter-Pokemon Glumanda, Bisasam und Schiggy vereint. Gut 20 Jahre lang haben die Fans auf diese R\u00fcckkehr gewartet. Seit der 5. Staffel waren Misty und Rocko nicht mehr an der Seite des Pokemon-Trainers.<\/p>\n<h2 style=\"text-align: center;\"><strong>H\u00f6hepunkt der Serie<\/strong><\/h2>\n<p>Jetzt hat Kunihiko Yuyama, der Regisseur der Pokemon-Serie, ein Interview gegeben. Und darin verriet er erstaunlich viele Details, die das Ende des bevorstehenden Pokemon-Finals und die Zukunft von Ash Ketchum betreffen. Ein Twitter-User hat das japanische Interview \u00fcbersetzt und einige zentrale Aussagen daraus auf Twitter ver\u00f6ffentlicht.<\/p>\n<p>Wie er mitteilt, ist das gro\u00dfe Ziel von &#8222;Aim to be a Pokemon-Master&#8220;, die Bedeutung dessen herauszufinden, was es hei\u00dft ein Pokemon-Meister zu sein. Am Ende dieser Suche steht ein Treffen mit einem Pokemon an. Dabei geht es laut Yuyama um ein Pokemon, &#8222;das jeder sehen will&#8220;. Au\u00dferdem k\u00fcndigt er an, dass wir Ash in Zukunft an anderer Stelle wiedersehen werden. Das ist mehr oder weniger die Best\u00e4tigung, dass Ash Ketchum in irgendeiner Form in der neuen Pokemon-Serie zu sehen sein wird.<\/p>\n<h4><strong>\u00dcber das letztj\u00e4hrige &#8222;The Distant Blue Sky&#8220;-Special<\/strong><\/h4>\n<p><em>&#8222;- Der Arbeitstitel war &#8222;Ashs Sommerferien&#8220;.<\/em><br \/>\n<em>&#8211; Das Konzept f\u00fcr das Special wurde vor etwa einem Jahr entwickelt, um einen Tag im Leben von Ash zu zeigen.<\/em><br \/>\n<em>&#8211; Er best\u00e4tigt im Grunde, dass es in der gleichen Kontinuit\u00e4t wie Film 20 stattfindet.&#8220;<\/em><\/p>\n<h4><strong>\u00dcber &#8222;Aim to be a Pokemon-Master&#8220;<\/strong><\/h4>\n<p><em>&#8222;- Eines der Themen von Aim to be a Pokemon-Master ist, dass Satoshi herausfindet, was genau es f\u00fcr ihn pers\u00f6nlich bedeutet, ein &#8222;Pok\u00e9mon-Meister&#8220; zu sein.<\/em><br \/>\n<em>&#8211; Sie wollten die EDs [Soundtrack am Ende der Folge] mehr ver\u00e4ndern, als sie es letztendlich getan haben.<\/em><br \/>\n<em>&#8211; Er verr\u00e4t, dass &#8222;das Pok\u00e9mon, das jeder sehen will&#8220;, auf dem H\u00f6hepunkt der Serie auftauchen wird.&#8220;<\/em><\/p>\n<h4><strong>Die R\u00fcckkehr von Ash Ketchum<\/strong><\/h4>\n<p><em>&#8222;- Er beschreibt Ash als &#8222;ewig zehn Jahre alt&#8220; und erw\u00e4hnt sein Alter mehr als ein paar Mal.<\/em><br \/>\n<em>&#8211; Er sagt, er glaubt, dass wir Ash irgendwann in der Zukunft wiedersehen werden.&#8220;<\/em><\/p>\n<p><strong>Hier seht ihr die Zusammenfassung<\/strong><\/p>\n<blockquote class=\"twitter-tweet\">\n<p dir=\"ltr\" lang=\"en\">You can buy this issue of Otomedia from Amazon <a href=\"https:\/\/phanimenal.de\/?s=Japan\">Japan<\/a>, which does ship overseas.<a href=\"https:\/\/t.co\/VV7vmKV6k4\">https:\/\/t.co\/VV7vmKV6k4<\/a><\/p>\n<p>\u2014 Dogasu (@DogasusBackpack) <a href=\"https:\/\/twitter.com\/DogasusBackpack\/status\/1628011685935218688?ref_src=twsrc%5Etfw\">February 21, 2023<\/a><\/p><\/blockquote>\n<p><script async src=\"https:\/\/platform.twitter.com\/widgets.js\" charset=\"utf-8\"><\/script><\/p>\n","protected":false},"excerpt":{"rendered":"<p>Aim to Be a <a href=\"https:\/\/phanimenal.de\/?s=Pokemon\">Pokemon<\/a> Master Das gro\u00dfe Finale der Pokemon-Serie befindet sich in den letzten Z\u00fcgen. In den letzten<\/p>\n","protected":false},"author":1,"featured_media":20457,"comment_status":"closed","ping_status":"open","sticky":false,"template":"","format":"standard","meta":[],"categories":[1,2,3,1192],"tags":[1080,4417,1426,88,1465],"yoast_head":"<!-- This site is optimized with the Yoast SEO Premium plugin v20.2.1 (Yoast SEO v20.2.1) - https:\/\/yoast.com\/wordpress\/plugins\/seo\/ -->\n<title>Pokemon-Regisseur k\u00fcndigt R\u00fcckkehr von Ash an und verr\u00e4t das Ende vom Pokemon-Finale - Phanimenal - T\u00e4glich interessante Anime News und Gaming News<\/title>\n<meta name=\"robots\" content=\"index, follow, max-snippet:-1, max-image-preview:large, max-video-preview:-1\" \/>\n<link rel=\"canonical\" href=\"https:\/\/phanimenal.de\/index.php\/2023\/02\/24\/pokemon-regisseur-kuendigt-rueckkehr-von-ash-an-und-verraet-das-ende-vom-pokemon-finale\/\" \/>\n<meta property=\"og:locale\" content=\"de_DE\" \/>\n<meta property=\"og:type\" content=\"article\" \/>\n<meta property=\"og:title\" content=\"Pokemon-Regisseur k\u00fcndigt R\u00fcckkehr von Ash an und verr\u00e4t das Ende vom Pokemon-Finale\" \/>\n<meta property=\"og:description\" content=\"Phanimenal - T\u00e4glich interessante Anime News und Gaming News\" \/>\n<meta property=\"og:url\" content=\"https:\/\/phanimenal.de\/index.php\/2023\/02\/24\/pokemon-regisseur-kuendigt-rueckkehr-von-ash-an-und-verraet-das-ende-vom-pokemon-finale\/\" \/>\n<meta property=\"og:site_name\" content=\"Phanimenal - T\u00e4glich interessante Anime News und Gaming News\" \/>\n<meta property=\"article:publisher\" content=\"https:\/\/www.facebook.com\/phanimenal\" \/>\n<meta property=\"article:published_time\" content=\"2023-02-24T20:16:34+00:00\" \/>\n<meta property=\"article:modified_time\" content=\"2024-06-28T20:08:32+00:00\" \/>\n<meta property=\"og:image\" content=\"https:\/\/phanimenal.de\/wp-content\/uploads\/\/Pokemon-477.jpg\" \/>\n\t<meta property=\"og:image:width\" content=\"1200\" \/>\n\t<meta property=\"og:image:height\" content=\"628\" \/>\n\t<meta property=\"og:image:type\" content=\"image\/jpeg\" \/>\n<meta name=\"author\" content=\"AM\" \/>\n<meta name=\"twitter:label1\" content=\"Verfasst von\" \/>\n\t<meta name=\"twitter:data1\" content=\"AM\" \/>\n\t<meta name=\"twitter:label2\" content=\"Gesch\u00e4tzte Lesezeit\" \/>\n\t<meta name=\"twitter:data2\" content=\"3\u00a0Minuten\" \/>\n<script type=\"application\/ld+json\" class=\"yoast-schema-graph\">{\"@context\":\"https:\/\/schema.org\",\"@graph\":[{\"@type\":\"Article\",\"@id\":\"https:\/\/phanimenal.de\/index.php\/2023\/02\/24\/pokemon-regisseur-kuendigt-rueckkehr-von-ash-an-und-verraet-das-ende-vom-pokemon-finale\/#article\",\"isPartOf\":{\"@id\":\"https:\/\/phanimenal.de\/index.php\/2023\/02\/24\/pokemon-regisseur-kuendigt-rueckkehr-von-ash-an-und-verraet-das-ende-vom-pokemon-finale\/\"},\"author\":{\"name\":\"AM\",\"@id\":\"https:\/\/phanimenal.de\/#\/schema\/person\/e1dd9265ac0385ecb373011a052bc293\"},\"headline\":\"Pokemon-Regisseur k\u00fcndigt R\u00fcckkehr von Ash an und verr\u00e4t das Ende vom Pokemon-Finale\",\"datePublished\":\"2023-02-24T20:16:34+00:00\",\"dateModified\":\"2024-06-28T20:08:32+00:00\",\"mainEntityOfPage\":{\"@id\":\"https:\/\/phanimenal.de\/index.php\/2023\/02\/24\/pokemon-regisseur-kuendigt-rueckkehr-von-ash-an-und-verraet-das-ende-vom-pokemon-finale\/\"},\"wordCount\":433,\"publisher\":{\"@id\":\"https:\/\/phanimenal.de\/#organization\"},\"keywords\":[\"Ash Ketchum\",\"kunihiko yuyama\",\"misty\",\"Pok\u00e9mon\",\"Rocko\"],\"articleSection\":{\"1\":\"Anime\",\"2\":\"News\",\"3\":\"Pokemon\"},\"inLanguage\":\"de\",\"copyrightYear\":\"2023\",\"copyrightHolder\":{\"@id\":\"https:\/\/phanimenal.de\/#organization\"}},{\"@type\":\"WebPage\",\"@id\":\"https:\/\/phanimenal.de\/index.php\/2023\/02\/24\/pokemon-regisseur-kuendigt-rueckkehr-von-ash-an-und-verraet-das-ende-vom-pokemon-finale\/\",\"url\":\"https:\/\/phanimenal.de\/index.php\/2023\/02\/24\/pokemon-regisseur-kuendigt-rueckkehr-von-ash-an-und-verraet-das-ende-vom-pokemon-finale\/\",\"name\":\"Pokemon-Regisseur k\u00fcndigt R\u00fcckkehr von Ash an und verr\u00e4t das Ende vom Pokemon-Finale - Phanimenal - T\u00e4glich interessante Anime News und Gaming News\",\"isPartOf\":{\"@id\":\"https:\/\/phanimenal.de\/#website\"},\"datePublished\":\"2023-02-24T20:16:34+00:00\",\"dateModified\":\"2024-06-28T20:08:32+00:00\",\"breadcrumb\":{\"@id\":\"https:\/\/phanimenal.de\/index.php\/2023\/02\/24\/pokemon-regisseur-kuendigt-rueckkehr-von-ash-an-und-verraet-das-ende-vom-pokemon-finale\/#breadcrumb\"},\"inLanguage\":\"de\",\"potentialAction\":[{\"@type\":\"ReadAction\",\"target\":[\"https:\/\/phanimenal.de\/index.php\/2023\/02\/24\/pokemon-regisseur-kuendigt-rueckkehr-von-ash-an-und-verraet-das-ende-vom-pokemon-finale\/\"]}]},{\"@type\":\"BreadcrumbList\",\"@id\":\"https:\/\/phanimenal.de\/index.php\/2023\/02\/24\/pokemon-regisseur-kuendigt-rueckkehr-von-ash-an-und-verraet-das-ende-vom-pokemon-finale\/#breadcrumb\",\"itemListElement\":[{\"@type\":\"ListItem\",\"position\":1,\"name\":\"Startseite\",\"item\":\"https:\/\/phanimenal.de\/\"},{\"@type\":\"ListItem\",\"position\":2,\"name\":\"Pokemon-Regisseur k\u00fcndigt R\u00fcckkehr von Ash an und verr\u00e4t das Ende vom Pokemon-Finale\"}]},{\"@type\":\"WebSite\",\"@id\":\"https:\/\/phanimenal.de\/#website\",\"url\":\"https:\/\/phanimenal.de\/\",\"name\":\"Phanimenal - T\u00e4glich interessante Anime News und Gaming News\",\"description\":\"Auf Phanimenal findest du die aktuellsten Anime-News aus Japan und Deutschland\",\"publisher\":{\"@id\":\"https:\/\/phanimenal.de\/#organization\"},\"potentialAction\":[{\"@type\":\"SearchAction\",\"target\":{\"@type\":\"EntryPoint\",\"urlTemplate\":\"https:\/\/phanimenal.de\/?s={search_term_string}\"},\"query-input\":\"required name=search_term_string\"}],\"inLanguage\":\"de\"},{\"@type\":\"Organization\",\"@id\":\"https:\/\/phanimenal.de\/#organization\",\"name\":\"Phanimenal\",\"url\":\"https:\/\/phanimenal.de\/\",\"logo\":{\"@type\":\"ImageObject\",\"inLanguage\":\"de\",\"@id\":\"https:\/\/phanimenal.de\/#\/schema\/logo\/image\/\",\"url\":\"https:\/\/phanimenal.de\/wp-content\/uploads\/\/2016\/04\/logo.png\",\"contentUrl\":\"https:\/\/phanimenal.de\/wp-content\/uploads\/\/2016\/04\/logo.png\",\"width\":170,\"height\":70,\"caption\":\"Phanimenal\"},\"image\":{\"@id\":\"https:\/\/phanimenal.de\/#\/schema\/logo\/image\/\"},\"sameAs\":[\"https:\/\/www.facebook.com\/phanimenal\",\"https:\/\/www.instagram.com\/phanimenal\",\"https:\/\/www.youtube.com\/channel\/UCbK_Z9H_JoD0sWZeb2guVxw\"]},{\"@type\":\"Person\",\"@id\":\"https:\/\/phanimenal.de\/#\/schema\/person\/e1dd9265ac0385ecb373011a052bc293\",\"name\":\"AM\",\"image\":{\"@type\":\"ImageObject\",\"inLanguage\":\"de\",\"@id\":\"https:\/\/phanimenal.de\/#\/schema\/person\/image\/\",\"url\":\"https:\/\/secure.gravatar.com\/avatar\/87c965ccf859177fd81ae236167111a1?s=96&d=mm&r=g\",\"contentUrl\":\"https:\/\/secure.gravatar.com\/avatar\/87c965ccf859177fd81ae236167111a1?s=96&d=mm&r=g\",\"caption\":\"AM\"},\"sameAs\":[\"http:\/\/wp2.phanimenal.de\"],\"url\":\"https:\/\/phanimenal.de\/index.php\/author\/admin\/\"}]}<\/script>\n<!-- \/ Yoast SEO Premium plugin. -->","yoast_head_json":{"title":"Pokemon-Regisseur k\u00fcndigt R\u00fcckkehr von Ash an und verr\u00e4t das Ende vom Pokemon-Finale - Phanimenal - T\u00e4glich interessante Anime News und Gaming News","robots":{"index":"index","follow":"follow","max-snippet":"max-snippet:-1","max-image-preview":"max-image-preview:large","max-video-preview":"max-video-preview:-1"},"canonical":"https:\/\/phanimenal.de\/index.php\/2023\/02\/24\/pokemon-regisseur-kuendigt-rueckkehr-von-ash-an-und-verraet-das-ende-vom-pokemon-finale\/","og_locale":"de_DE","og_type":"article","og_title":"Pokemon-Regisseur k\u00fcndigt R\u00fcckkehr von Ash an und verr\u00e4t das Ende vom Pokemon-Finale","og_description":"Phanimenal - T\u00e4glich interessante Anime News und Gaming News","og_url":"https:\/\/phanimenal.de\/index.php\/2023\/02\/24\/pokemon-regisseur-kuendigt-rueckkehr-von-ash-an-und-verraet-das-ende-vom-pokemon-finale\/","og_site_name":"Phanimenal - T\u00e4glich interessante Anime News und Gaming News","article_publisher":"https:\/\/www.facebook.com\/phanimenal","article_published_time":"2023-02-24T20:16:34+00:00","article_modified_time":"2024-06-28T20:08:32+00:00","og_image":[{"width":1200,"height":628,"url":"https:\/\/phanimenal.de\/wp-content\/uploads\/\/Pokemon-477.jpg","type":"image\/jpeg"}],"author":"AM","twitter_misc":{"Verfasst von":"AM","Gesch\u00e4tzte Lesezeit":"3\u00a0Minuten"},"schema":{"@context":"https:\/\/schema.org","@graph":[{"@type":"Article","@id":"https:\/\/phanimenal.de\/index.php\/2023\/02\/24\/pokemon-regisseur-kuendigt-rueckkehr-von-ash-an-und-verraet-das-ende-vom-pokemon-finale\/#article","isPartOf":{"@id":"https:\/\/phanimenal.de\/index.php\/2023\/02\/24\/pokemon-regisseur-kuendigt-rueckkehr-von-ash-an-und-verraet-das-ende-vom-pokemon-finale\/"},"author":{"name":"AM","@id":"https:\/\/phanimenal.de\/#\/schema\/person\/e1dd9265ac0385ecb373011a052bc293"},"headline":"Pokemon-Regisseur k\u00fcndigt R\u00fcckkehr von Ash an und verr\u00e4t das Ende vom Pokemon-Finale","datePublished":"2023-02-24T20:16:34+00:00","dateModified":"2024-06-28T20:08:32+00:00","mainEntityOfPage":{"@id":"https:\/\/phanimenal.de\/index.php\/2023\/02\/24\/pokemon-regisseur-kuendigt-rueckkehr-von-ash-an-und-verraet-das-ende-vom-pokemon-finale\/"},"wordCount":433,"publisher":{"@id":"https:\/\/phanimenal.de\/#organization"},"keywords":["Ash Ketchum","kunihiko yuyama","misty","Pok\u00e9mon","Rocko"],"articleSection":{"1":"Anime","2":"News","3":"Pokemon"},"inLanguage":"de","copyrightYear":"2023","copyrightHolder":{"@id":"https:\/\/phanimenal.de\/#organization"}},{"@type":"WebPage","@id":"https:\/\/phanimenal.de\/index.php\/2023\/02\/24\/pokemon-regisseur-kuendigt-rueckkehr-von-ash-an-und-verraet-das-ende-vom-pokemon-finale\/","url":"https:\/\/phanimenal.de\/index.php\/2023\/02\/24\/pokemon-regisseur-kuendigt-rueckkehr-von-ash-an-und-verraet-das-ende-vom-pokemon-finale\/","name":"Pokemon-Regisseur k\u00fcndigt R\u00fcckkehr von Ash an und verr\u00e4t das Ende vom Pokemon-Finale - Phanimenal - T\u00e4glich interessante Anime News und Gaming News","isPartOf":{"@id":"https:\/\/phanimenal.de\/#website"},"datePublished":"2023-02-24T20:16:34+00:00","dateModified":"2024-06-28T20:08:32+00:00","breadcrumb":{"@id":"https:\/\/phanimenal.de\/index.php\/2023\/02\/24\/pokemon-regisseur-kuendigt-rueckkehr-von-ash-an-und-verraet-das-ende-vom-pokemon-finale\/#breadcrumb"},"inLanguage":"de","potentialAction":[{"@type":"ReadAction","target":["https:\/\/phanimenal.de\/index.php\/2023\/02\/24\/pokemon-regisseur-kuendigt-rueckkehr-von-ash-an-und-verraet-das-ende-vom-pokemon-finale\/"]}]},{"@type":"BreadcrumbList","@id":"https:\/\/phanimenal.de\/index.php\/2023\/02\/24\/pokemon-regisseur-kuendigt-rueckkehr-von-ash-an-und-verraet-das-ende-vom-pokemon-finale\/#breadcrumb","itemListElement":[{"@type":"ListItem","position":1,"name":"Startseite","item":"https:\/\/phanimenal.de\/"},{"@type":"ListItem","position":2,"name":"Pokemon-Regisseur k\u00fcndigt R\u00fcckkehr von Ash an und verr\u00e4t das Ende vom Pokemon-Finale"}]},{"@type":"WebSite","@id":"https:\/\/phanimenal.de\/#website","url":"https:\/\/phanimenal.de\/","name":"Phanimenal - T\u00e4glich interessante Anime News und Gaming News","description":"Auf Phanimenal findest du die aktuellsten Anime-News aus Japan und Deutschland","publisher":{"@id":"https:\/\/phanimenal.de\/#organization"},"potentialAction":[{"@type":"SearchAction","target":{"@type":"EntryPoint","urlTemplate":"https:\/\/phanimenal.de\/?s={search_term_string}"},"query-input":"required name=search_term_string"}],"inLanguage":"de"},{"@type":"Organization","@id":"https:\/\/phanimenal.de\/#organization","name":"Phanimenal","url":"https:\/\/phanimenal.de\/","logo":{"@type":"ImageObject","inLanguage":"de","@id":"https:\/\/phanimenal.de\/#\/schema\/logo\/image\/","url":"https:\/\/phanimenal.de\/wp-content\/uploads\/\/2016\/04\/logo.png","contentUrl":"https:\/\/phanimenal.de\/wp-content\/uploads\/\/2016\/04\/logo.png","width":170,"height":70,"caption":"Phanimenal"},"image":{"@id":"https:\/\/phanimenal.de\/#\/schema\/logo\/image\/"},"sameAs":["https:\/\/www.facebook.com\/phanimenal","https:\/\/www.instagram.com\/phanimenal","https:\/\/www.youtube.com\/channel\/UCbK_Z9H_JoD0sWZeb2guVxw"]},{"@type":"Person","@id":"https:\/\/phanimenal.de\/#\/schema\/person\/e1dd9265ac0385ecb373011a052bc293","name":"AM","image":{"@type":"ImageObject","inLanguage":"de","@id":"https:\/\/phanimenal.de\/#\/schema\/person\/image\/","url":"https:\/\/secure.gravatar.com\/avatar\/87c965ccf859177fd81ae236167111a1?s=96&d=mm&r=g","contentUrl":"https:\/\/secure.gravatar.com\/avatar\/87c965ccf859177fd81ae236167111a1?s=96&d=mm&r=g","caption":"AM"},"sameAs":["http:\/\/wp2.phanimenal.de"],"url":"https:\/\/phanimenal.de\/index.php\/author\/admin\/"}]}},"jetpack_featured_media_url":"https:\/\/phanimenal.de\/wp-content\/uploads\/\/Pokemon-477.jpg","_links":{"self":[{"href":"https:\/\/phanimenal.de\/index.php\/wp-json\/wp\/v2\/posts\/21765"}],"collection":[{"href":"https:\/\/phanimenal.de\/index.php\/wp-json\/wp\/v2\/posts"}],"about":[{"href":"https:\/\/phanimenal.de\/index.php\/wp-json\/wp\/v2\/types\/post"}],"author":[{"embeddable":true,"href":"https:\/\/phanimenal.de\/index.php\/wp-json\/wp\/v2\/users\/1"}],"replies":[{"embeddable":true,"href":"https:\/\/phanimenal.de\/index.php\/wp-json\/wp\/v2\/comments?post=21765"}],"version-history":[{"count":1,"href":"https:\/\/phanimenal.de\/index.php\/wp-json\/wp\/v2\/posts\/21765\/revisions"}],"predecessor-version":[{"id":21766,"href":"https:\/\/phanimenal.de\/index.php\/wp-json\/wp\/v2\/posts\/21765\/revisions\/21766"}],"wp:featuredmedia":[{"embeddable":true,"href":"https:\/\/phanimenal.de\/index.php\/wp-json\/wp\/v2\/media\/20457"}],"wp:attachment":[{"href":"https:\/\/phanimenal.de\/index.php\/wp-json\/wp\/v2\/media?parent=21765"}],"wp:term":[{"taxonomy":"category","embeddable":true,"href":"https:\/\/phanimenal.de\/index.php\/wp-json\/wp\/v2\/categories?post=21765"},{"taxonomy":"post_tag","embeddable":true,"href":"https:\/\/phanimenal.de\/index.php\/wp-json\/wp\/v2\/tags?post=21765"}],"curies":[{"name":"wp","href":"https:\/\/api.w.org\/{rel}","templated":true}]}}