{"id":21820,"date":"2023-03-02T17:09:30","date_gmt":"2023-03-02T16:09:30","guid":{"rendered":"https:\/\/phanimenal.de\/?p=21820"},"modified":"2024-06-28T22:07:37","modified_gmt":"2024-06-28T20:07:37","slug":"das-neue-legendaere-pokemon-der-9-generation-wurde-enthuellt","status":"publish","type":"post","link":"https:\/\/phanimenal.de\/index.php\/2023\/03\/02\/das-neue-legendaere-pokemon-der-9-generation-wurde-enthuellt\/","title":{"rendered":"Karmesin und Purpur &#8211; Das neue Legend\u00e4re Pokemon der 9. Generation wurde enth\u00fcllt"},"content":{"rendered":"<h2 style=\"text-align: center;\"><a href=\"https:\/\/phanimenal.de\/?s=Pokemon\">Pokemon<\/a> Karmesin und Purpur<\/h2>\n<p>In den kommenden Monaten werden Pokemon Karmesin und Purpur mit einer umfangreichen DLC-Ver\u00f6ffentlichung erweitert. Das DLC wird in zwei Teilen aufgeteilt Der erste Teil &#8222;Der verborgene Schatz von Area Zero&#8220;, wird neue Gebiete und Pokemon einf\u00fchren. Im zweiten Teil des DLCs folgen weitere Pokemon. Dazu z\u00e4hlen auch zwei neue Legend\u00e4re Pokemon&#8230;<\/p>\n<h2 style=\"text-align: center;\"><strong>Terapagos<\/strong><\/h2>\n<p>Darunter eine schildkr\u00f6tenartige Kreatur namens Terapagos. Es ist das vierte und letzte Legend\u00e4re Pokemon der 9. Generation. Seit Monaten wurde \u00fcber das neue Legendary spekuliert. Und so wie sich jetzt herausstellt, haben sich die meisten Leaks und Ger\u00fcchte bewahrheitet. Vor allem der Leaker Riddler Khu hat sich erneut als zuverl\u00e4ssige Quelle herausgestellt.<\/p>\n<p>Eine von ihm geteilte Konzeptzeichnung sieht fast exakt so aus wie das offizielle Pokemon. Terapagos ist eine Kristallschildkr\u00f6te mit 18 Kacheln auf dem R\u00fccken, von denen jede f\u00fcr einen anderen Pokemon-Typ steht. Obwohl sein Typ ein Geheimnis bleibt, ist es m\u00f6glich, dass Terapagos aufgrund seiner einzigartigen Kacheln die St\u00e4rken und Schw\u00e4chen aller 18 Typen besitzen kann.<\/p>\n<h2 style=\"text-align: center;\"><strong>Gleiche Form wie Paldea<\/strong><\/h2>\n<p>Vielen Fans ist bereits aufgefallen, dass Terapagos eine sehr eindeutige \u00c4hnlichkeit zu Paldea aufweist. Die Form der Insel und des K\u00f6rpers von Terapagos stimmen exakt \u00fcberein. Auf einem Bild des Pokemons, das \u00fcber Paldea fliegt, ist diese \u00c4hnlichkeit deutlich zu erkennen. Der Kopf des Wesens ist in der linken unteren Ecke zu sehen und der sechseckige Kristall auf Terapagos&#8216; R\u00fccken stellt den gro\u00dfen Krater von Paldea dar.<\/p>\n<p>Wenn man davon ausgeht, dass Terapagos und Paldea absichtlich so gestaltet wurden, dass sie die gleiche Form haben, gibt es daf\u00fcr mehrere M\u00f6glichkeiten. Eine Theorie ist, dass Terapagos im Wesentlichen Paldea ist, wie schon fr\u00fcher vorgeschlagen.<\/p>\n<p>Zumindest w\u00fcrde die Gr\u00f6\u00dfe des Legendarys mindestens f\u00fcr ein paar St\u00e4dte ausreichen. Die bisherigen Bilder weisen darauf hin, dass es das bisher gr\u00f6\u00dfte Pokemon aller Zeiten ist. Auch der Name deutet darauf hin, dass die Schildkr\u00f6te selbst eine Region ist. &#8222;Tera-&#8220; bedeutet im lateinischen &#8222;Boden&#8220;, im griechischen stammt es vom Wort f\u00fcr &#8222;Ungeheuer&#8220;. &#8222;-pagos&#8220; hingegen wurde vom Namen der Galapagos Inseln entnommen, wo die Riesen-Schildkr\u00f6te heimisch ist.<\/p>\n<p><strong>Hier seht ihr das Legend\u00e4re Pokemon<\/strong><\/p>\n<blockquote class=\"twitter-tweet\">\n<p dir=\"ltr\" lang=\"en\">uhhhh bros? the new pokemon sv legendary might be a BIT bigger than we thought&#8230; <a href=\"https:\/\/t.co\/ZGASP7DdLt\">pic.twitter.com\/ZGASP7DdLt<\/a><\/p>\n<p>\u2014 Moot \/\u30e0\u30fc\u30c8 (@Mootmonthly) <a href=\"https:\/\/twitter.com\/Mootmonthly\/status\/1630563606113710081?ref_src=twsrc%5Etfw\">February 28, 2023<\/a><\/p><\/blockquote>\n<p><script async src=\"https:\/\/platform.twitter.com\/widgets.js\" charset=\"utf-8\"><\/script><\/p>\n","protected":false},"excerpt":{"rendered":"<p><a href=\"https:\/\/phanimenal.de\/?s=Pokemon\">Pokemon<\/a> Karmesin und Purpur In den kommenden Monaten werden Pokemon Karmesin und Purpur mit einer umfangreichen DLC-Ver\u00f6ffentlichung erweitert. Das DLC<\/p>\n","protected":false},"author":1,"featured_media":16764,"comment_status":"closed","ping_status":"open","sticky":false,"template":"","format":"standard","meta":[],"categories":[1,8,3,1192],"tags":[1781,1759,240,4428,88],"yoast_head":"<!-- This site is optimized with the Yoast SEO Premium plugin v20.2.1 (Yoast SEO v20.2.1) - https:\/\/yoast.com\/wordpress\/plugins\/seo\/ -->\n<title>Karmesin und Purpur - Das neue Legend\u00e4re Pokemon der 9. Generation wurde enth\u00fcllt - Phanimenal - T\u00e4glich interessante Anime News und Gaming News<\/title>\n<meta name=\"robots\" content=\"index, follow, max-snippet:-1, max-image-preview:large, max-video-preview:-1\" \/>\n<link rel=\"canonical\" href=\"https:\/\/phanimenal.de\/index.php\/2023\/03\/02\/das-neue-legendaere-pokemon-der-9-generation-wurde-enthuellt\/\" \/>\n<meta property=\"og:locale\" content=\"de_DE\" \/>\n<meta property=\"og:type\" content=\"article\" \/>\n<meta property=\"og:title\" content=\"Karmesin und Purpur - Das neue Legend\u00e4re Pokemon der 9. Generation wurde enth\u00fcllt\" \/>\n<meta property=\"og:description\" content=\"Phanimenal - T\u00e4glich interessante Anime News und Gaming News\" \/>\n<meta property=\"og:url\" content=\"https:\/\/phanimenal.de\/index.php\/2023\/03\/02\/das-neue-legendaere-pokemon-der-9-generation-wurde-enthuellt\/\" \/>\n<meta property=\"og:site_name\" content=\"Phanimenal - T\u00e4glich interessante Anime News und Gaming News\" \/>\n<meta property=\"article:publisher\" content=\"https:\/\/www.facebook.com\/phanimenal\" \/>\n<meta property=\"article:published_time\" content=\"2023-03-02T16:09:30+00:00\" \/>\n<meta property=\"article:modified_time\" content=\"2024-06-28T20:07:37+00:00\" \/>\n<meta property=\"og:image\" content=\"https:\/\/phanimenal.de\/wp-content\/uploads\/\/Screenshot_2242.jpg\" \/>\n\t<meta property=\"og:image:width\" content=\"1496\" \/>\n\t<meta property=\"og:image:height\" content=\"789\" \/>\n\t<meta property=\"og:image:type\" content=\"image\/jpeg\" \/>\n<meta name=\"author\" content=\"AM\" \/>\n<meta name=\"twitter:label1\" content=\"Verfasst von\" \/>\n\t<meta name=\"twitter:data1\" content=\"AM\" \/>\n\t<meta name=\"twitter:label2\" content=\"Gesch\u00e4tzte Lesezeit\" \/>\n\t<meta name=\"twitter:data2\" content=\"3\u00a0Minuten\" \/>\n<script type=\"application\/ld+json\" class=\"yoast-schema-graph\">{\"@context\":\"https:\/\/schema.org\",\"@graph\":[{\"@type\":\"Article\",\"@id\":\"https:\/\/phanimenal.de\/index.php\/2023\/03\/02\/das-neue-legendaere-pokemon-der-9-generation-wurde-enthuellt\/#article\",\"isPartOf\":{\"@id\":\"https:\/\/phanimenal.de\/index.php\/2023\/03\/02\/das-neue-legendaere-pokemon-der-9-generation-wurde-enthuellt\/\"},\"author\":{\"name\":\"AM\",\"@id\":\"https:\/\/phanimenal.de\/#\/schema\/person\/e1dd9265ac0385ecb373011a052bc293\"},\"headline\":\"Karmesin und Purpur &#8211; Das neue Legend\u00e4re Pokemon der 9. Generation wurde enth\u00fcllt\",\"datePublished\":\"2023-03-02T16:09:30+00:00\",\"dateModified\":\"2024-06-28T20:07:37+00:00\",\"mainEntityOfPage\":{\"@id\":\"https:\/\/phanimenal.de\/index.php\/2023\/03\/02\/das-neue-legendaere-pokemon-der-9-generation-wurde-enthuellt\/\"},\"wordCount\":407,\"publisher\":{\"@id\":\"https:\/\/phanimenal.de\/#organization\"},\"keywords\":[\"9. Pokemon Generation\",\"Karmesin und Purpur\",\"Legend\u00e4re Pok\u00e9mon\",\"Legendaries\",\"Pok\u00e9mon\"],\"articleSection\":{\"1\":\"Gaming\",\"2\":\"News\",\"3\":\"Pokemon\"},\"inLanguage\":\"de\",\"copyrightYear\":\"2023\",\"copyrightHolder\":{\"@id\":\"https:\/\/phanimenal.de\/#organization\"}},{\"@type\":\"WebPage\",\"@id\":\"https:\/\/phanimenal.de\/index.php\/2023\/03\/02\/das-neue-legendaere-pokemon-der-9-generation-wurde-enthuellt\/\",\"url\":\"https:\/\/phanimenal.de\/index.php\/2023\/03\/02\/das-neue-legendaere-pokemon-der-9-generation-wurde-enthuellt\/\",\"name\":\"Karmesin und Purpur - Das neue Legend\u00e4re Pokemon der 9. Generation wurde enth\u00fcllt - Phanimenal - T\u00e4glich interessante Anime News und Gaming News\",\"isPartOf\":{\"@id\":\"https:\/\/phanimenal.de\/#website\"},\"datePublished\":\"2023-03-02T16:09:30+00:00\",\"dateModified\":\"2024-06-28T20:07:37+00:00\",\"breadcrumb\":{\"@id\":\"https:\/\/phanimenal.de\/index.php\/2023\/03\/02\/das-neue-legendaere-pokemon-der-9-generation-wurde-enthuellt\/#breadcrumb\"},\"inLanguage\":\"de\",\"potentialAction\":[{\"@type\":\"ReadAction\",\"target\":[\"https:\/\/phanimenal.de\/index.php\/2023\/03\/02\/das-neue-legendaere-pokemon-der-9-generation-wurde-enthuellt\/\"]}]},{\"@type\":\"BreadcrumbList\",\"@id\":\"https:\/\/phanimenal.de\/index.php\/2023\/03\/02\/das-neue-legendaere-pokemon-der-9-generation-wurde-enthuellt\/#breadcrumb\",\"itemListElement\":[{\"@type\":\"ListItem\",\"position\":1,\"name\":\"Startseite\",\"item\":\"https:\/\/phanimenal.de\/\"},{\"@type\":\"ListItem\",\"position\":2,\"name\":\"Karmesin und Purpur &#8211; Das neue Legend\u00e4re Pokemon der 9. Generation wurde enth\u00fcllt\"}]},{\"@type\":\"WebSite\",\"@id\":\"https:\/\/phanimenal.de\/#website\",\"url\":\"https:\/\/phanimenal.de\/\",\"name\":\"Phanimenal - T\u00e4glich interessante Anime News und Gaming News\",\"description\":\"Auf Phanimenal findest du die aktuellsten Anime-News aus Japan und Deutschland\",\"publisher\":{\"@id\":\"https:\/\/phanimenal.de\/#organization\"},\"potentialAction\":[{\"@type\":\"SearchAction\",\"target\":{\"@type\":\"EntryPoint\",\"urlTemplate\":\"https:\/\/phanimenal.de\/?s={search_term_string}\"},\"query-input\":\"required name=search_term_string\"}],\"inLanguage\":\"de\"},{\"@type\":\"Organization\",\"@id\":\"https:\/\/phanimenal.de\/#organization\",\"name\":\"Phanimenal\",\"url\":\"https:\/\/phanimenal.de\/\",\"logo\":{\"@type\":\"ImageObject\",\"inLanguage\":\"de\",\"@id\":\"https:\/\/phanimenal.de\/#\/schema\/logo\/image\/\",\"url\":\"https:\/\/phanimenal.de\/wp-content\/uploads\/\/2016\/04\/logo.png\",\"contentUrl\":\"https:\/\/phanimenal.de\/wp-content\/uploads\/\/2016\/04\/logo.png\",\"width\":170,\"height\":70,\"caption\":\"Phanimenal\"},\"image\":{\"@id\":\"https:\/\/phanimenal.de\/#\/schema\/logo\/image\/\"},\"sameAs\":[\"https:\/\/www.facebook.com\/phanimenal\",\"https:\/\/www.instagram.com\/phanimenal\",\"https:\/\/www.youtube.com\/channel\/UCbK_Z9H_JoD0sWZeb2guVxw\"]},{\"@type\":\"Person\",\"@id\":\"https:\/\/phanimenal.de\/#\/schema\/person\/e1dd9265ac0385ecb373011a052bc293\",\"name\":\"AM\",\"image\":{\"@type\":\"ImageObject\",\"inLanguage\":\"de\",\"@id\":\"https:\/\/phanimenal.de\/#\/schema\/person\/image\/\",\"url\":\"https:\/\/secure.gravatar.com\/avatar\/87c965ccf859177fd81ae236167111a1?s=96&d=mm&r=g\",\"contentUrl\":\"https:\/\/secure.gravatar.com\/avatar\/87c965ccf859177fd81ae236167111a1?s=96&d=mm&r=g\",\"caption\":\"AM\"},\"sameAs\":[\"http:\/\/wp2.phanimenal.de\"],\"url\":\"https:\/\/phanimenal.de\/index.php\/author\/admin\/\"}]}<\/script>\n<!-- \/ Yoast SEO Premium plugin. -->","yoast_head_json":{"title":"Karmesin und Purpur - Das neue Legend\u00e4re Pokemon der 9. Generation wurde enth\u00fcllt - Phanimenal - T\u00e4glich interessante Anime News und Gaming News","robots":{"index":"index","follow":"follow","max-snippet":"max-snippet:-1","max-image-preview":"max-image-preview:large","max-video-preview":"max-video-preview:-1"},"canonical":"https:\/\/phanimenal.de\/index.php\/2023\/03\/02\/das-neue-legendaere-pokemon-der-9-generation-wurde-enthuellt\/","og_locale":"de_DE","og_type":"article","og_title":"Karmesin und Purpur - Das neue Legend\u00e4re Pokemon der 9. Generation wurde enth\u00fcllt","og_description":"Phanimenal - T\u00e4glich interessante Anime News und Gaming News","og_url":"https:\/\/phanimenal.de\/index.php\/2023\/03\/02\/das-neue-legendaere-pokemon-der-9-generation-wurde-enthuellt\/","og_site_name":"Phanimenal - T\u00e4glich interessante Anime News und Gaming News","article_publisher":"https:\/\/www.facebook.com\/phanimenal","article_published_time":"2023-03-02T16:09:30+00:00","article_modified_time":"2024-06-28T20:07:37+00:00","og_image":[{"width":1496,"height":789,"url":"https:\/\/phanimenal.de\/wp-content\/uploads\/\/Screenshot_2242.jpg","type":"image\/jpeg"}],"author":"AM","twitter_misc":{"Verfasst von":"AM","Gesch\u00e4tzte Lesezeit":"3\u00a0Minuten"},"schema":{"@context":"https:\/\/schema.org","@graph":[{"@type":"Article","@id":"https:\/\/phanimenal.de\/index.php\/2023\/03\/02\/das-neue-legendaere-pokemon-der-9-generation-wurde-enthuellt\/#article","isPartOf":{"@id":"https:\/\/phanimenal.de\/index.php\/2023\/03\/02\/das-neue-legendaere-pokemon-der-9-generation-wurde-enthuellt\/"},"author":{"name":"AM","@id":"https:\/\/phanimenal.de\/#\/schema\/person\/e1dd9265ac0385ecb373011a052bc293"},"headline":"Karmesin und Purpur &#8211; Das neue Legend\u00e4re Pokemon der 9. Generation wurde enth\u00fcllt","datePublished":"2023-03-02T16:09:30+00:00","dateModified":"2024-06-28T20:07:37+00:00","mainEntityOfPage":{"@id":"https:\/\/phanimenal.de\/index.php\/2023\/03\/02\/das-neue-legendaere-pokemon-der-9-generation-wurde-enthuellt\/"},"wordCount":407,"publisher":{"@id":"https:\/\/phanimenal.de\/#organization"},"keywords":["9. Pokemon Generation","Karmesin und Purpur","Legend\u00e4re Pok\u00e9mon","Legendaries","Pok\u00e9mon"],"articleSection":{"1":"Gaming","2":"News","3":"Pokemon"},"inLanguage":"de","copyrightYear":"2023","copyrightHolder":{"@id":"https:\/\/phanimenal.de\/#organization"}},{"@type":"WebPage","@id":"https:\/\/phanimenal.de\/index.php\/2023\/03\/02\/das-neue-legendaere-pokemon-der-9-generation-wurde-enthuellt\/","url":"https:\/\/phanimenal.de\/index.php\/2023\/03\/02\/das-neue-legendaere-pokemon-der-9-generation-wurde-enthuellt\/","name":"Karmesin und Purpur - Das neue Legend\u00e4re Pokemon der 9. Generation wurde enth\u00fcllt - Phanimenal - T\u00e4glich interessante Anime News und Gaming News","isPartOf":{"@id":"https:\/\/phanimenal.de\/#website"},"datePublished":"2023-03-02T16:09:30+00:00","dateModified":"2024-06-28T20:07:37+00:00","breadcrumb":{"@id":"https:\/\/phanimenal.de\/index.php\/2023\/03\/02\/das-neue-legendaere-pokemon-der-9-generation-wurde-enthuellt\/#breadcrumb"},"inLanguage":"de","potentialAction":[{"@type":"ReadAction","target":["https:\/\/phanimenal.de\/index.php\/2023\/03\/02\/das-neue-legendaere-pokemon-der-9-generation-wurde-enthuellt\/"]}]},{"@type":"BreadcrumbList","@id":"https:\/\/phanimenal.de\/index.php\/2023\/03\/02\/das-neue-legendaere-pokemon-der-9-generation-wurde-enthuellt\/#breadcrumb","itemListElement":[{"@type":"ListItem","position":1,"name":"Startseite","item":"https:\/\/phanimenal.de\/"},{"@type":"ListItem","position":2,"name":"Karmesin und Purpur &#8211; Das neue Legend\u00e4re Pokemon der 9. Generation wurde enth\u00fcllt"}]},{"@type":"WebSite","@id":"https:\/\/phanimenal.de\/#website","url":"https:\/\/phanimenal.de\/","name":"Phanimenal - T\u00e4glich interessante Anime News und Gaming News","description":"Auf Phanimenal findest du die aktuellsten Anime-News aus Japan und Deutschland","publisher":{"@id":"https:\/\/phanimenal.de\/#organization"},"potentialAction":[{"@type":"SearchAction","target":{"@type":"EntryPoint","urlTemplate":"https:\/\/phanimenal.de\/?s={search_term_string}"},"query-input":"required name=search_term_string"}],"inLanguage":"de"},{"@type":"Organization","@id":"https:\/\/phanimenal.de\/#organization","name":"Phanimenal","url":"https:\/\/phanimenal.de\/","logo":{"@type":"ImageObject","inLanguage":"de","@id":"https:\/\/phanimenal.de\/#\/schema\/logo\/image\/","url":"https:\/\/phanimenal.de\/wp-content\/uploads\/\/2016\/04\/logo.png","contentUrl":"https:\/\/phanimenal.de\/wp-content\/uploads\/\/2016\/04\/logo.png","width":170,"height":70,"caption":"Phanimenal"},"image":{"@id":"https:\/\/phanimenal.de\/#\/schema\/logo\/image\/"},"sameAs":["https:\/\/www.facebook.com\/phanimenal","https:\/\/www.instagram.com\/phanimenal","https:\/\/www.youtube.com\/channel\/UCbK_Z9H_JoD0sWZeb2guVxw"]},{"@type":"Person","@id":"https:\/\/phanimenal.de\/#\/schema\/person\/e1dd9265ac0385ecb373011a052bc293","name":"AM","image":{"@type":"ImageObject","inLanguage":"de","@id":"https:\/\/phanimenal.de\/#\/schema\/person\/image\/","url":"https:\/\/secure.gravatar.com\/avatar\/87c965ccf859177fd81ae236167111a1?s=96&d=mm&r=g","contentUrl":"https:\/\/secure.gravatar.com\/avatar\/87c965ccf859177fd81ae236167111a1?s=96&d=mm&r=g","caption":"AM"},"sameAs":["http:\/\/wp2.phanimenal.de"],"url":"https:\/\/phanimenal.de\/index.php\/author\/admin\/"}]}},"jetpack_featured_media_url":"https:\/\/phanimenal.de\/wp-content\/uploads\/\/Screenshot_2242.jpg","_links":{"self":[{"href":"https:\/\/phanimenal.de\/index.php\/wp-json\/wp\/v2\/posts\/21820"}],"collection":[{"href":"https:\/\/phanimenal.de\/index.php\/wp-json\/wp\/v2\/posts"}],"about":[{"href":"https:\/\/phanimenal.de\/index.php\/wp-json\/wp\/v2\/types\/post"}],"author":[{"embeddable":true,"href":"https:\/\/phanimenal.de\/index.php\/wp-json\/wp\/v2\/users\/1"}],"replies":[{"embeddable":true,"href":"https:\/\/phanimenal.de\/index.php\/wp-json\/wp\/v2\/comments?post=21820"}],"version-history":[{"count":2,"href":"https:\/\/phanimenal.de\/index.php\/wp-json\/wp\/v2\/posts\/21820\/revisions"}],"predecessor-version":[{"id":21823,"href":"https:\/\/phanimenal.de\/index.php\/wp-json\/wp\/v2\/posts\/21820\/revisions\/21823"}],"wp:featuredmedia":[{"embeddable":true,"href":"https:\/\/phanimenal.de\/index.php\/wp-json\/wp\/v2\/media\/16764"}],"wp:attachment":[{"href":"https:\/\/phanimenal.de\/index.php\/wp-json\/wp\/v2\/media?parent=21820"}],"wp:term":[{"taxonomy":"category","embeddable":true,"href":"https:\/\/phanimenal.de\/index.php\/wp-json\/wp\/v2\/categories?post=21820"},{"taxonomy":"post_tag","embeddable":true,"href":"https:\/\/phanimenal.de\/index.php\/wp-json\/wp\/v2\/tags?post=21820"}],"curies":[{"name":"wp","href":"https:\/\/api.w.org\/{rel}","templated":true}]}}