{"id":3340,"date":"2017-10-31T04:00:49","date_gmt":"2017-10-31T03:00:49","guid":{"rendered":"http:\/\/wp2.phanimenal.de\/?p=3340"},"modified":"2017-10-31T16:45:13","modified_gmt":"2017-10-31T15:45:13","slug":"fategrand-order-illustrator-loescht-seinen-twitter-account-wegen-hate-von-fans","status":"publish","type":"post","link":"https:\/\/phanimenal.de\/index.php\/2017\/10\/31\/fategrand-order-illustrator-loescht-seinen-twitter-account-wegen-hate-von-fans\/","title":{"rendered":"\u201eFate\/Grand Order&#8220;-Illustrator l\u00f6scht seinen Twitter-Account wegen Hate-Welle von Fans!"},"content":{"rendered":"<p>Einige Animes und Spiele sind\u00a0ber\u00fcchtigt daf\u00fcr,\u00a0Charaktere mit gleichen Gesichtern zu haben. Meistens dr\u00fccken die Fans ein Auge zu, doch einigen Fans\u00a0gef\u00e4llt es gar nicht. Ein \u00e4hnliches Beispiel haben wir bei dem Illustrator Aotsuki Takao.<\/p>\n<p>Der Illustrator Aotsuki Takao ist f\u00fcr das Charakterdesign des Smartphone-Spiels \u201e<a href=\"https:\/\/phanimenal.de\/?s=Fate\">Fate<\/a>\/Grand Order&#8220; zust\u00e4ndig und ver\u00f6ffentlichte vor Kurzem ein neues Charakterdesign zum weiblichen Charakter Parvati, doch das Design hat den Fans scheinbar gar nicht gefallen. Denn das Gesicht von Parvati \u00e4hnelt anscheinend der weiblichen Figur Boudica zu sehr, die ebenfalls zuvor von ihm entworfen wurde. Die Fans werfen ihm vor, er h\u00e4tte einfach das Gesicht von Boudica f\u00fcr den neuen Charakter \u00fcbernommen.<\/p>\n<p>Die Fans waren so sehr entt\u00e4uscht vom Charakterdesign von Parvati,\u00a0dass sie ihren Frust auf dem Twitter-Account vom\u00a0Illustrator ausgelassen haben. Daraufhin l\u00f6schte er seinen Twitter- und Pixiv Account. Jedoch gab Takao noch kein offizielles Statement zu dem ganzen Thema.<\/p>\n<figure id=\"attachment_3341\" aria-describedby=\"caption-attachment-3341\" style=\"width: 307px\" class=\"wp-caption aligncenter\"><img decoding=\"async\" loading=\"lazy\" class=\"wp-image-3341 size-full\" src=\"http:\/\/wp2.phanimenal.de\/wp-content\/uploads\/2017\/10\/fgo4.jpg\" alt=\"\" width=\"307\" height=\"434\" srcset=\"https:\/\/phanimenal.de\/wp-content\/uploads\/2017\/10\/fgo4.jpg 307w, https:\/\/phanimenal.de\/wp-content\/uploads\/2017\/10\/fgo4-212x300.jpg 212w\" sizes=\"(max-width: 307px) 100vw, 307px\" \/><figcaption id=\"caption-attachment-3341\" class=\"wp-caption-text\">Parvati<\/figcaption><\/figure>\n<figure id=\"attachment_3342\" aria-describedby=\"caption-attachment-3342\" style=\"width: 350px\" class=\"wp-caption aligncenter\"><img decoding=\"async\" loading=\"lazy\" class=\"wp-image-3342 size-full\" src=\"http:\/\/wp2.phanimenal.de\/wp-content\/uploads\/2017\/10\/fgo2.jpg\" alt=\"\" width=\"350\" height=\"600\" srcset=\"https:\/\/phanimenal.de\/wp-content\/uploads\/2017\/10\/fgo2.jpg 350w, https:\/\/phanimenal.de\/wp-content\/uploads\/2017\/10\/fgo2-175x300.jpg 175w\" sizes=\"(max-width: 350px) 100vw, 350px\" \/><figcaption id=\"caption-attachment-3342\" class=\"wp-caption-text\">Parvati #2<\/figcaption><\/figure>\n\n<p>Wir finden, dass selbst wenn er das Aussehen \u00fcbernommen haben sollte, es nicht so weit h\u00e4tte kommen d\u00fcrfen. Jemanden, der hart an einer Sache arbeitet, von einer Social Media Platform zu verdr\u00e4ngen, weil dieser scheinbar alte Illustrationen neu verwertet, was \u00fcbrigens \u00fcberall in der Anime-Branche \u00fcblich ist, zeugt davon, dass man in solchen Dingen zu sehr verw\u00f6hnt ist.<\/p>\n<figure id=\"attachment_3343\" aria-describedby=\"caption-attachment-3343\" style=\"width: 351px\" class=\"wp-caption aligncenter\"><img decoding=\"async\" loading=\"lazy\" class=\"wp-image-3343 size-full\" src=\"http:\/\/wp2.phanimenal.de\/wp-content\/uploads\/2017\/10\/fgo1.jpg\" alt=\"\" width=\"351\" height=\"600\" srcset=\"https:\/\/phanimenal.de\/wp-content\/uploads\/2017\/10\/fgo1.jpg 351w, https:\/\/phanimenal.de\/wp-content\/uploads\/2017\/10\/fgo1-176x300.jpg 176w\" sizes=\"(max-width: 351px) 100vw, 351px\" \/><figcaption id=\"caption-attachment-3343\" class=\"wp-caption-text\">Boudica<\/figcaption><\/figure>\n<figure id=\"attachment_3344\" aria-describedby=\"caption-attachment-3344\" style=\"width: 337px\" class=\"wp-caption aligncenter\"><img decoding=\"async\" loading=\"lazy\" class=\"wp-image-3344 size-full\" src=\"http:\/\/wp2.phanimenal.de\/wp-content\/uploads\/2017\/10\/fgo3.jpg\" alt=\"\" width=\"337\" height=\"600\" srcset=\"https:\/\/phanimenal.de\/wp-content\/uploads\/2017\/10\/fgo3.jpg 337w, https:\/\/phanimenal.de\/wp-content\/uploads\/2017\/10\/fgo3-169x300.jpg 169w\" sizes=\"(max-width: 337px) 100vw, 337px\" \/><figcaption id=\"caption-attachment-3344\" class=\"wp-caption-text\">Vergleich der beiden Gesichter<\/figcaption><\/figure>\n<p>Quelle: ANN<\/p>\n","protected":false},"excerpt":{"rendered":"<p>Einige Animes und Spiele sind\u00a0ber\u00fcchtigt daf\u00fcr,\u00a0Charaktere mit gleichen Gesichtern zu haben. Meistens dr\u00fccken die Fans ein Auge zu, doch einigen<\/p>\n","protected":false},"author":10,"featured_media":3350,"comment_status":"open","ping_status":"open","sticky":false,"template":"","format":"standard","meta":[],"categories":[8],"tags":[11,110,109,111,107],"yoast_head":"<!-- This site is optimized with the Yoast SEO Premium plugin v20.2.1 (Yoast SEO v20.2.1) - https:\/\/yoast.com\/wordpress\/plugins\/seo\/ -->\n<title>\u201eFate\/Grand Order&quot;-Illustrator l\u00f6scht seinen Twitter-Account wegen Hate-Welle von Fans! - Phanimenal - T\u00e4glich interessante Anime News und Gaming News<\/title>\n<meta name=\"robots\" content=\"index, follow, max-snippet:-1, max-image-preview:large, max-video-preview:-1\" \/>\n<link rel=\"canonical\" href=\"https:\/\/phanimenal.de\/index.php\/2017\/10\/31\/fategrand-order-illustrator-loescht-seinen-twitter-account-wegen-hate-von-fans\/\" \/>\n<meta property=\"og:locale\" content=\"de_DE\" \/>\n<meta property=\"og:type\" content=\"article\" \/>\n<meta property=\"og:title\" content=\"\u201eFate\/Grand Order&quot;-Illustrator l\u00f6scht seinen Twitter-Account wegen Hate-Welle von Fans!\" \/>\n<meta property=\"og:description\" content=\"Twitter\" \/>\n<meta property=\"og:url\" content=\"https:\/\/phanimenal.de\/index.php\/2017\/10\/31\/fategrand-order-illustrator-loescht-seinen-twitter-account-wegen-hate-von-fans\/\" \/>\n<meta property=\"og:site_name\" content=\"Phanimenal - T\u00e4glich interessante Anime News und Gaming News\" \/>\n<meta property=\"article:publisher\" content=\"https:\/\/www.facebook.com\/phanimenal\" \/>\n<meta property=\"article:published_time\" content=\"2017-10-31T03:00:49+00:00\" \/>\n<meta property=\"article:modified_time\" content=\"2017-10-31T15:45:13+00:00\" \/>\n<meta property=\"og:image\" content=\"https:\/\/phanimenal.de\/wp-content\/uploads\/\/2017\/10\/FateGrandOrder2.jpg\" \/>\n\t<meta property=\"og:image:width\" content=\"998\" \/>\n\t<meta property=\"og:image:height\" content=\"565\" \/>\n\t<meta property=\"og:image:type\" content=\"image\/jpeg\" \/>\n<meta name=\"author\" content=\"DT\" \/>\n<meta name=\"twitter:label1\" content=\"Verfasst von\" \/>\n\t<meta name=\"twitter:data1\" content=\"DT\" \/>\n\t<meta name=\"twitter:label2\" content=\"Gesch\u00e4tzte Lesezeit\" \/>\n\t<meta name=\"twitter:data2\" content=\"1\u00a0Minute\" \/>\n<script type=\"application\/ld+json\" class=\"yoast-schema-graph\">{\"@context\":\"https:\/\/schema.org\",\"@graph\":[{\"@type\":\"Article\",\"@id\":\"https:\/\/phanimenal.de\/index.php\/2017\/10\/31\/fategrand-order-illustrator-loescht-seinen-twitter-account-wegen-hate-von-fans\/#article\",\"isPartOf\":{\"@id\":\"https:\/\/phanimenal.de\/index.php\/2017\/10\/31\/fategrand-order-illustrator-loescht-seinen-twitter-account-wegen-hate-von-fans\/\"},\"author\":{\"name\":\"DT\",\"@id\":\"https:\/\/phanimenal.de\/#\/schema\/person\/9ae1ecc2c1c2ee5e36b50979d58c3dbb\"},\"headline\":\"\u201eFate\/Grand Order&#8220;-Illustrator l\u00f6scht seinen Twitter-Account wegen Hate-Welle von Fans!\",\"datePublished\":\"2017-10-31T03:00:49+00:00\",\"dateModified\":\"2017-10-31T15:45:13+00:00\",\"mainEntityOfPage\":{\"@id\":\"https:\/\/phanimenal.de\/index.php\/2017\/10\/31\/fategrand-order-illustrator-loescht-seinen-twitter-account-wegen-hate-von-fans\/\"},\"wordCount\":273,\"commentCount\":0,\"publisher\":{\"@id\":\"https:\/\/phanimenal.de\/#organization\"},\"keywords\":[\"Anime\",\"Fate\",\"Fate\/Grand Order\",\"Game\",\"PS4\"],\"articleSection\":[\"Gaming\"],\"inLanguage\":\"de\",\"potentialAction\":[{\"@type\":\"CommentAction\",\"name\":\"Comment\",\"target\":[\"https:\/\/phanimenal.de\/index.php\/2017\/10\/31\/fategrand-order-illustrator-loescht-seinen-twitter-account-wegen-hate-von-fans\/#respond\"]}],\"copyrightYear\":\"2017\",\"copyrightHolder\":{\"@id\":\"https:\/\/phanimenal.de\/#organization\"}},{\"@type\":\"WebPage\",\"@id\":\"https:\/\/phanimenal.de\/index.php\/2017\/10\/31\/fategrand-order-illustrator-loescht-seinen-twitter-account-wegen-hate-von-fans\/\",\"url\":\"https:\/\/phanimenal.de\/index.php\/2017\/10\/31\/fategrand-order-illustrator-loescht-seinen-twitter-account-wegen-hate-von-fans\/\",\"name\":\"\u201eFate\/Grand Order\\\"-Illustrator l\u00f6scht seinen Twitter-Account wegen Hate-Welle von Fans! - Phanimenal - T\u00e4glich interessante Anime News und Gaming News\",\"isPartOf\":{\"@id\":\"https:\/\/phanimenal.de\/#website\"},\"datePublished\":\"2017-10-31T03:00:49+00:00\",\"dateModified\":\"2017-10-31T15:45:13+00:00\",\"breadcrumb\":{\"@id\":\"https:\/\/phanimenal.de\/index.php\/2017\/10\/31\/fategrand-order-illustrator-loescht-seinen-twitter-account-wegen-hate-von-fans\/#breadcrumb\"},\"inLanguage\":\"de\",\"potentialAction\":[{\"@type\":\"ReadAction\",\"target\":[\"https:\/\/phanimenal.de\/index.php\/2017\/10\/31\/fategrand-order-illustrator-loescht-seinen-twitter-account-wegen-hate-von-fans\/\"]}]},{\"@type\":\"BreadcrumbList\",\"@id\":\"https:\/\/phanimenal.de\/index.php\/2017\/10\/31\/fategrand-order-illustrator-loescht-seinen-twitter-account-wegen-hate-von-fans\/#breadcrumb\",\"itemListElement\":[{\"@type\":\"ListItem\",\"position\":1,\"name\":\"Startseite\",\"item\":\"https:\/\/phanimenal.de\/\"},{\"@type\":\"ListItem\",\"position\":2,\"name\":\"\u201eFate\/Grand Order&#8220;-Illustrator l\u00f6scht seinen Twitter-Account wegen Hate-Welle von Fans!\"}]},{\"@type\":\"WebSite\",\"@id\":\"https:\/\/phanimenal.de\/#website\",\"url\":\"https:\/\/phanimenal.de\/\",\"name\":\"Phanimenal - T\u00e4glich interessante Anime News und Gaming News\",\"description\":\"Auf Phanimenal findest du die aktuellsten Anime-News aus Japan und Deutschland\",\"publisher\":{\"@id\":\"https:\/\/phanimenal.de\/#organization\"},\"potentialAction\":[{\"@type\":\"SearchAction\",\"target\":{\"@type\":\"EntryPoint\",\"urlTemplate\":\"https:\/\/phanimenal.de\/?s={search_term_string}\"},\"query-input\":\"required name=search_term_string\"}],\"inLanguage\":\"de\"},{\"@type\":\"Organization\",\"@id\":\"https:\/\/phanimenal.de\/#organization\",\"name\":\"Phanimenal\",\"url\":\"https:\/\/phanimenal.de\/\",\"logo\":{\"@type\":\"ImageObject\",\"inLanguage\":\"de\",\"@id\":\"https:\/\/phanimenal.de\/#\/schema\/logo\/image\/\",\"url\":\"https:\/\/phanimenal.de\/wp-content\/uploads\/\/2016\/04\/logo.png\",\"contentUrl\":\"https:\/\/phanimenal.de\/wp-content\/uploads\/\/2016\/04\/logo.png\",\"width\":170,\"height\":70,\"caption\":\"Phanimenal\"},\"image\":{\"@id\":\"https:\/\/phanimenal.de\/#\/schema\/logo\/image\/\"},\"sameAs\":[\"https:\/\/www.facebook.com\/phanimenal\",\"https:\/\/www.instagram.com\/phanimenal\",\"https:\/\/www.youtube.com\/channel\/UCbK_Z9H_JoD0sWZeb2guVxw\"]},{\"@type\":\"Person\",\"@id\":\"https:\/\/phanimenal.de\/#\/schema\/person\/9ae1ecc2c1c2ee5e36b50979d58c3dbb\",\"name\":\"DT\",\"image\":{\"@type\":\"ImageObject\",\"inLanguage\":\"de\",\"@id\":\"https:\/\/phanimenal.de\/#\/schema\/person\/image\/\",\"url\":\"https:\/\/secure.gravatar.com\/avatar\/8dcc4e3662b2f6f1961ea6e41f9f18a9?s=96&d=mm&r=g\",\"contentUrl\":\"https:\/\/secure.gravatar.com\/avatar\/8dcc4e3662b2f6f1961ea6e41f9f18a9?s=96&d=mm&r=g\",\"caption\":\"DT\"},\"url\":\"https:\/\/phanimenal.de\/index.php\/author\/dt\/\"}]}<\/script>\n<!-- \/ Yoast SEO Premium plugin. -->","yoast_head_json":{"title":"\u201eFate\/Grand Order\"-Illustrator l\u00f6scht seinen Twitter-Account wegen Hate-Welle von Fans! - Phanimenal - T\u00e4glich interessante Anime News und Gaming News","robots":{"index":"index","follow":"follow","max-snippet":"max-snippet:-1","max-image-preview":"max-image-preview:large","max-video-preview":"max-video-preview:-1"},"canonical":"https:\/\/phanimenal.de\/index.php\/2017\/10\/31\/fategrand-order-illustrator-loescht-seinen-twitter-account-wegen-hate-von-fans\/","og_locale":"de_DE","og_type":"article","og_title":"\u201eFate\/Grand Order\"-Illustrator l\u00f6scht seinen Twitter-Account wegen Hate-Welle von Fans!","og_description":"Twitter","og_url":"https:\/\/phanimenal.de\/index.php\/2017\/10\/31\/fategrand-order-illustrator-loescht-seinen-twitter-account-wegen-hate-von-fans\/","og_site_name":"Phanimenal - T\u00e4glich interessante Anime News und Gaming News","article_publisher":"https:\/\/www.facebook.com\/phanimenal","article_published_time":"2017-10-31T03:00:49+00:00","article_modified_time":"2017-10-31T15:45:13+00:00","og_image":[{"width":998,"height":565,"url":"https:\/\/phanimenal.de\/wp-content\/uploads\/\/2017\/10\/FateGrandOrder2.jpg","type":"image\/jpeg"}],"author":"DT","twitter_misc":{"Verfasst von":"DT","Gesch\u00e4tzte Lesezeit":"1\u00a0Minute"},"schema":{"@context":"https:\/\/schema.org","@graph":[{"@type":"Article","@id":"https:\/\/phanimenal.de\/index.php\/2017\/10\/31\/fategrand-order-illustrator-loescht-seinen-twitter-account-wegen-hate-von-fans\/#article","isPartOf":{"@id":"https:\/\/phanimenal.de\/index.php\/2017\/10\/31\/fategrand-order-illustrator-loescht-seinen-twitter-account-wegen-hate-von-fans\/"},"author":{"name":"DT","@id":"https:\/\/phanimenal.de\/#\/schema\/person\/9ae1ecc2c1c2ee5e36b50979d58c3dbb"},"headline":"\u201eFate\/Grand Order&#8220;-Illustrator l\u00f6scht seinen Twitter-Account wegen Hate-Welle von Fans!","datePublished":"2017-10-31T03:00:49+00:00","dateModified":"2017-10-31T15:45:13+00:00","mainEntityOfPage":{"@id":"https:\/\/phanimenal.de\/index.php\/2017\/10\/31\/fategrand-order-illustrator-loescht-seinen-twitter-account-wegen-hate-von-fans\/"},"wordCount":273,"commentCount":0,"publisher":{"@id":"https:\/\/phanimenal.de\/#organization"},"keywords":["Anime","Fate","Fate\/Grand Order","Game","PS4"],"articleSection":["Gaming"],"inLanguage":"de","potentialAction":[{"@type":"CommentAction","name":"Comment","target":["https:\/\/phanimenal.de\/index.php\/2017\/10\/31\/fategrand-order-illustrator-loescht-seinen-twitter-account-wegen-hate-von-fans\/#respond"]}],"copyrightYear":"2017","copyrightHolder":{"@id":"https:\/\/phanimenal.de\/#organization"}},{"@type":"WebPage","@id":"https:\/\/phanimenal.de\/index.php\/2017\/10\/31\/fategrand-order-illustrator-loescht-seinen-twitter-account-wegen-hate-von-fans\/","url":"https:\/\/phanimenal.de\/index.php\/2017\/10\/31\/fategrand-order-illustrator-loescht-seinen-twitter-account-wegen-hate-von-fans\/","name":"\u201eFate\/Grand Order\"-Illustrator l\u00f6scht seinen Twitter-Account wegen Hate-Welle von Fans! - Phanimenal - T\u00e4glich interessante Anime News und Gaming News","isPartOf":{"@id":"https:\/\/phanimenal.de\/#website"},"datePublished":"2017-10-31T03:00:49+00:00","dateModified":"2017-10-31T15:45:13+00:00","breadcrumb":{"@id":"https:\/\/phanimenal.de\/index.php\/2017\/10\/31\/fategrand-order-illustrator-loescht-seinen-twitter-account-wegen-hate-von-fans\/#breadcrumb"},"inLanguage":"de","potentialAction":[{"@type":"ReadAction","target":["https:\/\/phanimenal.de\/index.php\/2017\/10\/31\/fategrand-order-illustrator-loescht-seinen-twitter-account-wegen-hate-von-fans\/"]}]},{"@type":"BreadcrumbList","@id":"https:\/\/phanimenal.de\/index.php\/2017\/10\/31\/fategrand-order-illustrator-loescht-seinen-twitter-account-wegen-hate-von-fans\/#breadcrumb","itemListElement":[{"@type":"ListItem","position":1,"name":"Startseite","item":"https:\/\/phanimenal.de\/"},{"@type":"ListItem","position":2,"name":"\u201eFate\/Grand Order&#8220;-Illustrator l\u00f6scht seinen Twitter-Account wegen Hate-Welle von Fans!"}]},{"@type":"WebSite","@id":"https:\/\/phanimenal.de\/#website","url":"https:\/\/phanimenal.de\/","name":"Phanimenal - T\u00e4glich interessante Anime News und Gaming News","description":"Auf Phanimenal findest du die aktuellsten Anime-News aus Japan und Deutschland","publisher":{"@id":"https:\/\/phanimenal.de\/#organization"},"potentialAction":[{"@type":"SearchAction","target":{"@type":"EntryPoint","urlTemplate":"https:\/\/phanimenal.de\/?s={search_term_string}"},"query-input":"required name=search_term_string"}],"inLanguage":"de"},{"@type":"Organization","@id":"https:\/\/phanimenal.de\/#organization","name":"Phanimenal","url":"https:\/\/phanimenal.de\/","logo":{"@type":"ImageObject","inLanguage":"de","@id":"https:\/\/phanimenal.de\/#\/schema\/logo\/image\/","url":"https:\/\/phanimenal.de\/wp-content\/uploads\/\/2016\/04\/logo.png","contentUrl":"https:\/\/phanimenal.de\/wp-content\/uploads\/\/2016\/04\/logo.png","width":170,"height":70,"caption":"Phanimenal"},"image":{"@id":"https:\/\/phanimenal.de\/#\/schema\/logo\/image\/"},"sameAs":["https:\/\/www.facebook.com\/phanimenal","https:\/\/www.instagram.com\/phanimenal","https:\/\/www.youtube.com\/channel\/UCbK_Z9H_JoD0sWZeb2guVxw"]},{"@type":"Person","@id":"https:\/\/phanimenal.de\/#\/schema\/person\/9ae1ecc2c1c2ee5e36b50979d58c3dbb","name":"DT","image":{"@type":"ImageObject","inLanguage":"de","@id":"https:\/\/phanimenal.de\/#\/schema\/person\/image\/","url":"https:\/\/secure.gravatar.com\/avatar\/8dcc4e3662b2f6f1961ea6e41f9f18a9?s=96&d=mm&r=g","contentUrl":"https:\/\/secure.gravatar.com\/avatar\/8dcc4e3662b2f6f1961ea6e41f9f18a9?s=96&d=mm&r=g","caption":"DT"},"url":"https:\/\/phanimenal.de\/index.php\/author\/dt\/"}]}},"jetpack_featured_media_url":"https:\/\/phanimenal.de\/wp-content\/uploads\/\/2017\/10\/FateGrandOrder2.jpg","_links":{"self":[{"href":"https:\/\/phanimenal.de\/index.php\/wp-json\/wp\/v2\/posts\/3340"}],"collection":[{"href":"https:\/\/phanimenal.de\/index.php\/wp-json\/wp\/v2\/posts"}],"about":[{"href":"https:\/\/phanimenal.de\/index.php\/wp-json\/wp\/v2\/types\/post"}],"author":[{"embeddable":true,"href":"https:\/\/phanimenal.de\/index.php\/wp-json\/wp\/v2\/users\/10"}],"replies":[{"embeddable":true,"href":"https:\/\/phanimenal.de\/index.php\/wp-json\/wp\/v2\/comments?post=3340"}],"version-history":[{"count":0,"href":"https:\/\/phanimenal.de\/index.php\/wp-json\/wp\/v2\/posts\/3340\/revisions"}],"wp:featuredmedia":[{"embeddable":true,"href":"https:\/\/phanimenal.de\/index.php\/wp-json\/wp\/v2\/media\/3350"}],"wp:attachment":[{"href":"https:\/\/phanimenal.de\/index.php\/wp-json\/wp\/v2\/media?parent=3340"}],"wp:term":[{"taxonomy":"category","embeddable":true,"href":"https:\/\/phanimenal.de\/index.php\/wp-json\/wp\/v2\/categories?post=3340"},{"taxonomy":"post_tag","embeddable":true,"href":"https:\/\/phanimenal.de\/index.php\/wp-json\/wp\/v2\/tags?post=3340"}],"curies":[{"name":"wp","href":"https:\/\/api.w.org\/{rel}","templated":true}]}}