{"id":3447,"date":"2018-04-20T01:00:09","date_gmt":"2018-04-19T23:00:09","guid":{"rendered":"http:\/\/wp2.phanimenal.de\/?p=3447"},"modified":"2018-09-23T04:26:24","modified_gmt":"2018-09-23T02:26:24","slug":"kuenstler-zeichnet-one-piece-charaktere-als-avengers","status":"publish","type":"post","link":"https:\/\/phanimenal.de\/index.php\/2018\/04\/20\/kuenstler-zeichnet-one-piece-charaktere-als-avengers\/","title":{"rendered":"K\u00fcnstler zeichnet One Piece Charaktere als Avengers!"},"content":{"rendered":"<p>Die US-amerikanische Produktionsfirma f\u00fcr Film- und Fernsehen <strong>Marvel Studios <\/strong>ist\u00a0f\u00fcr die erfolgreichen Superheldenfilme bekannt,\u00a0unter anderem \u201eIron Man 3&#8243;, \u201eThe First Avenger &#8211; Civil War&#8220;, \u201eGuardians of the Galaxy&#8220; und vieles mehr! Manche der Superheldenfilme von Marvel Studios bilden den beliebten Franchise und das fiktive Universum:\u00a0<strong>Marvel Cinematic Universe<\/strong>.<\/p>\n<p>Das Marvel\u00a0Cinematic Universe umfasst mittlerweile eine Vielzahl von Superhelden, darunter auch eine Gruppe der m\u00e4chtigsten Superhelden der Welt, die sich <strong>Die Avengers<\/strong> nennen. Nick Fury, der damalige Direktor der Geheimorganisation S.H.I.E.L.D., gr\u00fcndete diese Gruppe aus au\u00dfergew\u00f6hnlichen Menschen, die in Schlachten ziehen, die von der Menschheit nicht alleine \u00fcberw\u00e4ltigt werden konnten.<\/p>\n<p>Nun wer die\u00a0Marvelfilme und <a href=\"https:\/\/phanimenal.de\/?s=One+Piece\">One Piece<\/a> liebt, der kann sich freuen. Denn der K\u00fcnstler <strong>AndiMoo<\/strong>\u00a0zeichnete einige One Piece Charaktere als Avenger.<\/p>\n<p>Hier seht ihr die Zeichnungen:<\/p>\n<figure id=\"attachment_3450\" aria-describedby=\"caption-attachment-3450\" style=\"width: 336px\" class=\"wp-caption aligncenter\"><img decoding=\"async\" loading=\"lazy\" class=\"wp-image-3450 size-full\" src=\"http:\/\/wp2.phanimenal.de\/wp-content\/uploads\/2017\/11\/avengers1.2.png\" alt=\"\" width=\"336\" height=\"475\" srcset=\"https:\/\/phanimenal.de\/wp-content\/uploads\/2017\/11\/avengers1.2.png 336w, https:\/\/phanimenal.de\/wp-content\/uploads\/2017\/11\/avengers1.2-212x300.png 212w\" sizes=\"(max-width: 336px) 100vw, 336px\" \/><figcaption id=\"caption-attachment-3450\" class=\"wp-caption-text\"><a href=\"https:\/\/phanimenal.de\/?s=Ruffy\">Ruffy<\/a> als Captain America\u00a0<\/figcaption><\/figure>\n<p>&nbsp;<\/p>\n<figure id=\"attachment_3452\" aria-describedby=\"caption-attachment-3452\" style=\"width: 336px\" class=\"wp-caption aligncenter\"><img decoding=\"async\" loading=\"lazy\" class=\"wp-image-3452 size-full\" src=\"http:\/\/wp2.phanimenal.de\/wp-content\/uploads\/2017\/11\/avengers3.png\" alt=\"\" width=\"336\" height=\"475\" srcset=\"https:\/\/phanimenal.de\/wp-content\/uploads\/2017\/11\/avengers3.png 336w, https:\/\/phanimenal.de\/wp-content\/uploads\/2017\/11\/avengers3-212x300.png 212w\" sizes=\"(max-width: 336px) 100vw, 336px\" \/><figcaption id=\"caption-attachment-3452\" class=\"wp-caption-text\"><a href=\"https:\/\/phanimenal.de\/?s=Nami\">Nami<\/a> als Black Widow<\/figcaption><\/figure>\n<figure id=\"attachment_3453\" aria-describedby=\"caption-attachment-3453\" style=\"width: 336px\" class=\"wp-caption aligncenter\"><img decoding=\"async\" loading=\"lazy\" class=\"wp-image-3453 size-full\" src=\"http:\/\/wp2.phanimenal.de\/wp-content\/uploads\/2017\/11\/avengers4.png\" alt=\"\" width=\"336\" height=\"475\" srcset=\"https:\/\/phanimenal.de\/wp-content\/uploads\/2017\/11\/avengers4.png 336w, https:\/\/phanimenal.de\/wp-content\/uploads\/2017\/11\/avengers4-212x300.png 212w\" sizes=\"(max-width: 336px) 100vw, 336px\" \/><figcaption id=\"caption-attachment-3453\" class=\"wp-caption-text\"><a href=\"https:\/\/phanimenal.de\/?s=Lysop\">Lysop<\/a> als Hawkeye<\/figcaption><\/figure>\n<p><!--nextpage--><\/p>\n<figure id=\"attachment_3451\" aria-describedby=\"caption-attachment-3451\" style=\"width: 336px\" class=\"wp-caption aligncenter\"><img decoding=\"async\" loading=\"lazy\" class=\"wp-image-3451 size-full\" src=\"http:\/\/wp2.phanimenal.de\/wp-content\/uploads\/2017\/11\/avengers2.png\" alt=\"\" width=\"336\" height=\"475\" srcset=\"https:\/\/phanimenal.de\/wp-content\/uploads\/2017\/11\/avengers2.png 336w, https:\/\/phanimenal.de\/wp-content\/uploads\/2017\/11\/avengers2-212x300.png 212w\" sizes=\"(max-width: 336px) 100vw, 336px\" \/><figcaption id=\"caption-attachment-3451\" class=\"wp-caption-text\"><a href=\"https:\/\/phanimenal.de\/?s=Zorro\">Zorro<\/a> als Thor<\/figcaption><\/figure>\n<figure id=\"attachment_3454\" aria-describedby=\"caption-attachment-3454\" style=\"width: 336px\" class=\"wp-caption aligncenter\"><img decoding=\"async\" loading=\"lazy\" class=\"wp-image-3454 size-full\" src=\"http:\/\/wp2.phanimenal.de\/wp-content\/uploads\/2017\/11\/avengers5.png\" alt=\"\" width=\"336\" height=\"475\" srcset=\"https:\/\/phanimenal.de\/wp-content\/uploads\/2017\/11\/avengers5.png 336w, https:\/\/phanimenal.de\/wp-content\/uploads\/2017\/11\/avengers5-212x300.png 212w\" sizes=\"(max-width: 336px) 100vw, 336px\" \/><figcaption id=\"caption-attachment-3454\" class=\"wp-caption-text\"><a href=\"https:\/\/phanimenal.de\/?s=Sanji\">Sanji<\/a> als Nick Fury\u00a0<\/figcaption><\/figure>\n<figure style=\"width: 671px\" class=\"wp-caption aligncenter\"><img decoding=\"async\" loading=\"lazy\" class=\"wp-image-3455 size-full\" src=\"http:\/\/wp2.phanimenal.de\/wp-content\/uploads\/2017\/11\/avengers6.png\" alt=\"\" width=\"671\" height=\"475\" srcset=\"https:\/\/phanimenal.de\/wp-content\/uploads\/2017\/11\/avengers6.png 671w, https:\/\/phanimenal.de\/wp-content\/uploads\/2017\/11\/avengers6-300x212.png 300w\" sizes=\"(max-width: 671px) 100vw, 671px\" \/><figcaption class=\"wp-caption-text\"><a href=\"https:\/\/phanimenal.de\/?s=Chopper\">Chopper<\/a> als Hulk<\/figcaption><\/figure>\n<p>&nbsp;<\/p>\n<figure id=\"attachment_3456\" aria-describedby=\"caption-attachment-3456\" style=\"width: 336px\" class=\"wp-caption aligncenter\"><img decoding=\"async\" loading=\"lazy\" class=\"wp-image-3456 size-full\" src=\"http:\/\/wp2.phanimenal.de\/wp-content\/uploads\/2017\/11\/avengers7.png\" alt=\"\" width=\"336\" height=\"475\" srcset=\"https:\/\/phanimenal.de\/wp-content\/uploads\/2017\/11\/avengers7.png 336w, https:\/\/phanimenal.de\/wp-content\/uploads\/2017\/11\/avengers7-212x300.png 212w\" sizes=\"(max-width: 336px) 100vw, 336px\" \/><figcaption id=\"caption-attachment-3456\" class=\"wp-caption-text\">Robin als Maria Hill<\/figcaption><\/figure>\n<p><!--nextpage--><\/p>\n<figure id=\"attachment_3457\" aria-describedby=\"caption-attachment-3457\" style=\"width: 670px\" class=\"wp-caption aligncenter\"><img decoding=\"async\" loading=\"lazy\" class=\"wp-image-3457 size-full\" src=\"http:\/\/wp2.phanimenal.de\/wp-content\/uploads\/2017\/11\/avengers8.png\" alt=\"\" width=\"670\" height=\"475\" srcset=\"https:\/\/phanimenal.de\/wp-content\/uploads\/2017\/11\/avengers8.png 670w, https:\/\/phanimenal.de\/wp-content\/uploads\/2017\/11\/avengers8-300x213.png 300w\" sizes=\"(max-width: 670px) 100vw, 670px\" \/><figcaption id=\"caption-attachment-3457\" class=\"wp-caption-text\">Franky als Iron Man\u00a0<\/figcaption><\/figure>\n<figure id=\"attachment_3458\" aria-describedby=\"caption-attachment-3458\" style=\"width: 336px\" class=\"wp-caption aligncenter\"><img decoding=\"async\" loading=\"lazy\" class=\"wp-image-3458 size-full\" src=\"http:\/\/wp2.phanimenal.de\/wp-content\/uploads\/2017\/11\/avengers9.png\" alt=\"\" width=\"336\" height=\"475\" srcset=\"https:\/\/phanimenal.de\/wp-content\/uploads\/2017\/11\/avengers9.png 336w, https:\/\/phanimenal.de\/wp-content\/uploads\/2017\/11\/avengers9-212x300.png 212w\" sizes=\"(max-width: 336px) 100vw, 336px\" \/><figcaption id=\"caption-attachment-3458\" class=\"wp-caption-text\"><a href=\"https:\/\/phanimenal.de\/?s=Brook\">Brook<\/a> als Agent Coulson<\/figcaption><\/figure>\n<figure id=\"attachment_3459\" aria-describedby=\"caption-attachment-3459\" style=\"width: 336px\" class=\"wp-caption aligncenter\"><img decoding=\"async\" loading=\"lazy\" class=\"wp-image-3459 size-full\" src=\"http:\/\/wp2.phanimenal.de\/wp-content\/uploads\/2017\/11\/avengers10.png\" alt=\"\" width=\"336\" height=\"475\" srcset=\"https:\/\/phanimenal.de\/wp-content\/uploads\/2017\/11\/avengers10.png 336w, https:\/\/phanimenal.de\/wp-content\/uploads\/2017\/11\/avengers10-212x300.png 212w\" sizes=\"(max-width: 336px) 100vw, 336px\" \/><figcaption id=\"caption-attachment-3459\" class=\"wp-caption-text\">Sabo als Winter Soldier (Bucky Barnes)<\/figcaption><\/figure>\n<p><!--nextpage--><\/p>\n<figure id=\"attachment_3460\" aria-describedby=\"caption-attachment-3460\" style=\"width: 336px\" class=\"wp-caption aligncenter\"><img decoding=\"async\" loading=\"lazy\" class=\"wp-image-3460 size-full\" src=\"http:\/\/wp2.phanimenal.de\/wp-content\/uploads\/2017\/11\/avengers11.png\" alt=\"\" width=\"336\" height=\"475\" srcset=\"https:\/\/phanimenal.de\/wp-content\/uploads\/2017\/11\/avengers11.png 336w, https:\/\/phanimenal.de\/wp-content\/uploads\/2017\/11\/avengers11-212x300.png 212w\" sizes=\"(max-width: 336px) 100vw, 336px\" \/><figcaption id=\"caption-attachment-3460\" class=\"wp-caption-text\">Perona als Scarlet Witch\u00a0<\/figcaption><\/figure>\n<figure id=\"attachment_3461\" aria-describedby=\"caption-attachment-3461\" style=\"width: 336px\" class=\"wp-caption aligncenter\"><img decoding=\"async\" loading=\"lazy\" class=\"wp-image-3461 size-full\" src=\"http:\/\/wp2.phanimenal.de\/wp-content\/uploads\/2017\/11\/avengers12.png\" alt=\"\" width=\"336\" height=\"475\" srcset=\"https:\/\/phanimenal.de\/wp-content\/uploads\/2017\/11\/avengers12.png 336w, https:\/\/phanimenal.de\/wp-content\/uploads\/2017\/11\/avengers12-212x300.png 212w\" sizes=\"(max-width: 336px) 100vw, 336px\" \/><figcaption id=\"caption-attachment-3461\" class=\"wp-caption-text\">Leo als Ant-Man<\/figcaption><\/figure>\n<figure id=\"attachment_3462\" aria-describedby=\"caption-attachment-3462\" style=\"width: 900px\" class=\"wp-caption aligncenter\"><img decoding=\"async\" loading=\"lazy\" class=\"wp-image-3462 size-full\" src=\"http:\/\/wp2.phanimenal.de\/wp-content\/uploads\/2017\/11\/one_piece_avengers_by_andimoo-d5d2llm.jpg\" alt=\"\" width=\"900\" height=\"658\" srcset=\"https:\/\/phanimenal.de\/wp-content\/uploads\/2017\/11\/one_piece_avengers_by_andimoo-d5d2llm.jpg 900w, https:\/\/phanimenal.de\/wp-content\/uploads\/2017\/11\/one_piece_avengers_by_andimoo-d5d2llm-300x219.jpg 300w, https:\/\/phanimenal.de\/wp-content\/uploads\/2017\/11\/one_piece_avengers_by_andimoo-d5d2llm-768x561.jpg 768w\" sizes=\"(max-width: 900px) 100vw, 900px\" \/><figcaption id=\"caption-attachment-3462\" class=\"wp-caption-text\">Die Strohh\u00fcte als Avengers<\/figcaption><\/figure>\n<p>Dies waren die Zeichnungen von AndiMoo. Schaut auf jeden Fall bei seiner Seite (<a href=\"http:\/\/www.andimoostudios.com\">www.andimoostudios.com<\/a>), wenn ihr mehr von seinen Zeichnungen sehen wollt.\u00a0Schreibt uns unbedingt euren Favoriten in die Kommentare!<\/p>\n<p>Quelle: andimoostudios<\/p>\n","protected":false},"excerpt":{"rendered":"<p>Die US-amerikanische Produktionsfirma f\u00fcr Film- und Fernsehen Marvel Studios ist\u00a0f\u00fcr die erfolgreichen Superheldenfilme bekannt,\u00a0unter anderem \u201eIron Man 3&#8243;, \u201eThe First<\/p>\n","protected":false},"author":10,"featured_media":3463,"comment_status":"open","ping_status":"open","sticky":false,"template":"","format":"standard","meta":[],"categories":[9],"tags":[11,117,23,116,115],"yoast_head":"<!-- This site is optimized with the Yoast SEO Premium plugin v20.2.1 (Yoast SEO v20.2.1) - https:\/\/yoast.com\/wordpress\/plugins\/seo\/ -->\n<title>K\u00fcnstler zeichnet One Piece Charaktere als Avengers! - Phanimenal - T\u00e4glich interessante Anime News und Gaming News<\/title>\n<meta name=\"robots\" content=\"index, follow, max-snippet:-1, max-image-preview:large, max-video-preview:-1\" \/>\n<link rel=\"canonical\" href=\"https:\/\/phanimenal.de\/index.php\/2018\/04\/20\/kuenstler-zeichnet-one-piece-charaktere-als-avengers\/\" \/>\n<link rel=\"next\" href=\"https:\/\/phanimenal.de\/index.php\/2018\/04\/20\/kuenstler-zeichnet-one-piece-charaktere-als-avengers\/2\/\" \/>\n<meta property=\"og:locale\" content=\"de_DE\" \/>\n<meta property=\"og:type\" content=\"article\" \/>\n<meta property=\"og:title\" content=\"K\u00fcnstler zeichnet One Piece Charaktere als Avengers!\" \/>\n<meta property=\"og:description\" content=\"One Piece trifft auf Marvel!\" \/>\n<meta property=\"og:url\" content=\"https:\/\/phanimenal.de\/index.php\/2018\/04\/20\/kuenstler-zeichnet-one-piece-charaktere-als-avengers\/\" \/>\n<meta property=\"og:site_name\" content=\"Phanimenal - T\u00e4glich interessante Anime News und Gaming News\" \/>\n<meta property=\"article:publisher\" content=\"https:\/\/www.facebook.com\/phanimenal\" \/>\n<meta property=\"article:published_time\" content=\"2018-04-19T23:00:09+00:00\" \/>\n<meta property=\"article:modified_time\" content=\"2018-09-23T02:26:24+00:00\" \/>\n<meta property=\"og:image\" content=\"https:\/\/phanimenal.de\/wp-content\/uploads\/\/2017\/11\/aninews35.png\" \/>\n\t<meta property=\"og:image:width\" content=\"998\" \/>\n\t<meta property=\"og:image:height\" content=\"565\" \/>\n\t<meta property=\"og:image:type\" content=\"image\/png\" \/>\n<meta name=\"author\" content=\"DT\" \/>\n<meta name=\"twitter:label1\" content=\"Verfasst von\" \/>\n\t<meta name=\"twitter:data1\" content=\"DT\" \/>\n\t<meta name=\"twitter:label2\" content=\"Gesch\u00e4tzte Lesezeit\" \/>\n\t<meta name=\"twitter:data2\" content=\"2\u00a0Minuten\" \/>\n<script type=\"application\/ld+json\" class=\"yoast-schema-graph\">{\"@context\":\"https:\/\/schema.org\",\"@graph\":[{\"@type\":\"Article\",\"@id\":\"https:\/\/phanimenal.de\/index.php\/2018\/04\/20\/kuenstler-zeichnet-one-piece-charaktere-als-avengers\/#article\",\"isPartOf\":{\"@id\":\"https:\/\/phanimenal.de\/index.php\/2018\/04\/20\/kuenstler-zeichnet-one-piece-charaktere-als-avengers\/\"},\"author\":{\"name\":\"DT\",\"@id\":\"https:\/\/phanimenal.de\/#\/schema\/person\/9ae1ecc2c1c2ee5e36b50979d58c3dbb\"},\"headline\":\"K\u00fcnstler zeichnet One Piece Charaktere als Avengers!\",\"datePublished\":\"2018-04-19T23:00:09+00:00\",\"dateModified\":\"2018-09-23T02:26:24+00:00\",\"mainEntityOfPage\":{\"@id\":\"https:\/\/phanimenal.de\/index.php\/2018\/04\/20\/kuenstler-zeichnet-one-piece-charaktere-als-avengers\/\"},\"wordCount\":326,\"commentCount\":0,\"publisher\":{\"@id\":\"https:\/\/phanimenal.de\/#organization\"},\"keywords\":[\"Anime\",\"avengers\",\"Manga\",\"marvel\",\"onepiece\"],\"articleSection\":[\"Specials\"],\"inLanguage\":\"de\",\"potentialAction\":[{\"@type\":\"CommentAction\",\"name\":\"Comment\",\"target\":[\"https:\/\/phanimenal.de\/index.php\/2018\/04\/20\/kuenstler-zeichnet-one-piece-charaktere-als-avengers\/#respond\"]}],\"copyrightYear\":\"2018\",\"copyrightHolder\":{\"@id\":\"https:\/\/phanimenal.de\/#organization\"}},{\"@type\":\"WebPage\",\"@id\":\"https:\/\/phanimenal.de\/index.php\/2018\/04\/20\/kuenstler-zeichnet-one-piece-charaktere-als-avengers\/\",\"url\":\"https:\/\/phanimenal.de\/index.php\/2018\/04\/20\/kuenstler-zeichnet-one-piece-charaktere-als-avengers\/\",\"name\":\"K\u00fcnstler zeichnet One Piece Charaktere als Avengers! - Phanimenal - T\u00e4glich interessante Anime News und Gaming News\",\"isPartOf\":{\"@id\":\"https:\/\/phanimenal.de\/#website\"},\"datePublished\":\"2018-04-19T23:00:09+00:00\",\"dateModified\":\"2018-09-23T02:26:24+00:00\",\"inLanguage\":\"de\",\"potentialAction\":[{\"@type\":\"ReadAction\",\"target\":[\"https:\/\/phanimenal.de\/index.php\/2018\/04\/20\/kuenstler-zeichnet-one-piece-charaktere-als-avengers\/\"]}]},{\"@type\":\"WebSite\",\"@id\":\"https:\/\/phanimenal.de\/#website\",\"url\":\"https:\/\/phanimenal.de\/\",\"name\":\"Phanimenal - T\u00e4glich interessante Anime News und Gaming News\",\"description\":\"Auf Phanimenal findest du die aktuellsten Anime-News aus Japan und Deutschland\",\"publisher\":{\"@id\":\"https:\/\/phanimenal.de\/#organization\"},\"potentialAction\":[{\"@type\":\"SearchAction\",\"target\":{\"@type\":\"EntryPoint\",\"urlTemplate\":\"https:\/\/phanimenal.de\/?s={search_term_string}\"},\"query-input\":\"required name=search_term_string\"}],\"inLanguage\":\"de\"},{\"@type\":\"Organization\",\"@id\":\"https:\/\/phanimenal.de\/#organization\",\"name\":\"Phanimenal\",\"url\":\"https:\/\/phanimenal.de\/\",\"logo\":{\"@type\":\"ImageObject\",\"inLanguage\":\"de\",\"@id\":\"https:\/\/phanimenal.de\/#\/schema\/logo\/image\/\",\"url\":\"https:\/\/phanimenal.de\/wp-content\/uploads\/\/2016\/04\/logo.png\",\"contentUrl\":\"https:\/\/phanimenal.de\/wp-content\/uploads\/\/2016\/04\/logo.png\",\"width\":170,\"height\":70,\"caption\":\"Phanimenal\"},\"image\":{\"@id\":\"https:\/\/phanimenal.de\/#\/schema\/logo\/image\/\"},\"sameAs\":[\"https:\/\/www.facebook.com\/phanimenal\",\"https:\/\/www.instagram.com\/phanimenal\",\"https:\/\/www.youtube.com\/channel\/UCbK_Z9H_JoD0sWZeb2guVxw\"]},{\"@type\":\"Person\",\"@id\":\"https:\/\/phanimenal.de\/#\/schema\/person\/9ae1ecc2c1c2ee5e36b50979d58c3dbb\",\"name\":\"DT\",\"image\":{\"@type\":\"ImageObject\",\"inLanguage\":\"de\",\"@id\":\"https:\/\/phanimenal.de\/#\/schema\/person\/image\/\",\"url\":\"https:\/\/secure.gravatar.com\/avatar\/8dcc4e3662b2f6f1961ea6e41f9f18a9?s=96&d=mm&r=g\",\"contentUrl\":\"https:\/\/secure.gravatar.com\/avatar\/8dcc4e3662b2f6f1961ea6e41f9f18a9?s=96&d=mm&r=g\",\"caption\":\"DT\"},\"url\":\"https:\/\/phanimenal.de\/index.php\/author\/dt\/\"}]}<\/script>\n<!-- \/ Yoast SEO Premium plugin. -->","yoast_head_json":{"title":"K\u00fcnstler zeichnet One Piece Charaktere als Avengers! - Phanimenal - T\u00e4glich interessante Anime News und Gaming News","robots":{"index":"index","follow":"follow","max-snippet":"max-snippet:-1","max-image-preview":"max-image-preview:large","max-video-preview":"max-video-preview:-1"},"canonical":"https:\/\/phanimenal.de\/index.php\/2018\/04\/20\/kuenstler-zeichnet-one-piece-charaktere-als-avengers\/","next":"https:\/\/phanimenal.de\/index.php\/2018\/04\/20\/kuenstler-zeichnet-one-piece-charaktere-als-avengers\/2\/","og_locale":"de_DE","og_type":"article","og_title":"K\u00fcnstler zeichnet One Piece Charaktere als Avengers!","og_description":"One Piece trifft auf Marvel!","og_url":"https:\/\/phanimenal.de\/index.php\/2018\/04\/20\/kuenstler-zeichnet-one-piece-charaktere-als-avengers\/","og_site_name":"Phanimenal - T\u00e4glich interessante Anime News und Gaming News","article_publisher":"https:\/\/www.facebook.com\/phanimenal","article_published_time":"2018-04-19T23:00:09+00:00","article_modified_time":"2018-09-23T02:26:24+00:00","og_image":[{"width":998,"height":565,"url":"https:\/\/phanimenal.de\/wp-content\/uploads\/\/2017\/11\/aninews35.png","type":"image\/png"}],"author":"DT","twitter_misc":{"Verfasst von":"DT","Gesch\u00e4tzte Lesezeit":"2\u00a0Minuten"},"schema":{"@context":"https:\/\/schema.org","@graph":[{"@type":"Article","@id":"https:\/\/phanimenal.de\/index.php\/2018\/04\/20\/kuenstler-zeichnet-one-piece-charaktere-als-avengers\/#article","isPartOf":{"@id":"https:\/\/phanimenal.de\/index.php\/2018\/04\/20\/kuenstler-zeichnet-one-piece-charaktere-als-avengers\/"},"author":{"name":"DT","@id":"https:\/\/phanimenal.de\/#\/schema\/person\/9ae1ecc2c1c2ee5e36b50979d58c3dbb"},"headline":"K\u00fcnstler zeichnet One Piece Charaktere als Avengers!","datePublished":"2018-04-19T23:00:09+00:00","dateModified":"2018-09-23T02:26:24+00:00","mainEntityOfPage":{"@id":"https:\/\/phanimenal.de\/index.php\/2018\/04\/20\/kuenstler-zeichnet-one-piece-charaktere-als-avengers\/"},"wordCount":326,"commentCount":0,"publisher":{"@id":"https:\/\/phanimenal.de\/#organization"},"keywords":["Anime","avengers","Manga","marvel","onepiece"],"articleSection":["Specials"],"inLanguage":"de","potentialAction":[{"@type":"CommentAction","name":"Comment","target":["https:\/\/phanimenal.de\/index.php\/2018\/04\/20\/kuenstler-zeichnet-one-piece-charaktere-als-avengers\/#respond"]}],"copyrightYear":"2018","copyrightHolder":{"@id":"https:\/\/phanimenal.de\/#organization"}},{"@type":"WebPage","@id":"https:\/\/phanimenal.de\/index.php\/2018\/04\/20\/kuenstler-zeichnet-one-piece-charaktere-als-avengers\/","url":"https:\/\/phanimenal.de\/index.php\/2018\/04\/20\/kuenstler-zeichnet-one-piece-charaktere-als-avengers\/","name":"K\u00fcnstler zeichnet One Piece Charaktere als Avengers! - Phanimenal - T\u00e4glich interessante Anime News und Gaming News","isPartOf":{"@id":"https:\/\/phanimenal.de\/#website"},"datePublished":"2018-04-19T23:00:09+00:00","dateModified":"2018-09-23T02:26:24+00:00","inLanguage":"de","potentialAction":[{"@type":"ReadAction","target":["https:\/\/phanimenal.de\/index.php\/2018\/04\/20\/kuenstler-zeichnet-one-piece-charaktere-als-avengers\/"]}]},{"@type":"WebSite","@id":"https:\/\/phanimenal.de\/#website","url":"https:\/\/phanimenal.de\/","name":"Phanimenal - T\u00e4glich interessante Anime News und Gaming News","description":"Auf Phanimenal findest du die aktuellsten Anime-News aus Japan und Deutschland","publisher":{"@id":"https:\/\/phanimenal.de\/#organization"},"potentialAction":[{"@type":"SearchAction","target":{"@type":"EntryPoint","urlTemplate":"https:\/\/phanimenal.de\/?s={search_term_string}"},"query-input":"required name=search_term_string"}],"inLanguage":"de"},{"@type":"Organization","@id":"https:\/\/phanimenal.de\/#organization","name":"Phanimenal","url":"https:\/\/phanimenal.de\/","logo":{"@type":"ImageObject","inLanguage":"de","@id":"https:\/\/phanimenal.de\/#\/schema\/logo\/image\/","url":"https:\/\/phanimenal.de\/wp-content\/uploads\/\/2016\/04\/logo.png","contentUrl":"https:\/\/phanimenal.de\/wp-content\/uploads\/\/2016\/04\/logo.png","width":170,"height":70,"caption":"Phanimenal"},"image":{"@id":"https:\/\/phanimenal.de\/#\/schema\/logo\/image\/"},"sameAs":["https:\/\/www.facebook.com\/phanimenal","https:\/\/www.instagram.com\/phanimenal","https:\/\/www.youtube.com\/channel\/UCbK_Z9H_JoD0sWZeb2guVxw"]},{"@type":"Person","@id":"https:\/\/phanimenal.de\/#\/schema\/person\/9ae1ecc2c1c2ee5e36b50979d58c3dbb","name":"DT","image":{"@type":"ImageObject","inLanguage":"de","@id":"https:\/\/phanimenal.de\/#\/schema\/person\/image\/","url":"https:\/\/secure.gravatar.com\/avatar\/8dcc4e3662b2f6f1961ea6e41f9f18a9?s=96&d=mm&r=g","contentUrl":"https:\/\/secure.gravatar.com\/avatar\/8dcc4e3662b2f6f1961ea6e41f9f18a9?s=96&d=mm&r=g","caption":"DT"},"url":"https:\/\/phanimenal.de\/index.php\/author\/dt\/"}]}},"jetpack_featured_media_url":"https:\/\/phanimenal.de\/wp-content\/uploads\/\/2017\/11\/aninews35.png","_links":{"self":[{"href":"https:\/\/phanimenal.de\/index.php\/wp-json\/wp\/v2\/posts\/3447"}],"collection":[{"href":"https:\/\/phanimenal.de\/index.php\/wp-json\/wp\/v2\/posts"}],"about":[{"href":"https:\/\/phanimenal.de\/index.php\/wp-json\/wp\/v2\/types\/post"}],"author":[{"embeddable":true,"href":"https:\/\/phanimenal.de\/index.php\/wp-json\/wp\/v2\/users\/10"}],"replies":[{"embeddable":true,"href":"https:\/\/phanimenal.de\/index.php\/wp-json\/wp\/v2\/comments?post=3447"}],"version-history":[{"count":1,"href":"https:\/\/phanimenal.de\/index.php\/wp-json\/wp\/v2\/posts\/3447\/revisions"}],"predecessor-version":[{"id":6863,"href":"https:\/\/phanimenal.de\/index.php\/wp-json\/wp\/v2\/posts\/3447\/revisions\/6863"}],"wp:featuredmedia":[{"embeddable":true,"href":"https:\/\/phanimenal.de\/index.php\/wp-json\/wp\/v2\/media\/3463"}],"wp:attachment":[{"href":"https:\/\/phanimenal.de\/index.php\/wp-json\/wp\/v2\/media?parent=3447"}],"wp:term":[{"taxonomy":"category","embeddable":true,"href":"https:\/\/phanimenal.de\/index.php\/wp-json\/wp\/v2\/categories?post=3447"},{"taxonomy":"post_tag","embeddable":true,"href":"https:\/\/phanimenal.de\/index.php\/wp-json\/wp\/v2\/tags?post=3447"}],"curies":[{"name":"wp","href":"https:\/\/api.w.org\/{rel}","templated":true}]}}