{"id":406,"date":"2016-05-23T02:16:58","date_gmt":"2016-05-23T00:16:58","guid":{"rendered":"http:\/\/news.phanimenal.de\/?p=406"},"modified":"2016-05-23T18:12:21","modified_gmt":"2016-05-23T16:12:21","slug":"one-piece-bekommt-ein-tv-special","status":"publish","type":"post","link":"https:\/\/phanimenal.de\/index.php\/2016\/05\/23\/one-piece-bekommt-ein-tv-special\/","title":{"rendered":"One Piece bekommt ein TV-Special!"},"content":{"rendered":"<p>&nbsp;<\/p>\n<hr \/>\n<p><img decoding=\"async\" loading=\"lazy\" class=\"alignright\" src=\"http:\/\/www.animenewsnetwork.com\/thumbnails\/max450x450\/encyc\/A18113-2626660039.1456721325.jpg\" width=\"337\" height=\"450\" \/>In der 25. Ausgabe vom Weekly Shonen <a href=\"https:\/\/phanimenal.de\/?s=Jump\">Jump<\/a> Magazin wurde bekannt gegeben, dass <a href=\"https:\/\/phanimenal.de\/?s=One+Piece\">One Piece<\/a> ein TV-Special erhalten wird. Dieses TV-Special tr\u00e4gt den Titel &#8222;One Piece: Heart of Gold&#8220;, was auf Deutsch &#8222;One Piece: Herz aus Gold&#8220; bedeutet, und wird am 16. Juli um 9:00 Uhr im Fernsehen gezeigt.<\/p>\n<p>In diesem Special wird ein neuer Charakter auftauchen, der den Namen Mad Treasure tr\u00e4gt. Dieser ist ein b\u00f6ser Schatzj\u00e4ger, welcher auch im kommenden Film One Piece Film Gold auftauchen wird.\u00a0<a href=\"http:\/\/news.phanimenal.de\/index.php\/2016\/05\/16\/one-piece-film-gold-wird-in-den-kinos-in-3d-und-4d-gezeigt-gratis-volume-777\/\">Hier k\u00f6nnt ihr die neueste News zum Film anschauen.<\/a>\u00a0Dieser Schatzj\u00e4ger hat von der Jara Jara Frucht gegessen, wessen F\u00e4higkeiten allerdings noch nicht bekannt sind.<\/p>\n<p>Dieses TV-Special wird an den Film ankn\u00fcpfen, welcher eine Woche sp\u00e4ter in <a href=\"https:\/\/phanimenal.de\/?s=Japan\">Japan<\/a> gezeigt wird. Die Story handelt von einem mysteri\u00f6sen Schatz, welcher Pure Gold genannt wird. Die Strohh\u00fcte werden auf ein M\u00e4dchen treffen, welche den Ort des Versteckes an dem sich der Schatz befindet kennt und zusammen machen sie sich auf den Weg dort hin.<\/p>\n<figure id=\"attachment_408\" aria-describedby=\"caption-attachment-408\" style=\"width: 296px\" class=\"wp-caption aligncenter\"><img decoding=\"async\" loading=\"lazy\" class=\"wp-image-408 size-full\" src=\"http:\/\/news.phanimenal.de\/wp-content\/uploads\/2016\/05\/madtreasure.jpg\" alt=\"madtreasure\" width=\"296\" height=\"421\" srcset=\"https:\/\/phanimenal.de\/wp-content\/uploads\/2016\/05\/madtreasure.jpg 296w, https:\/\/phanimenal.de\/wp-content\/uploads\/2016\/05\/madtreasure-211x300.jpg 211w\" sizes=\"(max-width: 296px) 100vw, 296px\" \/><figcaption id=\"caption-attachment-408\" class=\"wp-caption-text\">Mad Treasure<\/figcaption><\/figure>\n","protected":false},"excerpt":{"rendered":"<p>&nbsp; In der 25. Ausgabe vom Weekly Shonen <a href=\"https:\/\/phanimenal.de\/?s=Jump\">Jump<\/a> Magazin wurde bekannt gegeben, dass <a href=\"https:\/\/phanimenal.de\/?s=One+Piece\">One Piece<\/a> ein TV-Special erhalten wird.<\/p>\n","protected":false},"author":1,"featured_media":211,"comment_status":"open","ping_status":"open","sticky":false,"template":"","format":"standard","meta":[],"categories":[2],"tags":[],"yoast_head":"<!-- This site is optimized with the Yoast SEO Premium plugin v20.2.1 (Yoast SEO v20.2.1) - https:\/\/yoast.com\/wordpress\/plugins\/seo\/ -->\n<title>One Piece bekommt ein TV-Special! - Phanimenal - T\u00e4glich interessante Anime News und Gaming News<\/title>\n<meta name=\"robots\" content=\"index, follow, max-snippet:-1, max-image-preview:large, max-video-preview:-1\" \/>\n<link rel=\"canonical\" href=\"https:\/\/phanimenal.de\/index.php\/2016\/05\/23\/one-piece-bekommt-ein-tv-special\/\" \/>\n<meta property=\"og:locale\" content=\"de_DE\" \/>\n<meta property=\"og:type\" content=\"article\" \/>\n<meta property=\"og:title\" content=\"One Piece bekommt ein TV-Special!\" \/>\n<meta property=\"og:description\" content=\"Phanimenal - T\u00e4glich interessante Anime News und Gaming News\" \/>\n<meta property=\"og:url\" content=\"https:\/\/phanimenal.de\/index.php\/2016\/05\/23\/one-piece-bekommt-ein-tv-special\/\" \/>\n<meta property=\"og:site_name\" content=\"Phanimenal - T\u00e4glich interessante Anime News und Gaming News\" \/>\n<meta property=\"article:publisher\" content=\"https:\/\/www.facebook.com\/phanimenal\" \/>\n<meta property=\"article:published_time\" content=\"2016-05-23T00:16:58+00:00\" \/>\n<meta property=\"article:modified_time\" content=\"2016-05-23T16:12:21+00:00\" \/>\n<meta property=\"og:image\" content=\"https:\/\/phanimenal.de\/wp-content\/uploads\/\/2016\/04\/OnePieceFilmGold.png\" \/>\n\t<meta property=\"og:image:width\" content=\"998\" \/>\n\t<meta property=\"og:image:height\" content=\"594\" \/>\n\t<meta property=\"og:image:type\" content=\"image\/png\" \/>\n<meta name=\"author\" content=\"AM\" \/>\n<meta name=\"twitter:label1\" content=\"Verfasst von\" \/>\n\t<meta name=\"twitter:data1\" content=\"AM\" \/>\n\t<meta name=\"twitter:label2\" content=\"Gesch\u00e4tzte Lesezeit\" \/>\n\t<meta name=\"twitter:data2\" content=\"1\u00a0Minute\" \/>\n<script type=\"application\/ld+json\" class=\"yoast-schema-graph\">{\"@context\":\"https:\/\/schema.org\",\"@graph\":[{\"@type\":\"Article\",\"@id\":\"https:\/\/phanimenal.de\/index.php\/2016\/05\/23\/one-piece-bekommt-ein-tv-special\/#article\",\"isPartOf\":{\"@id\":\"https:\/\/phanimenal.de\/index.php\/2016\/05\/23\/one-piece-bekommt-ein-tv-special\/\"},\"author\":{\"name\":\"AM\",\"@id\":\"https:\/\/phanimenal.de\/#\/schema\/person\/e1dd9265ac0385ecb373011a052bc293\"},\"headline\":\"One Piece bekommt ein TV-Special!\",\"datePublished\":\"2016-05-23T00:16:58+00:00\",\"dateModified\":\"2016-05-23T16:12:21+00:00\",\"mainEntityOfPage\":{\"@id\":\"https:\/\/phanimenal.de\/index.php\/2016\/05\/23\/one-piece-bekommt-ein-tv-special\/\"},\"wordCount\":184,\"commentCount\":0,\"publisher\":{\"@id\":\"https:\/\/phanimenal.de\/#organization\"},\"articleSection\":[\"Anime\"],\"inLanguage\":\"de\",\"potentialAction\":[{\"@type\":\"CommentAction\",\"name\":\"Comment\",\"target\":[\"https:\/\/phanimenal.de\/index.php\/2016\/05\/23\/one-piece-bekommt-ein-tv-special\/#respond\"]}],\"copyrightYear\":\"2016\",\"copyrightHolder\":{\"@id\":\"https:\/\/phanimenal.de\/#organization\"}},{\"@type\":\"WebPage\",\"@id\":\"https:\/\/phanimenal.de\/index.php\/2016\/05\/23\/one-piece-bekommt-ein-tv-special\/\",\"url\":\"https:\/\/phanimenal.de\/index.php\/2016\/05\/23\/one-piece-bekommt-ein-tv-special\/\",\"name\":\"One Piece bekommt ein TV-Special! - Phanimenal - T\u00e4glich interessante Anime News und Gaming News\",\"isPartOf\":{\"@id\":\"https:\/\/phanimenal.de\/#website\"},\"datePublished\":\"2016-05-23T00:16:58+00:00\",\"dateModified\":\"2016-05-23T16:12:21+00:00\",\"breadcrumb\":{\"@id\":\"https:\/\/phanimenal.de\/index.php\/2016\/05\/23\/one-piece-bekommt-ein-tv-special\/#breadcrumb\"},\"inLanguage\":\"de\",\"potentialAction\":[{\"@type\":\"ReadAction\",\"target\":[\"https:\/\/phanimenal.de\/index.php\/2016\/05\/23\/one-piece-bekommt-ein-tv-special\/\"]}]},{\"@type\":\"BreadcrumbList\",\"@id\":\"https:\/\/phanimenal.de\/index.php\/2016\/05\/23\/one-piece-bekommt-ein-tv-special\/#breadcrumb\",\"itemListElement\":[{\"@type\":\"ListItem\",\"position\":1,\"name\":\"Startseite\",\"item\":\"https:\/\/phanimenal.de\/\"},{\"@type\":\"ListItem\",\"position\":2,\"name\":\"One Piece bekommt ein TV-Special!\"}]},{\"@type\":\"WebSite\",\"@id\":\"https:\/\/phanimenal.de\/#website\",\"url\":\"https:\/\/phanimenal.de\/\",\"name\":\"Phanimenal - T\u00e4glich interessante Anime News und Gaming News\",\"description\":\"Auf Phanimenal findest du die aktuellsten Anime-News aus Japan und Deutschland\",\"publisher\":{\"@id\":\"https:\/\/phanimenal.de\/#organization\"},\"potentialAction\":[{\"@type\":\"SearchAction\",\"target\":{\"@type\":\"EntryPoint\",\"urlTemplate\":\"https:\/\/phanimenal.de\/?s={search_term_string}\"},\"query-input\":\"required name=search_term_string\"}],\"inLanguage\":\"de\"},{\"@type\":\"Organization\",\"@id\":\"https:\/\/phanimenal.de\/#organization\",\"name\":\"Phanimenal\",\"url\":\"https:\/\/phanimenal.de\/\",\"logo\":{\"@type\":\"ImageObject\",\"inLanguage\":\"de\",\"@id\":\"https:\/\/phanimenal.de\/#\/schema\/logo\/image\/\",\"url\":\"https:\/\/phanimenal.de\/wp-content\/uploads\/\/2016\/04\/logo.png\",\"contentUrl\":\"https:\/\/phanimenal.de\/wp-content\/uploads\/\/2016\/04\/logo.png\",\"width\":170,\"height\":70,\"caption\":\"Phanimenal\"},\"image\":{\"@id\":\"https:\/\/phanimenal.de\/#\/schema\/logo\/image\/\"},\"sameAs\":[\"https:\/\/www.facebook.com\/phanimenal\",\"https:\/\/www.instagram.com\/phanimenal\",\"https:\/\/www.youtube.com\/channel\/UCbK_Z9H_JoD0sWZeb2guVxw\"]},{\"@type\":\"Person\",\"@id\":\"https:\/\/phanimenal.de\/#\/schema\/person\/e1dd9265ac0385ecb373011a052bc293\",\"name\":\"AM\",\"image\":{\"@type\":\"ImageObject\",\"inLanguage\":\"de\",\"@id\":\"https:\/\/phanimenal.de\/#\/schema\/person\/image\/\",\"url\":\"https:\/\/secure.gravatar.com\/avatar\/87c965ccf859177fd81ae236167111a1?s=96&d=mm&r=g\",\"contentUrl\":\"https:\/\/secure.gravatar.com\/avatar\/87c965ccf859177fd81ae236167111a1?s=96&d=mm&r=g\",\"caption\":\"AM\"},\"sameAs\":[\"http:\/\/wp2.phanimenal.de\"],\"url\":\"https:\/\/phanimenal.de\/index.php\/author\/admin\/\"}]}<\/script>\n<!-- \/ Yoast SEO Premium plugin. -->","yoast_head_json":{"title":"One Piece bekommt ein TV-Special! - Phanimenal - T\u00e4glich interessante Anime News und Gaming News","robots":{"index":"index","follow":"follow","max-snippet":"max-snippet:-1","max-image-preview":"max-image-preview:large","max-video-preview":"max-video-preview:-1"},"canonical":"https:\/\/phanimenal.de\/index.php\/2016\/05\/23\/one-piece-bekommt-ein-tv-special\/","og_locale":"de_DE","og_type":"article","og_title":"One Piece bekommt ein TV-Special!","og_description":"Phanimenal - T\u00e4glich interessante Anime News und Gaming News","og_url":"https:\/\/phanimenal.de\/index.php\/2016\/05\/23\/one-piece-bekommt-ein-tv-special\/","og_site_name":"Phanimenal - T\u00e4glich interessante Anime News und Gaming News","article_publisher":"https:\/\/www.facebook.com\/phanimenal","article_published_time":"2016-05-23T00:16:58+00:00","article_modified_time":"2016-05-23T16:12:21+00:00","og_image":[{"width":998,"height":594,"url":"https:\/\/phanimenal.de\/wp-content\/uploads\/\/2016\/04\/OnePieceFilmGold.png","type":"image\/png"}],"author":"AM","twitter_misc":{"Verfasst von":"AM","Gesch\u00e4tzte Lesezeit":"1\u00a0Minute"},"schema":{"@context":"https:\/\/schema.org","@graph":[{"@type":"Article","@id":"https:\/\/phanimenal.de\/index.php\/2016\/05\/23\/one-piece-bekommt-ein-tv-special\/#article","isPartOf":{"@id":"https:\/\/phanimenal.de\/index.php\/2016\/05\/23\/one-piece-bekommt-ein-tv-special\/"},"author":{"name":"AM","@id":"https:\/\/phanimenal.de\/#\/schema\/person\/e1dd9265ac0385ecb373011a052bc293"},"headline":"One Piece bekommt ein TV-Special!","datePublished":"2016-05-23T00:16:58+00:00","dateModified":"2016-05-23T16:12:21+00:00","mainEntityOfPage":{"@id":"https:\/\/phanimenal.de\/index.php\/2016\/05\/23\/one-piece-bekommt-ein-tv-special\/"},"wordCount":184,"commentCount":0,"publisher":{"@id":"https:\/\/phanimenal.de\/#organization"},"articleSection":["Anime"],"inLanguage":"de","potentialAction":[{"@type":"CommentAction","name":"Comment","target":["https:\/\/phanimenal.de\/index.php\/2016\/05\/23\/one-piece-bekommt-ein-tv-special\/#respond"]}],"copyrightYear":"2016","copyrightHolder":{"@id":"https:\/\/phanimenal.de\/#organization"}},{"@type":"WebPage","@id":"https:\/\/phanimenal.de\/index.php\/2016\/05\/23\/one-piece-bekommt-ein-tv-special\/","url":"https:\/\/phanimenal.de\/index.php\/2016\/05\/23\/one-piece-bekommt-ein-tv-special\/","name":"One Piece bekommt ein TV-Special! - Phanimenal - T\u00e4glich interessante Anime News und Gaming News","isPartOf":{"@id":"https:\/\/phanimenal.de\/#website"},"datePublished":"2016-05-23T00:16:58+00:00","dateModified":"2016-05-23T16:12:21+00:00","breadcrumb":{"@id":"https:\/\/phanimenal.de\/index.php\/2016\/05\/23\/one-piece-bekommt-ein-tv-special\/#breadcrumb"},"inLanguage":"de","potentialAction":[{"@type":"ReadAction","target":["https:\/\/phanimenal.de\/index.php\/2016\/05\/23\/one-piece-bekommt-ein-tv-special\/"]}]},{"@type":"BreadcrumbList","@id":"https:\/\/phanimenal.de\/index.php\/2016\/05\/23\/one-piece-bekommt-ein-tv-special\/#breadcrumb","itemListElement":[{"@type":"ListItem","position":1,"name":"Startseite","item":"https:\/\/phanimenal.de\/"},{"@type":"ListItem","position":2,"name":"One Piece bekommt ein TV-Special!"}]},{"@type":"WebSite","@id":"https:\/\/phanimenal.de\/#website","url":"https:\/\/phanimenal.de\/","name":"Phanimenal - T\u00e4glich interessante Anime News und Gaming News","description":"Auf Phanimenal findest du die aktuellsten Anime-News aus Japan und Deutschland","publisher":{"@id":"https:\/\/phanimenal.de\/#organization"},"potentialAction":[{"@type":"SearchAction","target":{"@type":"EntryPoint","urlTemplate":"https:\/\/phanimenal.de\/?s={search_term_string}"},"query-input":"required name=search_term_string"}],"inLanguage":"de"},{"@type":"Organization","@id":"https:\/\/phanimenal.de\/#organization","name":"Phanimenal","url":"https:\/\/phanimenal.de\/","logo":{"@type":"ImageObject","inLanguage":"de","@id":"https:\/\/phanimenal.de\/#\/schema\/logo\/image\/","url":"https:\/\/phanimenal.de\/wp-content\/uploads\/\/2016\/04\/logo.png","contentUrl":"https:\/\/phanimenal.de\/wp-content\/uploads\/\/2016\/04\/logo.png","width":170,"height":70,"caption":"Phanimenal"},"image":{"@id":"https:\/\/phanimenal.de\/#\/schema\/logo\/image\/"},"sameAs":["https:\/\/www.facebook.com\/phanimenal","https:\/\/www.instagram.com\/phanimenal","https:\/\/www.youtube.com\/channel\/UCbK_Z9H_JoD0sWZeb2guVxw"]},{"@type":"Person","@id":"https:\/\/phanimenal.de\/#\/schema\/person\/e1dd9265ac0385ecb373011a052bc293","name":"AM","image":{"@type":"ImageObject","inLanguage":"de","@id":"https:\/\/phanimenal.de\/#\/schema\/person\/image\/","url":"https:\/\/secure.gravatar.com\/avatar\/87c965ccf859177fd81ae236167111a1?s=96&d=mm&r=g","contentUrl":"https:\/\/secure.gravatar.com\/avatar\/87c965ccf859177fd81ae236167111a1?s=96&d=mm&r=g","caption":"AM"},"sameAs":["http:\/\/wp2.phanimenal.de"],"url":"https:\/\/phanimenal.de\/index.php\/author\/admin\/"}]}},"jetpack_featured_media_url":"https:\/\/phanimenal.de\/wp-content\/uploads\/\/2016\/04\/OnePieceFilmGold.png","_links":{"self":[{"href":"https:\/\/phanimenal.de\/index.php\/wp-json\/wp\/v2\/posts\/406"}],"collection":[{"href":"https:\/\/phanimenal.de\/index.php\/wp-json\/wp\/v2\/posts"}],"about":[{"href":"https:\/\/phanimenal.de\/index.php\/wp-json\/wp\/v2\/types\/post"}],"author":[{"embeddable":true,"href":"https:\/\/phanimenal.de\/index.php\/wp-json\/wp\/v2\/users\/1"}],"replies":[{"embeddable":true,"href":"https:\/\/phanimenal.de\/index.php\/wp-json\/wp\/v2\/comments?post=406"}],"version-history":[{"count":0,"href":"https:\/\/phanimenal.de\/index.php\/wp-json\/wp\/v2\/posts\/406\/revisions"}],"wp:featuredmedia":[{"embeddable":true,"href":"https:\/\/phanimenal.de\/index.php\/wp-json\/wp\/v2\/media\/211"}],"wp:attachment":[{"href":"https:\/\/phanimenal.de\/index.php\/wp-json\/wp\/v2\/media?parent=406"}],"wp:term":[{"taxonomy":"category","embeddable":true,"href":"https:\/\/phanimenal.de\/index.php\/wp-json\/wp\/v2\/categories?post=406"},{"taxonomy":"post_tag","embeddable":true,"href":"https:\/\/phanimenal.de\/index.php\/wp-json\/wp\/v2\/tags?post=406"}],"curies":[{"name":"wp","href":"https:\/\/api.w.org\/{rel}","templated":true}]}}