{"id":5990,"date":"2018-06-11T21:43:09","date_gmt":"2018-06-11T19:43:09","guid":{"rendered":"http:\/\/wp2.phanimenal.de\/?p=5990"},"modified":"2018-06-11T21:43:09","modified_gmt":"2018-06-11T19:43:09","slug":"starttermin-visual-zur-2-staffel-von-tokyo-ghoulre-enthuellt","status":"publish","type":"post","link":"https:\/\/phanimenal.de\/index.php\/2018\/06\/11\/starttermin-visual-zur-2-staffel-von-tokyo-ghoulre-enthuellt\/","title":{"rendered":"Starttermin &#038; Visual zur 2. Staffel von Tokyo Ghoul:re enth\u00fcllt!"},"content":{"rendered":"<p>Erst vor einigen Tagen wurde im Young <a href=\"https:\/\/phanimenal.de\/?s=Jump\">Jump<\/a> Magazin offiziell bekannt gegeben, dass eine zweite Staffel f\u00fcr <a href=\"https:\/\/phanimenal.de\/?s=Tokyo+Ghoul\">Tokyo Ghoul<\/a>:re geplant ist. Nun wurde vor Kurzem ein Visual ver\u00f6ffentlicht, welches den Starttermin der kommenden zweiten Staffel enth\u00fcllt. Demnach wird die zweite Staffel im Oktober 2018 beginnen.<\/p>\n<p>Das k\u00f6nnte dich auch interessieren: <a href=\"http:\/\/wp2.phanimenal.de\/index.php\/2018\/06\/09\/zweite-tokyo-ghoulre-staffel-offiziell-bestaetigt\/?preview=true\">Zweite Tokyo Ghoul:re Staffel offiziell best\u00e4tigt!<\/a><\/p>\n<figure id=\"attachment_4944\" aria-describedby=\"caption-attachment-4944\" style=\"width: 529px\" class=\"wp-caption aligncenter\"><img decoding=\"async\" loading=\"lazy\" class=\"wp-image-4944 size-full\" src=\"http:\/\/wp2.phanimenal.de\/wp-content\/uploads\/2018\/03\/amz1.png\" alt=\"\" width=\"529\" height=\"537\" srcset=\"https:\/\/phanimenal.de\/wp-content\/uploads\/2018\/03\/amz1.png 529w, https:\/\/phanimenal.de\/wp-content\/uploads\/2018\/03\/amz1-296x300.png 296w, https:\/\/phanimenal.de\/wp-content\/uploads\/2018\/03\/amz1-65x65.png 65w\" sizes=\"(max-width: 529px) 100vw, 529px\" \/><figcaption id=\"caption-attachment-4944\" class=\"wp-caption-text\"><a href=\"http:\/\/amzn.to\/2CYRoB7\">Jetzt hier auf Amazon bestellen!<\/a><\/figcaption><\/figure>\n<p>Odahiro Watanabe (Soul Buster, Assistant Director in Super Lovers 2, Valkyrie Drive: Mermaid) ist f\u00fcr die Regie des Animes zust\u00e4ndig, in Zusammenarbeit mit dem Studio Pierrot, was sich h\u00f6chstwahrscheinlich in der zweiten Staffel nicht \u00e4ndern sollte. Chuuji Mikasano arbeitet\u00a0erneut an der Komposition und dem Skript, wie schon zuvor bei den ersten zwei Staffeln von Tokyo Ghoul. Und zuletzt ist Atsuko Nakajima (<a href=\"https:\/\/phanimenal.de\/?s=Ranma\">Ranma<\/a>\u00a0\u00bd, You&#8217;re Under Arrest, Haven&#8217;t You Heard? I&#8217;m Sakomoto) f\u00fcr die Charakterdesigns zust\u00e4ndig.<\/p>\n<p>Hier k\u00f6nnt ihr euch das Visual ansehen:<\/p>\n<figure id=\"attachment_5991\" aria-describedby=\"caption-attachment-5991\" style=\"width: 707px\" class=\"wp-caption aligncenter\"><img decoding=\"async\" loading=\"lazy\" class=\"wp-image-5991 size-full\" src=\"http:\/\/wp2.phanimenal.de\/wp-content\/uploads\/2018\/06\/tokyoghoul-707x1024.jpg\" alt=\"\" width=\"707\" height=\"1024\" srcset=\"https:\/\/phanimenal.de\/wp-content\/uploads\/2018\/06\/tokyoghoul-707x1024.jpg 707w, https:\/\/phanimenal.de\/wp-content\/uploads\/2018\/06\/tokyoghoul-707x1024-207x300.jpg 207w\" sizes=\"(max-width: 707px) 100vw, 707px\" \/><figcaption id=\"caption-attachment-5991\" class=\"wp-caption-text\">Tokyo Ghoul:re 2. Staffel<\/figcaption><\/figure>\n<p>Hier k\u00f6nnt ihr euch den Trailer zu Tokyo Ghoul:re ansehen:<\/p>\n<div class=\"lyte-wrapper fourthree\" style=\"width:420px;max-width:100%;margin:5px;\"><div class=\"lyMe\" id=\"WYL_dZ36ToJLHtA\"><div id=\"lyte_dZ36ToJLHtA\" data-src=\"\/\/i.ytimg.com\/vi\/dZ36ToJLHtA\/hqdefault.jpg\" class=\"pL\"><div class=\"tC\"><div class=\"tT\"><\/div><\/div><div class=\"play\"><\/div><div class=\"ctrl\"><div class=\"Lctrl\"><\/div><div class=\"Rctrl\"><\/div><\/div><\/div><noscript><a href=\"https:\/\/youtu.be\/dZ36ToJLHtA\" rel=\"nofollow\"><img src=\"https:\/\/i.ytimg.com\/vi\/dZ36ToJLHtA\/0.jpg\" alt=\"YouTube-Video-Thumbnail\" width=\"420\" height=\"295\" \/><br \/>Dieses Video auf YouTube ansehen<\/a><\/noscript><\/div><\/div><div class=\"lL\" style=\"max-width:100%;width:420px;margin:5px;\"><\/div><\/p>\n<p>Quelle: YonkouProductions<\/p>\n<div class=\"mceTemp\"><\/div>\n","protected":false},"excerpt":{"rendered":"<p>Erst vor einigen Tagen wurde im Young <a href=\"https:\/\/phanimenal.de\/?s=Jump\">Jump<\/a> Magazin offiziell bekannt gegeben, dass eine zweite Staffel f\u00fcr <a href=\"https:\/\/phanimenal.de\/?s=Tokyo+Ghoul\">Tokyo Ghoul<\/a>:re geplant<\/p>\n","protected":false},"author":10,"featured_media":5061,"comment_status":"open","ping_status":"open","sticky":false,"template":"","format":"standard","meta":[],"categories":[2],"tags":[293,11,23,214],"yoast_head":"<!-- This site is optimized with the Yoast SEO Premium plugin v20.2.1 (Yoast SEO v20.2.1) - https:\/\/yoast.com\/wordpress\/plugins\/seo\/ -->\n<title>Starttermin &amp; Visual zur 2. Staffel von Tokyo Ghoul:re enth\u00fcllt! - Phanimenal - T\u00e4glich interessante Anime News und Gaming News<\/title>\n<meta name=\"robots\" content=\"index, follow, max-snippet:-1, max-image-preview:large, max-video-preview:-1\" \/>\n<link rel=\"canonical\" href=\"https:\/\/phanimenal.de\/index.php\/2018\/06\/11\/starttermin-visual-zur-2-staffel-von-tokyo-ghoulre-enthuellt\/\" \/>\n<meta property=\"og:locale\" content=\"de_DE\" \/>\n<meta property=\"og:type\" content=\"article\" \/>\n<meta property=\"og:title\" content=\"Starttermin &amp; Visual zur 2. Staffel von Tokyo Ghoul:re enth\u00fcllt!\" \/>\n<meta property=\"og:description\" content=\"Tokyo Ghoul:re 2. Staffel\" \/>\n<meta property=\"og:url\" content=\"https:\/\/phanimenal.de\/index.php\/2018\/06\/11\/starttermin-visual-zur-2-staffel-von-tokyo-ghoulre-enthuellt\/\" \/>\n<meta property=\"og:site_name\" content=\"Phanimenal - T\u00e4glich interessante Anime News und Gaming News\" \/>\n<meta property=\"article:publisher\" content=\"https:\/\/www.facebook.com\/phanimenal\" \/>\n<meta property=\"article:published_time\" content=\"2018-06-11T19:43:09+00:00\" \/>\n<meta property=\"og:image\" content=\"https:\/\/phanimenal.de\/wp-content\/uploads\/\/2018\/03\/aninews59.png\" \/>\n\t<meta property=\"og:image:width\" content=\"998\" \/>\n\t<meta property=\"og:image:height\" content=\"565\" \/>\n\t<meta property=\"og:image:type\" content=\"image\/png\" \/>\n<meta name=\"author\" content=\"DT\" \/>\n<meta name=\"twitter:label1\" content=\"Verfasst von\" \/>\n\t<meta name=\"twitter:data1\" content=\"DT\" \/>\n\t<meta name=\"twitter:label2\" content=\"Gesch\u00e4tzte Lesezeit\" \/>\n\t<meta name=\"twitter:data2\" content=\"1\u00a0Minute\" \/>\n<script type=\"application\/ld+json\" class=\"yoast-schema-graph\">{\"@context\":\"https:\/\/schema.org\",\"@graph\":[{\"@type\":\"Article\",\"@id\":\"https:\/\/phanimenal.de\/index.php\/2018\/06\/11\/starttermin-visual-zur-2-staffel-von-tokyo-ghoulre-enthuellt\/#article\",\"isPartOf\":{\"@id\":\"https:\/\/phanimenal.de\/index.php\/2018\/06\/11\/starttermin-visual-zur-2-staffel-von-tokyo-ghoulre-enthuellt\/\"},\"author\":{\"name\":\"DT\",\"@id\":\"https:\/\/phanimenal.de\/#\/schema\/person\/9ae1ecc2c1c2ee5e36b50979d58c3dbb\"},\"headline\":\"Starttermin &#038; Visual zur 2. Staffel von Tokyo Ghoul:re enth\u00fcllt!\",\"datePublished\":\"2018-06-11T19:43:09+00:00\",\"dateModified\":\"2018-06-11T19:43:09+00:00\",\"mainEntityOfPage\":{\"@id\":\"https:\/\/phanimenal.de\/index.php\/2018\/06\/11\/starttermin-visual-zur-2-staffel-von-tokyo-ghoulre-enthuellt\/\"},\"wordCount\":199,\"commentCount\":0,\"publisher\":{\"@id\":\"https:\/\/phanimenal.de\/#organization\"},\"keywords\":[\"2. Staffel\",\"Anime\",\"Manga\",\"Tokyo Ghoul:re\"],\"articleSection\":[\"Anime\"],\"inLanguage\":\"de\",\"potentialAction\":[{\"@type\":\"CommentAction\",\"name\":\"Comment\",\"target\":[\"https:\/\/phanimenal.de\/index.php\/2018\/06\/11\/starttermin-visual-zur-2-staffel-von-tokyo-ghoulre-enthuellt\/#respond\"]}],\"copyrightYear\":\"2018\",\"copyrightHolder\":{\"@id\":\"https:\/\/phanimenal.de\/#organization\"}},{\"@type\":\"WebPage\",\"@id\":\"https:\/\/phanimenal.de\/index.php\/2018\/06\/11\/starttermin-visual-zur-2-staffel-von-tokyo-ghoulre-enthuellt\/\",\"url\":\"https:\/\/phanimenal.de\/index.php\/2018\/06\/11\/starttermin-visual-zur-2-staffel-von-tokyo-ghoulre-enthuellt\/\",\"name\":\"Starttermin & Visual zur 2. Staffel von Tokyo Ghoul:re enth\u00fcllt! - Phanimenal - T\u00e4glich interessante Anime News und Gaming News\",\"isPartOf\":{\"@id\":\"https:\/\/phanimenal.de\/#website\"},\"datePublished\":\"2018-06-11T19:43:09+00:00\",\"dateModified\":\"2018-06-11T19:43:09+00:00\",\"breadcrumb\":{\"@id\":\"https:\/\/phanimenal.de\/index.php\/2018\/06\/11\/starttermin-visual-zur-2-staffel-von-tokyo-ghoulre-enthuellt\/#breadcrumb\"},\"inLanguage\":\"de\",\"potentialAction\":[{\"@type\":\"ReadAction\",\"target\":[\"https:\/\/phanimenal.de\/index.php\/2018\/06\/11\/starttermin-visual-zur-2-staffel-von-tokyo-ghoulre-enthuellt\/\"]}]},{\"@type\":\"BreadcrumbList\",\"@id\":\"https:\/\/phanimenal.de\/index.php\/2018\/06\/11\/starttermin-visual-zur-2-staffel-von-tokyo-ghoulre-enthuellt\/#breadcrumb\",\"itemListElement\":[{\"@type\":\"ListItem\",\"position\":1,\"name\":\"Startseite\",\"item\":\"https:\/\/phanimenal.de\/\"},{\"@type\":\"ListItem\",\"position\":2,\"name\":\"Starttermin &#038; Visual zur 2. Staffel von Tokyo Ghoul:re enth\u00fcllt!\"}]},{\"@type\":\"WebSite\",\"@id\":\"https:\/\/phanimenal.de\/#website\",\"url\":\"https:\/\/phanimenal.de\/\",\"name\":\"Phanimenal - T\u00e4glich interessante Anime News und Gaming News\",\"description\":\"Auf Phanimenal findest du die aktuellsten Anime-News aus Japan und Deutschland\",\"publisher\":{\"@id\":\"https:\/\/phanimenal.de\/#organization\"},\"potentialAction\":[{\"@type\":\"SearchAction\",\"target\":{\"@type\":\"EntryPoint\",\"urlTemplate\":\"https:\/\/phanimenal.de\/?s={search_term_string}\"},\"query-input\":\"required name=search_term_string\"}],\"inLanguage\":\"de\"},{\"@type\":\"Organization\",\"@id\":\"https:\/\/phanimenal.de\/#organization\",\"name\":\"Phanimenal\",\"url\":\"https:\/\/phanimenal.de\/\",\"logo\":{\"@type\":\"ImageObject\",\"inLanguage\":\"de\",\"@id\":\"https:\/\/phanimenal.de\/#\/schema\/logo\/image\/\",\"url\":\"https:\/\/phanimenal.de\/wp-content\/uploads\/\/2016\/04\/logo.png\",\"contentUrl\":\"https:\/\/phanimenal.de\/wp-content\/uploads\/\/2016\/04\/logo.png\",\"width\":170,\"height\":70,\"caption\":\"Phanimenal\"},\"image\":{\"@id\":\"https:\/\/phanimenal.de\/#\/schema\/logo\/image\/\"},\"sameAs\":[\"https:\/\/www.facebook.com\/phanimenal\",\"https:\/\/www.instagram.com\/phanimenal\",\"https:\/\/www.youtube.com\/channel\/UCbK_Z9H_JoD0sWZeb2guVxw\"]},{\"@type\":\"Person\",\"@id\":\"https:\/\/phanimenal.de\/#\/schema\/person\/9ae1ecc2c1c2ee5e36b50979d58c3dbb\",\"name\":\"DT\",\"image\":{\"@type\":\"ImageObject\",\"inLanguage\":\"de\",\"@id\":\"https:\/\/phanimenal.de\/#\/schema\/person\/image\/\",\"url\":\"https:\/\/secure.gravatar.com\/avatar\/8dcc4e3662b2f6f1961ea6e41f9f18a9?s=96&d=mm&r=g\",\"contentUrl\":\"https:\/\/secure.gravatar.com\/avatar\/8dcc4e3662b2f6f1961ea6e41f9f18a9?s=96&d=mm&r=g\",\"caption\":\"DT\"},\"url\":\"https:\/\/phanimenal.de\/index.php\/author\/dt\/\"}]}<\/script>\n<!-- \/ Yoast SEO Premium plugin. -->","yoast_head_json":{"title":"Starttermin & Visual zur 2. Staffel von Tokyo Ghoul:re enth\u00fcllt! - Phanimenal - T\u00e4glich interessante Anime News und Gaming News","robots":{"index":"index","follow":"follow","max-snippet":"max-snippet:-1","max-image-preview":"max-image-preview:large","max-video-preview":"max-video-preview:-1"},"canonical":"https:\/\/phanimenal.de\/index.php\/2018\/06\/11\/starttermin-visual-zur-2-staffel-von-tokyo-ghoulre-enthuellt\/","og_locale":"de_DE","og_type":"article","og_title":"Starttermin & Visual zur 2. Staffel von Tokyo Ghoul:re enth\u00fcllt!","og_description":"Tokyo Ghoul:re 2. Staffel","og_url":"https:\/\/phanimenal.de\/index.php\/2018\/06\/11\/starttermin-visual-zur-2-staffel-von-tokyo-ghoulre-enthuellt\/","og_site_name":"Phanimenal - T\u00e4glich interessante Anime News und Gaming News","article_publisher":"https:\/\/www.facebook.com\/phanimenal","article_published_time":"2018-06-11T19:43:09+00:00","og_image":[{"width":998,"height":565,"url":"https:\/\/phanimenal.de\/wp-content\/uploads\/\/2018\/03\/aninews59.png","type":"image\/png"}],"author":"DT","twitter_misc":{"Verfasst von":"DT","Gesch\u00e4tzte Lesezeit":"1\u00a0Minute"},"schema":{"@context":"https:\/\/schema.org","@graph":[{"@type":"Article","@id":"https:\/\/phanimenal.de\/index.php\/2018\/06\/11\/starttermin-visual-zur-2-staffel-von-tokyo-ghoulre-enthuellt\/#article","isPartOf":{"@id":"https:\/\/phanimenal.de\/index.php\/2018\/06\/11\/starttermin-visual-zur-2-staffel-von-tokyo-ghoulre-enthuellt\/"},"author":{"name":"DT","@id":"https:\/\/phanimenal.de\/#\/schema\/person\/9ae1ecc2c1c2ee5e36b50979d58c3dbb"},"headline":"Starttermin &#038; Visual zur 2. Staffel von Tokyo Ghoul:re enth\u00fcllt!","datePublished":"2018-06-11T19:43:09+00:00","dateModified":"2018-06-11T19:43:09+00:00","mainEntityOfPage":{"@id":"https:\/\/phanimenal.de\/index.php\/2018\/06\/11\/starttermin-visual-zur-2-staffel-von-tokyo-ghoulre-enthuellt\/"},"wordCount":199,"commentCount":0,"publisher":{"@id":"https:\/\/phanimenal.de\/#organization"},"keywords":["2. Staffel","Anime","Manga","Tokyo Ghoul:re"],"articleSection":["Anime"],"inLanguage":"de","potentialAction":[{"@type":"CommentAction","name":"Comment","target":["https:\/\/phanimenal.de\/index.php\/2018\/06\/11\/starttermin-visual-zur-2-staffel-von-tokyo-ghoulre-enthuellt\/#respond"]}],"copyrightYear":"2018","copyrightHolder":{"@id":"https:\/\/phanimenal.de\/#organization"}},{"@type":"WebPage","@id":"https:\/\/phanimenal.de\/index.php\/2018\/06\/11\/starttermin-visual-zur-2-staffel-von-tokyo-ghoulre-enthuellt\/","url":"https:\/\/phanimenal.de\/index.php\/2018\/06\/11\/starttermin-visual-zur-2-staffel-von-tokyo-ghoulre-enthuellt\/","name":"Starttermin & Visual zur 2. Staffel von Tokyo Ghoul:re enth\u00fcllt! - Phanimenal - T\u00e4glich interessante Anime News und Gaming News","isPartOf":{"@id":"https:\/\/phanimenal.de\/#website"},"datePublished":"2018-06-11T19:43:09+00:00","dateModified":"2018-06-11T19:43:09+00:00","breadcrumb":{"@id":"https:\/\/phanimenal.de\/index.php\/2018\/06\/11\/starttermin-visual-zur-2-staffel-von-tokyo-ghoulre-enthuellt\/#breadcrumb"},"inLanguage":"de","potentialAction":[{"@type":"ReadAction","target":["https:\/\/phanimenal.de\/index.php\/2018\/06\/11\/starttermin-visual-zur-2-staffel-von-tokyo-ghoulre-enthuellt\/"]}]},{"@type":"BreadcrumbList","@id":"https:\/\/phanimenal.de\/index.php\/2018\/06\/11\/starttermin-visual-zur-2-staffel-von-tokyo-ghoulre-enthuellt\/#breadcrumb","itemListElement":[{"@type":"ListItem","position":1,"name":"Startseite","item":"https:\/\/phanimenal.de\/"},{"@type":"ListItem","position":2,"name":"Starttermin &#038; Visual zur 2. Staffel von Tokyo Ghoul:re enth\u00fcllt!"}]},{"@type":"WebSite","@id":"https:\/\/phanimenal.de\/#website","url":"https:\/\/phanimenal.de\/","name":"Phanimenal - T\u00e4glich interessante Anime News und Gaming News","description":"Auf Phanimenal findest du die aktuellsten Anime-News aus Japan und Deutschland","publisher":{"@id":"https:\/\/phanimenal.de\/#organization"},"potentialAction":[{"@type":"SearchAction","target":{"@type":"EntryPoint","urlTemplate":"https:\/\/phanimenal.de\/?s={search_term_string}"},"query-input":"required name=search_term_string"}],"inLanguage":"de"},{"@type":"Organization","@id":"https:\/\/phanimenal.de\/#organization","name":"Phanimenal","url":"https:\/\/phanimenal.de\/","logo":{"@type":"ImageObject","inLanguage":"de","@id":"https:\/\/phanimenal.de\/#\/schema\/logo\/image\/","url":"https:\/\/phanimenal.de\/wp-content\/uploads\/\/2016\/04\/logo.png","contentUrl":"https:\/\/phanimenal.de\/wp-content\/uploads\/\/2016\/04\/logo.png","width":170,"height":70,"caption":"Phanimenal"},"image":{"@id":"https:\/\/phanimenal.de\/#\/schema\/logo\/image\/"},"sameAs":["https:\/\/www.facebook.com\/phanimenal","https:\/\/www.instagram.com\/phanimenal","https:\/\/www.youtube.com\/channel\/UCbK_Z9H_JoD0sWZeb2guVxw"]},{"@type":"Person","@id":"https:\/\/phanimenal.de\/#\/schema\/person\/9ae1ecc2c1c2ee5e36b50979d58c3dbb","name":"DT","image":{"@type":"ImageObject","inLanguage":"de","@id":"https:\/\/phanimenal.de\/#\/schema\/person\/image\/","url":"https:\/\/secure.gravatar.com\/avatar\/8dcc4e3662b2f6f1961ea6e41f9f18a9?s=96&d=mm&r=g","contentUrl":"https:\/\/secure.gravatar.com\/avatar\/8dcc4e3662b2f6f1961ea6e41f9f18a9?s=96&d=mm&r=g","caption":"DT"},"url":"https:\/\/phanimenal.de\/index.php\/author\/dt\/"}]}},"jetpack_featured_media_url":"https:\/\/phanimenal.de\/wp-content\/uploads\/\/2018\/03\/aninews59.png","_links":{"self":[{"href":"https:\/\/phanimenal.de\/index.php\/wp-json\/wp\/v2\/posts\/5990"}],"collection":[{"href":"https:\/\/phanimenal.de\/index.php\/wp-json\/wp\/v2\/posts"}],"about":[{"href":"https:\/\/phanimenal.de\/index.php\/wp-json\/wp\/v2\/types\/post"}],"author":[{"embeddable":true,"href":"https:\/\/phanimenal.de\/index.php\/wp-json\/wp\/v2\/users\/10"}],"replies":[{"embeddable":true,"href":"https:\/\/phanimenal.de\/index.php\/wp-json\/wp\/v2\/comments?post=5990"}],"version-history":[{"count":0,"href":"https:\/\/phanimenal.de\/index.php\/wp-json\/wp\/v2\/posts\/5990\/revisions"}],"wp:featuredmedia":[{"embeddable":true,"href":"https:\/\/phanimenal.de\/index.php\/wp-json\/wp\/v2\/media\/5061"}],"wp:attachment":[{"href":"https:\/\/phanimenal.de\/index.php\/wp-json\/wp\/v2\/media?parent=5990"}],"wp:term":[{"taxonomy":"category","embeddable":true,"href":"https:\/\/phanimenal.de\/index.php\/wp-json\/wp\/v2\/categories?post=5990"},{"taxonomy":"post_tag","embeddable":true,"href":"https:\/\/phanimenal.de\/index.php\/wp-json\/wp\/v2\/tags?post=5990"}],"curies":[{"name":"wp","href":"https:\/\/api.w.org\/{rel}","templated":true}]}}