{"id":6363,"date":"2018-08-06T19:36:51","date_gmt":"2018-08-06T17:36:51","guid":{"rendered":"http:\/\/wp2.phanimenal.de\/?p=6363"},"modified":"2018-09-23T03:59:49","modified_gmt":"2018-09-23T01:59:49","slug":"hayao-miyazaki-naechster-ghibli-film-verzoegert-sich-um-mehrere-jahre","status":"publish","type":"post","link":"https:\/\/phanimenal.de\/index.php\/2018\/08\/06\/hayao-miyazaki-naechster-ghibli-film-verzoegert-sich-um-mehrere-jahre\/","title":{"rendered":"Hayao Miyazaki: N\u00e4chster Ghibli-Film verz\u00f6gert sich um mehrere Jahre!"},"content":{"rendered":"<p>W\u00e4hrend einer Promo-Veranstaltung f\u00fcr sein Buch Minami no Kuni no Kanyada am Sonntag, enth\u00fcllte Toshio Suzuki, der Produzent von Studio Ghibli, dass Hayao Miyazaki noch etwa drei bis vier Jahre brauchen wird, um sein Werk zu vollenden. Sein kommender Film wird den Titel\u00a0<strong>Kimi-tachi wa D\u014d<i>\u00a0<\/i>Ikiru ka<\/strong> (How Do You Live?) und befindet sich bereits seit zwei Jahren in Produktion.<\/p>\n<p>Schon in einem vorherigen Interview wusste Suzuki, dass Miyazakis Zeiteinsch\u00e4tzung f\u00fcr die Produktion des Films unm\u00f6glich sei. Denn Miyazaki meinte zu dem Zeitpunkt, dass er es schaffen w\u00fcrde das Projekt in 2019, vor den Olympischen Spielen 2020 in Tokio, abzuschlie\u00dfen.<\/p>\n<figure id=\"attachment_6364\" aria-describedby=\"caption-attachment-6364\" style=\"width: 640px\" class=\"wp-caption aligncenter\"><img decoding=\"async\" loading=\"lazy\" class=\"wp-image-6364 size-full\" src=\"http:\/\/wp2.phanimenal.de\/wp-content\/uploads\/9812357_original.jpg\" alt=\"\" width=\"640\" height=\"940\" srcset=\"https:\/\/phanimenal.de\/wp-content\/uploads\/9812357_original.jpg 640w, https:\/\/phanimenal.de\/wp-content\/uploads\/9812357_original-204x300.jpg 204w\" sizes=\"(max-width: 640px) 100vw, 640px\" \/><figcaption id=\"caption-attachment-6364\" class=\"wp-caption-text\">Kimi-tachi wa D\u014d\u00a0Ikiru ka (How Do You Live?)<\/figcaption><\/figure>\n<p>Miyazaki hat sich bei seinem Filmtitel von Genzabur\u014d Yoshinos gleichnamigen Meisterwerk in 1937 inspirieren lassen. Er f\u00fcgte hinzu, dass dieses Buch eine Geschichte ist, die f\u00fcr den Protagonisten seines Films eine gro\u00dfe Bedeutung hat. In Yoshinos Buch handelt es sich um einen Mann, der Koperu hei\u00dft, und seinen Onkel. Durch die spirituelle Entwicklung von Koperu, kommt die Frage auf, wie man als Mensch lebt.<\/p>\n<p>Quelle: ANN<\/p>\n","protected":false},"excerpt":{"rendered":"<p>W\u00e4hrend einer Promo-Veranstaltung f\u00fcr sein Buch Minami no Kuni no Kanyada am Sonntag, enth\u00fcllte Toshio Suzuki, der Produzent von Studio<\/p>\n","protected":false},"author":10,"featured_media":6365,"comment_status":"open","ping_status":"open","sticky":false,"template":"","format":"standard","meta":[],"categories":[2],"tags":[],"yoast_head":"<!-- This site is optimized with the Yoast SEO Premium plugin v20.2.1 (Yoast SEO v20.2.1) - https:\/\/yoast.com\/wordpress\/plugins\/seo\/ -->\n<title>Hayao Miyazaki: N\u00e4chster Ghibli-Film verz\u00f6gert sich um mehrere Jahre! - Phanimenal - T\u00e4glich interessante Anime News und Gaming News<\/title>\n<meta name=\"robots\" content=\"index, follow, max-snippet:-1, max-image-preview:large, max-video-preview:-1\" \/>\n<link rel=\"canonical\" href=\"https:\/\/phanimenal.de\/index.php\/2018\/08\/06\/hayao-miyazaki-naechster-ghibli-film-verzoegert-sich-um-mehrere-jahre\/\" \/>\n<meta property=\"og:locale\" content=\"de_DE\" \/>\n<meta property=\"og:type\" content=\"article\" \/>\n<meta property=\"og:title\" content=\"Hayao Miyazaki: N\u00e4chster Ghibli-Film verz\u00f6gert sich um mehrere Jahre!\" \/>\n<meta property=\"og:description\" content=\"Studio Ghibli\" \/>\n<meta property=\"og:url\" content=\"https:\/\/phanimenal.de\/index.php\/2018\/08\/06\/hayao-miyazaki-naechster-ghibli-film-verzoegert-sich-um-mehrere-jahre\/\" \/>\n<meta property=\"og:site_name\" content=\"Phanimenal - T\u00e4glich interessante Anime News und Gaming News\" \/>\n<meta property=\"article:publisher\" content=\"https:\/\/www.facebook.com\/phanimenal\" \/>\n<meta property=\"article:published_time\" content=\"2018-08-06T17:36:51+00:00\" \/>\n<meta property=\"article:modified_time\" content=\"2018-09-23T01:59:49+00:00\" \/>\n<meta property=\"og:image\" content=\"https:\/\/phanimenal.de\/wp-content\/uploads\/\/aninews165.jpg\" \/>\n\t<meta property=\"og:image:width\" content=\"998\" \/>\n\t<meta property=\"og:image:height\" content=\"565\" \/>\n\t<meta property=\"og:image:type\" content=\"image\/jpeg\" \/>\n<meta name=\"author\" content=\"DT\" \/>\n<meta name=\"twitter:label1\" content=\"Verfasst von\" \/>\n\t<meta name=\"twitter:data1\" content=\"DT\" \/>\n\t<meta name=\"twitter:label2\" content=\"Gesch\u00e4tzte Lesezeit\" \/>\n\t<meta name=\"twitter:data2\" content=\"1\u00a0Minute\" \/>\n<script type=\"application\/ld+json\" class=\"yoast-schema-graph\">{\"@context\":\"https:\/\/schema.org\",\"@graph\":[{\"@type\":\"Article\",\"@id\":\"https:\/\/phanimenal.de\/index.php\/2018\/08\/06\/hayao-miyazaki-naechster-ghibli-film-verzoegert-sich-um-mehrere-jahre\/#article\",\"isPartOf\":{\"@id\":\"https:\/\/phanimenal.de\/index.php\/2018\/08\/06\/hayao-miyazaki-naechster-ghibli-film-verzoegert-sich-um-mehrere-jahre\/\"},\"author\":{\"name\":\"DT\",\"@id\":\"https:\/\/phanimenal.de\/#\/schema\/person\/9ae1ecc2c1c2ee5e36b50979d58c3dbb\"},\"headline\":\"Hayao Miyazaki: N\u00e4chster Ghibli-Film verz\u00f6gert sich um mehrere Jahre!\",\"datePublished\":\"2018-08-06T17:36:51+00:00\",\"dateModified\":\"2018-09-23T01:59:49+00:00\",\"mainEntityOfPage\":{\"@id\":\"https:\/\/phanimenal.de\/index.php\/2018\/08\/06\/hayao-miyazaki-naechster-ghibli-film-verzoegert-sich-um-mehrere-jahre\/\"},\"wordCount\":203,\"commentCount\":0,\"publisher\":{\"@id\":\"https:\/\/phanimenal.de\/#organization\"},\"articleSection\":[\"Anime\"],\"inLanguage\":\"de\",\"potentialAction\":[{\"@type\":\"CommentAction\",\"name\":\"Comment\",\"target\":[\"https:\/\/phanimenal.de\/index.php\/2018\/08\/06\/hayao-miyazaki-naechster-ghibli-film-verzoegert-sich-um-mehrere-jahre\/#respond\"]}],\"copyrightYear\":\"2018\",\"copyrightHolder\":{\"@id\":\"https:\/\/phanimenal.de\/#organization\"}},{\"@type\":\"WebPage\",\"@id\":\"https:\/\/phanimenal.de\/index.php\/2018\/08\/06\/hayao-miyazaki-naechster-ghibli-film-verzoegert-sich-um-mehrere-jahre\/\",\"url\":\"https:\/\/phanimenal.de\/index.php\/2018\/08\/06\/hayao-miyazaki-naechster-ghibli-film-verzoegert-sich-um-mehrere-jahre\/\",\"name\":\"Hayao Miyazaki: N\u00e4chster Ghibli-Film verz\u00f6gert sich um mehrere Jahre! - Phanimenal - T\u00e4glich interessante Anime News und Gaming News\",\"isPartOf\":{\"@id\":\"https:\/\/phanimenal.de\/#website\"},\"datePublished\":\"2018-08-06T17:36:51+00:00\",\"dateModified\":\"2018-09-23T01:59:49+00:00\",\"breadcrumb\":{\"@id\":\"https:\/\/phanimenal.de\/index.php\/2018\/08\/06\/hayao-miyazaki-naechster-ghibli-film-verzoegert-sich-um-mehrere-jahre\/#breadcrumb\"},\"inLanguage\":\"de\",\"potentialAction\":[{\"@type\":\"ReadAction\",\"target\":[\"https:\/\/phanimenal.de\/index.php\/2018\/08\/06\/hayao-miyazaki-naechster-ghibli-film-verzoegert-sich-um-mehrere-jahre\/\"]}]},{\"@type\":\"BreadcrumbList\",\"@id\":\"https:\/\/phanimenal.de\/index.php\/2018\/08\/06\/hayao-miyazaki-naechster-ghibli-film-verzoegert-sich-um-mehrere-jahre\/#breadcrumb\",\"itemListElement\":[{\"@type\":\"ListItem\",\"position\":1,\"name\":\"Startseite\",\"item\":\"https:\/\/phanimenal.de\/\"},{\"@type\":\"ListItem\",\"position\":2,\"name\":\"Hayao Miyazaki: N\u00e4chster Ghibli-Film verz\u00f6gert sich um mehrere Jahre!\"}]},{\"@type\":\"WebSite\",\"@id\":\"https:\/\/phanimenal.de\/#website\",\"url\":\"https:\/\/phanimenal.de\/\",\"name\":\"Phanimenal - T\u00e4glich interessante Anime News und Gaming News\",\"description\":\"Auf Phanimenal findest du die aktuellsten Anime-News aus Japan und Deutschland\",\"publisher\":{\"@id\":\"https:\/\/phanimenal.de\/#organization\"},\"potentialAction\":[{\"@type\":\"SearchAction\",\"target\":{\"@type\":\"EntryPoint\",\"urlTemplate\":\"https:\/\/phanimenal.de\/?s={search_term_string}\"},\"query-input\":\"required name=search_term_string\"}],\"inLanguage\":\"de\"},{\"@type\":\"Organization\",\"@id\":\"https:\/\/phanimenal.de\/#organization\",\"name\":\"Phanimenal\",\"url\":\"https:\/\/phanimenal.de\/\",\"logo\":{\"@type\":\"ImageObject\",\"inLanguage\":\"de\",\"@id\":\"https:\/\/phanimenal.de\/#\/schema\/logo\/image\/\",\"url\":\"https:\/\/phanimenal.de\/wp-content\/uploads\/\/2016\/04\/logo.png\",\"contentUrl\":\"https:\/\/phanimenal.de\/wp-content\/uploads\/\/2016\/04\/logo.png\",\"width\":170,\"height\":70,\"caption\":\"Phanimenal\"},\"image\":{\"@id\":\"https:\/\/phanimenal.de\/#\/schema\/logo\/image\/\"},\"sameAs\":[\"https:\/\/www.facebook.com\/phanimenal\",\"https:\/\/www.instagram.com\/phanimenal\",\"https:\/\/www.youtube.com\/channel\/UCbK_Z9H_JoD0sWZeb2guVxw\"]},{\"@type\":\"Person\",\"@id\":\"https:\/\/phanimenal.de\/#\/schema\/person\/9ae1ecc2c1c2ee5e36b50979d58c3dbb\",\"name\":\"DT\",\"image\":{\"@type\":\"ImageObject\",\"inLanguage\":\"de\",\"@id\":\"https:\/\/phanimenal.de\/#\/schema\/person\/image\/\",\"url\":\"https:\/\/secure.gravatar.com\/avatar\/8dcc4e3662b2f6f1961ea6e41f9f18a9?s=96&d=mm&r=g\",\"contentUrl\":\"https:\/\/secure.gravatar.com\/avatar\/8dcc4e3662b2f6f1961ea6e41f9f18a9?s=96&d=mm&r=g\",\"caption\":\"DT\"},\"url\":\"https:\/\/phanimenal.de\/index.php\/author\/dt\/\"}]}<\/script>\n<!-- \/ Yoast SEO Premium plugin. -->","yoast_head_json":{"title":"Hayao Miyazaki: N\u00e4chster Ghibli-Film verz\u00f6gert sich um mehrere Jahre! - Phanimenal - T\u00e4glich interessante Anime News und Gaming News","robots":{"index":"index","follow":"follow","max-snippet":"max-snippet:-1","max-image-preview":"max-image-preview:large","max-video-preview":"max-video-preview:-1"},"canonical":"https:\/\/phanimenal.de\/index.php\/2018\/08\/06\/hayao-miyazaki-naechster-ghibli-film-verzoegert-sich-um-mehrere-jahre\/","og_locale":"de_DE","og_type":"article","og_title":"Hayao Miyazaki: N\u00e4chster Ghibli-Film verz\u00f6gert sich um mehrere Jahre!","og_description":"Studio Ghibli","og_url":"https:\/\/phanimenal.de\/index.php\/2018\/08\/06\/hayao-miyazaki-naechster-ghibli-film-verzoegert-sich-um-mehrere-jahre\/","og_site_name":"Phanimenal - T\u00e4glich interessante Anime News und Gaming News","article_publisher":"https:\/\/www.facebook.com\/phanimenal","article_published_time":"2018-08-06T17:36:51+00:00","article_modified_time":"2018-09-23T01:59:49+00:00","og_image":[{"width":"998","height":"565","url":"https:\/\/phanimenal.de\/wp-content\/uploads\/\/aninews165.jpg","type":"image\/jpeg"}],"author":"DT","twitter_misc":{"Verfasst von":"DT","Gesch\u00e4tzte Lesezeit":"1\u00a0Minute"},"schema":{"@context":"https:\/\/schema.org","@graph":[{"@type":"Article","@id":"https:\/\/phanimenal.de\/index.php\/2018\/08\/06\/hayao-miyazaki-naechster-ghibli-film-verzoegert-sich-um-mehrere-jahre\/#article","isPartOf":{"@id":"https:\/\/phanimenal.de\/index.php\/2018\/08\/06\/hayao-miyazaki-naechster-ghibli-film-verzoegert-sich-um-mehrere-jahre\/"},"author":{"name":"DT","@id":"https:\/\/phanimenal.de\/#\/schema\/person\/9ae1ecc2c1c2ee5e36b50979d58c3dbb"},"headline":"Hayao Miyazaki: N\u00e4chster Ghibli-Film verz\u00f6gert sich um mehrere Jahre!","datePublished":"2018-08-06T17:36:51+00:00","dateModified":"2018-09-23T01:59:49+00:00","mainEntityOfPage":{"@id":"https:\/\/phanimenal.de\/index.php\/2018\/08\/06\/hayao-miyazaki-naechster-ghibli-film-verzoegert-sich-um-mehrere-jahre\/"},"wordCount":203,"commentCount":0,"publisher":{"@id":"https:\/\/phanimenal.de\/#organization"},"articleSection":["Anime"],"inLanguage":"de","potentialAction":[{"@type":"CommentAction","name":"Comment","target":["https:\/\/phanimenal.de\/index.php\/2018\/08\/06\/hayao-miyazaki-naechster-ghibli-film-verzoegert-sich-um-mehrere-jahre\/#respond"]}],"copyrightYear":"2018","copyrightHolder":{"@id":"https:\/\/phanimenal.de\/#organization"}},{"@type":"WebPage","@id":"https:\/\/phanimenal.de\/index.php\/2018\/08\/06\/hayao-miyazaki-naechster-ghibli-film-verzoegert-sich-um-mehrere-jahre\/","url":"https:\/\/phanimenal.de\/index.php\/2018\/08\/06\/hayao-miyazaki-naechster-ghibli-film-verzoegert-sich-um-mehrere-jahre\/","name":"Hayao Miyazaki: N\u00e4chster Ghibli-Film verz\u00f6gert sich um mehrere Jahre! - Phanimenal - T\u00e4glich interessante Anime News und Gaming News","isPartOf":{"@id":"https:\/\/phanimenal.de\/#website"},"datePublished":"2018-08-06T17:36:51+00:00","dateModified":"2018-09-23T01:59:49+00:00","breadcrumb":{"@id":"https:\/\/phanimenal.de\/index.php\/2018\/08\/06\/hayao-miyazaki-naechster-ghibli-film-verzoegert-sich-um-mehrere-jahre\/#breadcrumb"},"inLanguage":"de","potentialAction":[{"@type":"ReadAction","target":["https:\/\/phanimenal.de\/index.php\/2018\/08\/06\/hayao-miyazaki-naechster-ghibli-film-verzoegert-sich-um-mehrere-jahre\/"]}]},{"@type":"BreadcrumbList","@id":"https:\/\/phanimenal.de\/index.php\/2018\/08\/06\/hayao-miyazaki-naechster-ghibli-film-verzoegert-sich-um-mehrere-jahre\/#breadcrumb","itemListElement":[{"@type":"ListItem","position":1,"name":"Startseite","item":"https:\/\/phanimenal.de\/"},{"@type":"ListItem","position":2,"name":"Hayao Miyazaki: N\u00e4chster Ghibli-Film verz\u00f6gert sich um mehrere Jahre!"}]},{"@type":"WebSite","@id":"https:\/\/phanimenal.de\/#website","url":"https:\/\/phanimenal.de\/","name":"Phanimenal - T\u00e4glich interessante Anime News und Gaming News","description":"Auf Phanimenal findest du die aktuellsten Anime-News aus Japan und Deutschland","publisher":{"@id":"https:\/\/phanimenal.de\/#organization"},"potentialAction":[{"@type":"SearchAction","target":{"@type":"EntryPoint","urlTemplate":"https:\/\/phanimenal.de\/?s={search_term_string}"},"query-input":"required name=search_term_string"}],"inLanguage":"de"},{"@type":"Organization","@id":"https:\/\/phanimenal.de\/#organization","name":"Phanimenal","url":"https:\/\/phanimenal.de\/","logo":{"@type":"ImageObject","inLanguage":"de","@id":"https:\/\/phanimenal.de\/#\/schema\/logo\/image\/","url":"https:\/\/phanimenal.de\/wp-content\/uploads\/\/2016\/04\/logo.png","contentUrl":"https:\/\/phanimenal.de\/wp-content\/uploads\/\/2016\/04\/logo.png","width":170,"height":70,"caption":"Phanimenal"},"image":{"@id":"https:\/\/phanimenal.de\/#\/schema\/logo\/image\/"},"sameAs":["https:\/\/www.facebook.com\/phanimenal","https:\/\/www.instagram.com\/phanimenal","https:\/\/www.youtube.com\/channel\/UCbK_Z9H_JoD0sWZeb2guVxw"]},{"@type":"Person","@id":"https:\/\/phanimenal.de\/#\/schema\/person\/9ae1ecc2c1c2ee5e36b50979d58c3dbb","name":"DT","image":{"@type":"ImageObject","inLanguage":"de","@id":"https:\/\/phanimenal.de\/#\/schema\/person\/image\/","url":"https:\/\/secure.gravatar.com\/avatar\/8dcc4e3662b2f6f1961ea6e41f9f18a9?s=96&d=mm&r=g","contentUrl":"https:\/\/secure.gravatar.com\/avatar\/8dcc4e3662b2f6f1961ea6e41f9f18a9?s=96&d=mm&r=g","caption":"DT"},"url":"https:\/\/phanimenal.de\/index.php\/author\/dt\/"}]}},"jetpack_featured_media_url":"https:\/\/phanimenal.de\/wp-content\/uploads\/\/aninews165.jpg","_links":{"self":[{"href":"https:\/\/phanimenal.de\/index.php\/wp-json\/wp\/v2\/posts\/6363"}],"collection":[{"href":"https:\/\/phanimenal.de\/index.php\/wp-json\/wp\/v2\/posts"}],"about":[{"href":"https:\/\/phanimenal.de\/index.php\/wp-json\/wp\/v2\/types\/post"}],"author":[{"embeddable":true,"href":"https:\/\/phanimenal.de\/index.php\/wp-json\/wp\/v2\/users\/10"}],"replies":[{"embeddable":true,"href":"https:\/\/phanimenal.de\/index.php\/wp-json\/wp\/v2\/comments?post=6363"}],"version-history":[{"count":1,"href":"https:\/\/phanimenal.de\/index.php\/wp-json\/wp\/v2\/posts\/6363\/revisions"}],"predecessor-version":[{"id":6751,"href":"https:\/\/phanimenal.de\/index.php\/wp-json\/wp\/v2\/posts\/6363\/revisions\/6751"}],"wp:featuredmedia":[{"embeddable":true,"href":"https:\/\/phanimenal.de\/index.php\/wp-json\/wp\/v2\/media\/6365"}],"wp:attachment":[{"href":"https:\/\/phanimenal.de\/index.php\/wp-json\/wp\/v2\/media?parent=6363"}],"wp:term":[{"taxonomy":"category","embeddable":true,"href":"https:\/\/phanimenal.de\/index.php\/wp-json\/wp\/v2\/categories?post=6363"},{"taxonomy":"post_tag","embeddable":true,"href":"https:\/\/phanimenal.de\/index.php\/wp-json\/wp\/v2\/tags?post=6363"}],"curies":[{"name":"wp","href":"https:\/\/api.w.org\/{rel}","templated":true}]}}