{"id":649,"date":"2016-07-04T23:29:21","date_gmt":"2016-07-04T21:29:21","guid":{"rendered":"http:\/\/news.phanimenal.de\/?p=649"},"modified":"2016-07-04T23:45:36","modified_gmt":"2016-07-04T21:45:36","slug":"trailer-zur-zweiten-staffeln-von-ao-no-exorcist-veroeffentlicht-neue-informationen","status":"publish","type":"post","link":"https:\/\/phanimenal.de\/index.php\/2016\/07\/04\/trailer-zur-zweiten-staffeln-von-ao-no-exorcist-veroeffentlicht-neue-informationen\/","title":{"rendered":"Trailer zur zweiten Staffeln von Ao no Exorcist ver\u00f6ffentlicht + neue Informationen"},"content":{"rendered":"<p>Die offizielle Website der zweiten Staffel von Ao no Exorcist hat einen Teaser zum Anime ver\u00f6ffentlicht. Der Titel der zweiten Staffel wird Ao no Exorcist: Kyoto Fuj\u014d \u014c-hen (Blue Exorcist: Kyoto Impure King Arc) \u00a0lauten und wird 2017 erscheinen.<\/p>\n<p>Trailer:<\/p>\n<div class=\"lyte-wrapper fourthree\" style=\"width:420px;max-width:100%;margin:5px;\"><div class=\"lyMe\" id=\"WYL_1M0mTw3qDv0\"><div id=\"lyte_1M0mTw3qDv0\" data-src=\"\/\/i.ytimg.com\/vi\/1M0mTw3qDv0\/hqdefault.jpg\" class=\"pL\"><div class=\"tC\"><div class=\"tT\"><\/div><\/div><div class=\"play\"><\/div><div class=\"ctrl\"><div class=\"Lctrl\"><\/div><div class=\"Rctrl\"><\/div><\/div><\/div><noscript><a href=\"https:\/\/youtu.be\/1M0mTw3qDv0\" rel=\"nofollow\"><img src=\"https:\/\/i.ytimg.com\/vi\/1M0mTw3qDv0\/0.jpg\" alt=\"YouTube-Video-Thumbnail\" width=\"420\" height=\"295\" \/><br \/>Dieses Video auf YouTube ansehen<\/a><\/noscript><\/div><\/div><div class=\"lL\" style=\"max-width:100%;width:420px;margin:5px;\"><\/div><\/p>\n<p>Desweiteren wurde ein neues Bild ver\u00f6ffentlicht.<\/p>\n<p><img decoding=\"async\" loading=\"lazy\" class=\"size-full wp-image-652 aligncenter\" src=\"http:\/\/news.phanimenal.de\/wp-content\/uploads\/2016\/07\/aoex_wp_1280_1024.jpg\" alt=\"aoex_wp_1280_1024\" width=\"640\" height=\"512\" srcset=\"https:\/\/phanimenal.de\/wp-content\/uploads\/2016\/07\/aoex_wp_1280_1024.jpg 640w, https:\/\/phanimenal.de\/wp-content\/uploads\/2016\/07\/aoex_wp_1280_1024-300x240.jpg 300w\" sizes=\"(max-width: 640px) 100vw, 640px\" \/><\/p>\n<p>&nbsp;<\/p>\n<p>Alle bekannten Synchronsprecher der ersten Staffel werden auch f\u00fcr die zweite Staffel synchronisieren.<\/p>\n<p>Nobuhiko Okamoto als Rin Okumura<br \/>\nJun Fukuyama als Yukio Okumura<br \/>\nKana Hanazawa als Shiemi Moriyama<br \/>\nKazuya Nakai als Ryuji Suguro<br \/>\nKoji Yusa als Renzo Shima<br \/>\nYuuki Kaji als Konekomaru Miwa<br \/>\nEri Kitamura als Izumo Kamiki<br \/>\nAyahi Takagaki als Kuro<br \/>\nRina Satou als Shura Kirigakure<br \/>\nHiroshi Kamiya als Mephisto Pheles<br \/>\nKeiji Fujiwara als Shiro Fujimoto<\/p>\n<p>Der Anime wird vom A-1 Pictures Studio animiert. Der Direktor der zweiten Staffel wird Koichi Hatsumi sein, welcher auch an Animes wie Deadman Wonderland, Gangsta und Berserk gearbeitet hat. Der Soundtrack kommt wieder von Hiroyuki Sawano.<\/p>\n<p>Die zweite Staffel wird den Kyoto Imure King Arc adaptieren, welcher im 5. Band des original Mangas beginnt.<\/p>\n","protected":false},"excerpt":{"rendered":"<p>Die offizielle Website der zweiten Staffel von Ao no Exorcist hat einen Teaser zum Anime ver\u00f6ffentlicht. Der Titel der zweiten<\/p>\n","protected":false},"author":1,"featured_media":650,"comment_status":"open","ping_status":"open","sticky":false,"template":"","format":"standard","meta":[],"categories":[1],"tags":[],"yoast_head":"<!-- This site is optimized with the Yoast SEO Premium plugin v20.2.1 (Yoast SEO v20.2.1) - https:\/\/yoast.com\/wordpress\/plugins\/seo\/ -->\n<title>Trailer zur zweiten Staffeln von Ao no Exorcist ver\u00f6ffentlicht + neue Informationen - Phanimenal - T\u00e4glich interessante Anime News und Gaming News<\/title>\n<meta name=\"robots\" content=\"index, follow, max-snippet:-1, max-image-preview:large, max-video-preview:-1\" \/>\n<link rel=\"canonical\" href=\"https:\/\/phanimenal.de\/index.php\/2016\/07\/04\/trailer-zur-zweiten-staffeln-von-ao-no-exorcist-veroeffentlicht-neue-informationen\/\" \/>\n<meta property=\"og:locale\" content=\"de_DE\" \/>\n<meta property=\"og:type\" content=\"article\" \/>\n<meta property=\"og:title\" content=\"Trailer zur zweiten Staffeln von Ao no Exorcist ver\u00f6ffentlicht + neue Informationen\" \/>\n<meta property=\"og:description\" content=\"Phanimenal - T\u00e4glich interessante Anime News und Gaming News\" \/>\n<meta property=\"og:url\" content=\"https:\/\/phanimenal.de\/index.php\/2016\/07\/04\/trailer-zur-zweiten-staffeln-von-ao-no-exorcist-veroeffentlicht-neue-informationen\/\" \/>\n<meta property=\"og:site_name\" content=\"Phanimenal - T\u00e4glich interessante Anime News und Gaming News\" \/>\n<meta property=\"article:publisher\" content=\"https:\/\/www.facebook.com\/phanimenal\" \/>\n<meta property=\"article:published_time\" content=\"2016-07-04T21:29:21+00:00\" \/>\n<meta property=\"article:modified_time\" content=\"2016-07-04T21:45:36+00:00\" \/>\n<meta property=\"og:image\" content=\"https:\/\/phanimenal.de\/wp-content\/uploads\/\/2016\/07\/AoNoExorcist2ndSeason2.png\" \/>\n\t<meta property=\"og:image:width\" content=\"998\" \/>\n\t<meta property=\"og:image:height\" content=\"594\" \/>\n\t<meta property=\"og:image:type\" content=\"image\/png\" \/>\n<meta name=\"author\" content=\"AM\" \/>\n<meta name=\"twitter:label1\" content=\"Verfasst von\" \/>\n\t<meta name=\"twitter:data1\" content=\"AM\" \/>\n\t<meta name=\"twitter:label2\" content=\"Gesch\u00e4tzte Lesezeit\" \/>\n\t<meta name=\"twitter:data2\" content=\"1\u00a0Minute\" \/>\n<script type=\"application\/ld+json\" class=\"yoast-schema-graph\">{\"@context\":\"https:\/\/schema.org\",\"@graph\":[{\"@type\":\"Article\",\"@id\":\"https:\/\/phanimenal.de\/index.php\/2016\/07\/04\/trailer-zur-zweiten-staffeln-von-ao-no-exorcist-veroeffentlicht-neue-informationen\/#article\",\"isPartOf\":{\"@id\":\"https:\/\/phanimenal.de\/index.php\/2016\/07\/04\/trailer-zur-zweiten-staffeln-von-ao-no-exorcist-veroeffentlicht-neue-informationen\/\"},\"author\":{\"name\":\"AM\",\"@id\":\"https:\/\/phanimenal.de\/#\/schema\/person\/e1dd9265ac0385ecb373011a052bc293\"},\"headline\":\"Trailer zur zweiten Staffeln von Ao no Exorcist ver\u00f6ffentlicht + neue Informationen\",\"datePublished\":\"2016-07-04T21:29:21+00:00\",\"dateModified\":\"2016-07-04T21:45:36+00:00\",\"mainEntityOfPage\":{\"@id\":\"https:\/\/phanimenal.de\/index.php\/2016\/07\/04\/trailer-zur-zweiten-staffeln-von-ao-no-exorcist-veroeffentlicht-neue-informationen\/\"},\"wordCount\":192,\"commentCount\":0,\"publisher\":{\"@id\":\"https:\/\/phanimenal.de\/#organization\"},\"inLanguage\":\"de\",\"potentialAction\":[{\"@type\":\"CommentAction\",\"name\":\"Comment\",\"target\":[\"https:\/\/phanimenal.de\/index.php\/2016\/07\/04\/trailer-zur-zweiten-staffeln-von-ao-no-exorcist-veroeffentlicht-neue-informationen\/#respond\"]}],\"copyrightYear\":\"2016\",\"copyrightHolder\":{\"@id\":\"https:\/\/phanimenal.de\/#organization\"}},{\"@type\":\"WebPage\",\"@id\":\"https:\/\/phanimenal.de\/index.php\/2016\/07\/04\/trailer-zur-zweiten-staffeln-von-ao-no-exorcist-veroeffentlicht-neue-informationen\/\",\"url\":\"https:\/\/phanimenal.de\/index.php\/2016\/07\/04\/trailer-zur-zweiten-staffeln-von-ao-no-exorcist-veroeffentlicht-neue-informationen\/\",\"name\":\"Trailer zur zweiten Staffeln von Ao no Exorcist ver\u00f6ffentlicht + neue Informationen - Phanimenal - T\u00e4glich interessante Anime News und Gaming News\",\"isPartOf\":{\"@id\":\"https:\/\/phanimenal.de\/#website\"},\"datePublished\":\"2016-07-04T21:29:21+00:00\",\"dateModified\":\"2016-07-04T21:45:36+00:00\",\"breadcrumb\":{\"@id\":\"https:\/\/phanimenal.de\/index.php\/2016\/07\/04\/trailer-zur-zweiten-staffeln-von-ao-no-exorcist-veroeffentlicht-neue-informationen\/#breadcrumb\"},\"inLanguage\":\"de\",\"potentialAction\":[{\"@type\":\"ReadAction\",\"target\":[\"https:\/\/phanimenal.de\/index.php\/2016\/07\/04\/trailer-zur-zweiten-staffeln-von-ao-no-exorcist-veroeffentlicht-neue-informationen\/\"]}]},{\"@type\":\"BreadcrumbList\",\"@id\":\"https:\/\/phanimenal.de\/index.php\/2016\/07\/04\/trailer-zur-zweiten-staffeln-von-ao-no-exorcist-veroeffentlicht-neue-informationen\/#breadcrumb\",\"itemListElement\":[{\"@type\":\"ListItem\",\"position\":1,\"name\":\"Startseite\",\"item\":\"https:\/\/phanimenal.de\/\"},{\"@type\":\"ListItem\",\"position\":2,\"name\":\"Trailer zur zweiten Staffeln von Ao no Exorcist ver\u00f6ffentlicht + neue Informationen\"}]},{\"@type\":\"WebSite\",\"@id\":\"https:\/\/phanimenal.de\/#website\",\"url\":\"https:\/\/phanimenal.de\/\",\"name\":\"Phanimenal - T\u00e4glich interessante Anime News und Gaming News\",\"description\":\"Auf Phanimenal findest du die aktuellsten Anime-News aus Japan und Deutschland\",\"publisher\":{\"@id\":\"https:\/\/phanimenal.de\/#organization\"},\"potentialAction\":[{\"@type\":\"SearchAction\",\"target\":{\"@type\":\"EntryPoint\",\"urlTemplate\":\"https:\/\/phanimenal.de\/?s={search_term_string}\"},\"query-input\":\"required name=search_term_string\"}],\"inLanguage\":\"de\"},{\"@type\":\"Organization\",\"@id\":\"https:\/\/phanimenal.de\/#organization\",\"name\":\"Phanimenal\",\"url\":\"https:\/\/phanimenal.de\/\",\"logo\":{\"@type\":\"ImageObject\",\"inLanguage\":\"de\",\"@id\":\"https:\/\/phanimenal.de\/#\/schema\/logo\/image\/\",\"url\":\"https:\/\/phanimenal.de\/wp-content\/uploads\/\/2016\/04\/logo.png\",\"contentUrl\":\"https:\/\/phanimenal.de\/wp-content\/uploads\/\/2016\/04\/logo.png\",\"width\":170,\"height\":70,\"caption\":\"Phanimenal\"},\"image\":{\"@id\":\"https:\/\/phanimenal.de\/#\/schema\/logo\/image\/\"},\"sameAs\":[\"https:\/\/www.facebook.com\/phanimenal\",\"https:\/\/www.instagram.com\/phanimenal\",\"https:\/\/www.youtube.com\/channel\/UCbK_Z9H_JoD0sWZeb2guVxw\"]},{\"@type\":\"Person\",\"@id\":\"https:\/\/phanimenal.de\/#\/schema\/person\/e1dd9265ac0385ecb373011a052bc293\",\"name\":\"AM\",\"image\":{\"@type\":\"ImageObject\",\"inLanguage\":\"de\",\"@id\":\"https:\/\/phanimenal.de\/#\/schema\/person\/image\/\",\"url\":\"https:\/\/secure.gravatar.com\/avatar\/87c965ccf859177fd81ae236167111a1?s=96&d=mm&r=g\",\"contentUrl\":\"https:\/\/secure.gravatar.com\/avatar\/87c965ccf859177fd81ae236167111a1?s=96&d=mm&r=g\",\"caption\":\"AM\"},\"sameAs\":[\"http:\/\/wp2.phanimenal.de\"],\"url\":\"https:\/\/phanimenal.de\/index.php\/author\/admin\/\"}]}<\/script>\n<!-- \/ Yoast SEO Premium plugin. -->","yoast_head_json":{"title":"Trailer zur zweiten Staffeln von Ao no Exorcist ver\u00f6ffentlicht + neue Informationen - Phanimenal - T\u00e4glich interessante Anime News und Gaming News","robots":{"index":"index","follow":"follow","max-snippet":"max-snippet:-1","max-image-preview":"max-image-preview:large","max-video-preview":"max-video-preview:-1"},"canonical":"https:\/\/phanimenal.de\/index.php\/2016\/07\/04\/trailer-zur-zweiten-staffeln-von-ao-no-exorcist-veroeffentlicht-neue-informationen\/","og_locale":"de_DE","og_type":"article","og_title":"Trailer zur zweiten Staffeln von Ao no Exorcist ver\u00f6ffentlicht + neue Informationen","og_description":"Phanimenal - T\u00e4glich interessante Anime News und Gaming News","og_url":"https:\/\/phanimenal.de\/index.php\/2016\/07\/04\/trailer-zur-zweiten-staffeln-von-ao-no-exorcist-veroeffentlicht-neue-informationen\/","og_site_name":"Phanimenal - T\u00e4glich interessante Anime News und Gaming News","article_publisher":"https:\/\/www.facebook.com\/phanimenal","article_published_time":"2016-07-04T21:29:21+00:00","article_modified_time":"2016-07-04T21:45:36+00:00","og_image":[{"width":998,"height":594,"url":"https:\/\/phanimenal.de\/wp-content\/uploads\/\/2016\/07\/AoNoExorcist2ndSeason2.png","type":"image\/png"}],"author":"AM","twitter_misc":{"Verfasst von":"AM","Gesch\u00e4tzte Lesezeit":"1\u00a0Minute"},"schema":{"@context":"https:\/\/schema.org","@graph":[{"@type":"Article","@id":"https:\/\/phanimenal.de\/index.php\/2016\/07\/04\/trailer-zur-zweiten-staffeln-von-ao-no-exorcist-veroeffentlicht-neue-informationen\/#article","isPartOf":{"@id":"https:\/\/phanimenal.de\/index.php\/2016\/07\/04\/trailer-zur-zweiten-staffeln-von-ao-no-exorcist-veroeffentlicht-neue-informationen\/"},"author":{"name":"AM","@id":"https:\/\/phanimenal.de\/#\/schema\/person\/e1dd9265ac0385ecb373011a052bc293"},"headline":"Trailer zur zweiten Staffeln von Ao no Exorcist ver\u00f6ffentlicht + neue Informationen","datePublished":"2016-07-04T21:29:21+00:00","dateModified":"2016-07-04T21:45:36+00:00","mainEntityOfPage":{"@id":"https:\/\/phanimenal.de\/index.php\/2016\/07\/04\/trailer-zur-zweiten-staffeln-von-ao-no-exorcist-veroeffentlicht-neue-informationen\/"},"wordCount":192,"commentCount":0,"publisher":{"@id":"https:\/\/phanimenal.de\/#organization"},"inLanguage":"de","potentialAction":[{"@type":"CommentAction","name":"Comment","target":["https:\/\/phanimenal.de\/index.php\/2016\/07\/04\/trailer-zur-zweiten-staffeln-von-ao-no-exorcist-veroeffentlicht-neue-informationen\/#respond"]}],"copyrightYear":"2016","copyrightHolder":{"@id":"https:\/\/phanimenal.de\/#organization"}},{"@type":"WebPage","@id":"https:\/\/phanimenal.de\/index.php\/2016\/07\/04\/trailer-zur-zweiten-staffeln-von-ao-no-exorcist-veroeffentlicht-neue-informationen\/","url":"https:\/\/phanimenal.de\/index.php\/2016\/07\/04\/trailer-zur-zweiten-staffeln-von-ao-no-exorcist-veroeffentlicht-neue-informationen\/","name":"Trailer zur zweiten Staffeln von Ao no Exorcist ver\u00f6ffentlicht + neue Informationen - Phanimenal - T\u00e4glich interessante Anime News und Gaming News","isPartOf":{"@id":"https:\/\/phanimenal.de\/#website"},"datePublished":"2016-07-04T21:29:21+00:00","dateModified":"2016-07-04T21:45:36+00:00","breadcrumb":{"@id":"https:\/\/phanimenal.de\/index.php\/2016\/07\/04\/trailer-zur-zweiten-staffeln-von-ao-no-exorcist-veroeffentlicht-neue-informationen\/#breadcrumb"},"inLanguage":"de","potentialAction":[{"@type":"ReadAction","target":["https:\/\/phanimenal.de\/index.php\/2016\/07\/04\/trailer-zur-zweiten-staffeln-von-ao-no-exorcist-veroeffentlicht-neue-informationen\/"]}]},{"@type":"BreadcrumbList","@id":"https:\/\/phanimenal.de\/index.php\/2016\/07\/04\/trailer-zur-zweiten-staffeln-von-ao-no-exorcist-veroeffentlicht-neue-informationen\/#breadcrumb","itemListElement":[{"@type":"ListItem","position":1,"name":"Startseite","item":"https:\/\/phanimenal.de\/"},{"@type":"ListItem","position":2,"name":"Trailer zur zweiten Staffeln von Ao no Exorcist ver\u00f6ffentlicht + neue Informationen"}]},{"@type":"WebSite","@id":"https:\/\/phanimenal.de\/#website","url":"https:\/\/phanimenal.de\/","name":"Phanimenal - T\u00e4glich interessante Anime News und Gaming News","description":"Auf Phanimenal findest du die aktuellsten Anime-News aus Japan und Deutschland","publisher":{"@id":"https:\/\/phanimenal.de\/#organization"},"potentialAction":[{"@type":"SearchAction","target":{"@type":"EntryPoint","urlTemplate":"https:\/\/phanimenal.de\/?s={search_term_string}"},"query-input":"required name=search_term_string"}],"inLanguage":"de"},{"@type":"Organization","@id":"https:\/\/phanimenal.de\/#organization","name":"Phanimenal","url":"https:\/\/phanimenal.de\/","logo":{"@type":"ImageObject","inLanguage":"de","@id":"https:\/\/phanimenal.de\/#\/schema\/logo\/image\/","url":"https:\/\/phanimenal.de\/wp-content\/uploads\/\/2016\/04\/logo.png","contentUrl":"https:\/\/phanimenal.de\/wp-content\/uploads\/\/2016\/04\/logo.png","width":170,"height":70,"caption":"Phanimenal"},"image":{"@id":"https:\/\/phanimenal.de\/#\/schema\/logo\/image\/"},"sameAs":["https:\/\/www.facebook.com\/phanimenal","https:\/\/www.instagram.com\/phanimenal","https:\/\/www.youtube.com\/channel\/UCbK_Z9H_JoD0sWZeb2guVxw"]},{"@type":"Person","@id":"https:\/\/phanimenal.de\/#\/schema\/person\/e1dd9265ac0385ecb373011a052bc293","name":"AM","image":{"@type":"ImageObject","inLanguage":"de","@id":"https:\/\/phanimenal.de\/#\/schema\/person\/image\/","url":"https:\/\/secure.gravatar.com\/avatar\/87c965ccf859177fd81ae236167111a1?s=96&d=mm&r=g","contentUrl":"https:\/\/secure.gravatar.com\/avatar\/87c965ccf859177fd81ae236167111a1?s=96&d=mm&r=g","caption":"AM"},"sameAs":["http:\/\/wp2.phanimenal.de"],"url":"https:\/\/phanimenal.de\/index.php\/author\/admin\/"}]}},"jetpack_featured_media_url":"https:\/\/phanimenal.de\/wp-content\/uploads\/\/2016\/07\/AoNoExorcist2ndSeason2.png","_links":{"self":[{"href":"https:\/\/phanimenal.de\/index.php\/wp-json\/wp\/v2\/posts\/649"}],"collection":[{"href":"https:\/\/phanimenal.de\/index.php\/wp-json\/wp\/v2\/posts"}],"about":[{"href":"https:\/\/phanimenal.de\/index.php\/wp-json\/wp\/v2\/types\/post"}],"author":[{"embeddable":true,"href":"https:\/\/phanimenal.de\/index.php\/wp-json\/wp\/v2\/users\/1"}],"replies":[{"embeddable":true,"href":"https:\/\/phanimenal.de\/index.php\/wp-json\/wp\/v2\/comments?post=649"}],"version-history":[{"count":0,"href":"https:\/\/phanimenal.de\/index.php\/wp-json\/wp\/v2\/posts\/649\/revisions"}],"wp:featuredmedia":[{"embeddable":true,"href":"https:\/\/phanimenal.de\/index.php\/wp-json\/wp\/v2\/media\/650"}],"wp:attachment":[{"href":"https:\/\/phanimenal.de\/index.php\/wp-json\/wp\/v2\/media?parent=649"}],"wp:term":[{"taxonomy":"category","embeddable":true,"href":"https:\/\/phanimenal.de\/index.php\/wp-json\/wp\/v2\/categories?post=649"},{"taxonomy":"post_tag","embeddable":true,"href":"https:\/\/phanimenal.de\/index.php\/wp-json\/wp\/v2\/tags?post=649"}],"curies":[{"name":"wp","href":"https:\/\/api.w.org\/{rel}","templated":true}]}}