{"id":7678,"date":"2018-12-19T11:42:42","date_gmt":"2018-12-19T10:42:42","guid":{"rendered":"https:\/\/phanimenal.de\/?p=7678"},"modified":"2018-12-19T11:43:03","modified_gmt":"2018-12-19T10:43:03","slug":"starttermin-visual-zur-vierten-staffel-von-boku-no-hero-academia-enthuellt","status":"publish","type":"post","link":"https:\/\/phanimenal.de\/index.php\/2018\/12\/19\/starttermin-visual-zur-vierten-staffel-von-boku-no-hero-academia-enthuellt\/","title":{"rendered":"Starttermin &#038; Visual zur vierten Staffel von Boku no Hero Academia enth\u00fcllt!"},"content":{"rendered":"<h2 style=\"text-align: center;\">Boku no Hero Academia<\/h2>\n<p>Die offizielle Webseite zum Anime <strong>Boku no Hero Academia\u00a0<\/strong>gab vor Kurzem den Starttermin zur kommenden vierten Staffel bekannt. Demnach wird die vierte Staffel im Oktober 2019 starten. Dazu wurde au\u00dferdem ein Key Visual ver\u00f6ffentlicht, dessen Titel lautet: &#8222;I&#8217;ll become your hero!&#8220;.<\/p>\n<p>Obwohl zun\u00e4chst nur eine Staffel von Boku no Hero Academia geplant war, sorgte der Hype um die Helden der Hero-Akademie daf\u00fcr, dass sich die Macher immer wieder f\u00fcr eine Fortsetzung des Animes entschieden haben, was dem Hype durchaus gerecht wird!<\/p>\n<p><strong>Handlung<\/strong><\/p>\n<p>In der Welt von \u201eBoku no Hero Academia&#8220;\u00a0besitzen 80% der Menschen eine Superkraft, die Quirk genannt wird. Manche k\u00f6nnen Explosionen\u00a0ausl\u00f6sen, manche k\u00f6nnen schweben, manche k\u00f6nnen einen Strahl aus ihrem Bauchnabel schie\u00dfen. Der Junge Izuku Midoriya hat einen Traum, und zwar m\u00f6chte er wie sein Vorbild \u201eAll Might&#8220; ein Superheld sein. Leider musste er eines Tages feststellen, dass er zu den 20% der Menschheit geh\u00f6rt, die keinen Quirk besitzen.<\/p>\n<p>Doch durch einen Vorfall beeindruckte Midoriya den Superheld All Might, welcher daraufhin beschlie\u00dft ihn zu trainieren. Wird Midoriya es schaffen ein Superheld zu werden und damit in All Mights Fu\u00dfstapfen treten k\u00f6nnen?<\/p>\n<p>Hier k\u00f6nnt ihr euch das Key Visual ansehen:<\/p>\n<figure id=\"attachment_7679\" aria-describedby=\"caption-attachment-7679\" style=\"width: 724px\" class=\"wp-caption aligncenter\"><img decoding=\"async\" loading=\"lazy\" class=\"wp-image-7679 size-large\" src=\"https:\/\/phanimenal.de\/wp-content\/uploads\/duxjhiov4aaxlhlbb-724x1024.jpg\" alt=\"\" width=\"724\" height=\"1024\" srcset=\"https:\/\/phanimenal.de\/wp-content\/uploads\/duxjhiov4aaxlhlbb-724x1024.jpg 724w, https:\/\/phanimenal.de\/wp-content\/uploads\/duxjhiov4aaxlhlbb-212x300.jpg 212w, https:\/\/phanimenal.de\/wp-content\/uploads\/duxjhiov4aaxlhlbb-768x1086.jpg 768w, https:\/\/phanimenal.de\/wp-content\/uploads\/duxjhiov4aaxlhlbb.jpg 849w\" sizes=\"(max-width: 724px) 100vw, 724px\" \/><figcaption id=\"caption-attachment-7679\" class=\"wp-caption-text\">Visual zur 4. Staffel Boku no Hero Academia<\/figcaption><\/figure>\n<p>Quelle: ANN<\/p>\n","protected":false},"excerpt":{"rendered":"<p>Boku no Hero Academia Die offizielle Webseite zum Anime Boku no Hero Academia\u00a0gab vor Kurzem den Starttermin zur kommenden vierten<\/p>\n","protected":false},"author":10,"featured_media":7102,"comment_status":"closed","ping_status":"open","sticky":false,"template":"","format":"standard","meta":[],"categories":[2],"tags":[74,212,382],"yoast_head":"<!-- This site is optimized with the Yoast SEO Premium plugin v20.2.1 (Yoast SEO v20.2.1) - https:\/\/yoast.com\/wordpress\/plugins\/seo\/ -->\n<title>Starttermin &amp; Visual zur vierten Staffel von Boku no Hero Academia enth\u00fcllt! - Phanimenal - T\u00e4glich interessante Anime News und Gaming News<\/title>\n<meta name=\"robots\" content=\"index, follow, max-snippet:-1, max-image-preview:large, max-video-preview:-1\" \/>\n<link rel=\"canonical\" href=\"https:\/\/phanimenal.de\/index.php\/2018\/12\/19\/starttermin-visual-zur-vierten-staffel-von-boku-no-hero-academia-enthuellt\/\" \/>\n<meta property=\"og:locale\" content=\"de_DE\" \/>\n<meta property=\"og:type\" content=\"article\" \/>\n<meta property=\"og:title\" content=\"Starttermin &amp; Visual zur vierten Staffel von Boku no Hero Academia enth\u00fcllt!\" \/>\n<meta property=\"og:description\" content=\"Boku no Hero Academia\" \/>\n<meta property=\"og:url\" content=\"https:\/\/phanimenal.de\/index.php\/2018\/12\/19\/starttermin-visual-zur-vierten-staffel-von-boku-no-hero-academia-enthuellt\/\" \/>\n<meta property=\"og:site_name\" content=\"Phanimenal - T\u00e4glich interessante Anime News und Gaming News\" \/>\n<meta property=\"article:publisher\" content=\"https:\/\/www.facebook.com\/phanimenal\" \/>\n<meta property=\"article:published_time\" content=\"2018-12-19T10:42:42+00:00\" \/>\n<meta property=\"article:modified_time\" content=\"2018-12-19T10:43:03+00:00\" \/>\n<meta property=\"og:image\" content=\"https:\/\/phanimenal.de\/wp-content\/uploads\/\/aninews206.jpg\" \/>\n\t<meta property=\"og:image:width\" content=\"998\" \/>\n\t<meta property=\"og:image:height\" content=\"565\" \/>\n\t<meta property=\"og:image:type\" content=\"image\/jpeg\" \/>\n<meta name=\"author\" content=\"DT\" \/>\n<meta name=\"twitter:label1\" content=\"Verfasst von\" \/>\n\t<meta name=\"twitter:data1\" content=\"DT\" \/>\n\t<meta name=\"twitter:label2\" content=\"Gesch\u00e4tzte Lesezeit\" \/>\n\t<meta name=\"twitter:data2\" content=\"1\u00a0Minute\" \/>\n<script type=\"application\/ld+json\" class=\"yoast-schema-graph\">{\"@context\":\"https:\/\/schema.org\",\"@graph\":[{\"@type\":\"Article\",\"@id\":\"https:\/\/phanimenal.de\/index.php\/2018\/12\/19\/starttermin-visual-zur-vierten-staffel-von-boku-no-hero-academia-enthuellt\/#article\",\"isPartOf\":{\"@id\":\"https:\/\/phanimenal.de\/index.php\/2018\/12\/19\/starttermin-visual-zur-vierten-staffel-von-boku-no-hero-academia-enthuellt\/\"},\"author\":{\"name\":\"DT\",\"@id\":\"https:\/\/phanimenal.de\/#\/schema\/person\/9ae1ecc2c1c2ee5e36b50979d58c3dbb\"},\"headline\":\"Starttermin &#038; Visual zur vierten Staffel von Boku no Hero Academia enth\u00fcllt!\",\"datePublished\":\"2018-12-19T10:42:42+00:00\",\"dateModified\":\"2018-12-19T10:43:03+00:00\",\"mainEntityOfPage\":{\"@id\":\"https:\/\/phanimenal.de\/index.php\/2018\/12\/19\/starttermin-visual-zur-vierten-staffel-von-boku-no-hero-academia-enthuellt\/\"},\"wordCount\":239,\"publisher\":{\"@id\":\"https:\/\/phanimenal.de\/#organization\"},\"keywords\":[\"Boku no Hero Academia\",\"My Hero Academia\",\"Vierte Staffel\"],\"articleSection\":[\"Anime\"],\"inLanguage\":\"de\",\"copyrightYear\":\"2018\",\"copyrightHolder\":{\"@id\":\"https:\/\/phanimenal.de\/#organization\"}},{\"@type\":\"WebPage\",\"@id\":\"https:\/\/phanimenal.de\/index.php\/2018\/12\/19\/starttermin-visual-zur-vierten-staffel-von-boku-no-hero-academia-enthuellt\/\",\"url\":\"https:\/\/phanimenal.de\/index.php\/2018\/12\/19\/starttermin-visual-zur-vierten-staffel-von-boku-no-hero-academia-enthuellt\/\",\"name\":\"Starttermin & Visual zur vierten Staffel von Boku no Hero Academia enth\u00fcllt! - Phanimenal - T\u00e4glich interessante Anime News und Gaming News\",\"isPartOf\":{\"@id\":\"https:\/\/phanimenal.de\/#website\"},\"datePublished\":\"2018-12-19T10:42:42+00:00\",\"dateModified\":\"2018-12-19T10:43:03+00:00\",\"breadcrumb\":{\"@id\":\"https:\/\/phanimenal.de\/index.php\/2018\/12\/19\/starttermin-visual-zur-vierten-staffel-von-boku-no-hero-academia-enthuellt\/#breadcrumb\"},\"inLanguage\":\"de\",\"potentialAction\":[{\"@type\":\"ReadAction\",\"target\":[\"https:\/\/phanimenal.de\/index.php\/2018\/12\/19\/starttermin-visual-zur-vierten-staffel-von-boku-no-hero-academia-enthuellt\/\"]}]},{\"@type\":\"BreadcrumbList\",\"@id\":\"https:\/\/phanimenal.de\/index.php\/2018\/12\/19\/starttermin-visual-zur-vierten-staffel-von-boku-no-hero-academia-enthuellt\/#breadcrumb\",\"itemListElement\":[{\"@type\":\"ListItem\",\"position\":1,\"name\":\"Startseite\",\"item\":\"https:\/\/phanimenal.de\/\"},{\"@type\":\"ListItem\",\"position\":2,\"name\":\"Starttermin &#038; Visual zur vierten Staffel von Boku no Hero Academia enth\u00fcllt!\"}]},{\"@type\":\"WebSite\",\"@id\":\"https:\/\/phanimenal.de\/#website\",\"url\":\"https:\/\/phanimenal.de\/\",\"name\":\"Phanimenal - T\u00e4glich interessante Anime News und Gaming News\",\"description\":\"Auf Phanimenal findest du die aktuellsten Anime-News aus Japan und Deutschland\",\"publisher\":{\"@id\":\"https:\/\/phanimenal.de\/#organization\"},\"potentialAction\":[{\"@type\":\"SearchAction\",\"target\":{\"@type\":\"EntryPoint\",\"urlTemplate\":\"https:\/\/phanimenal.de\/?s={search_term_string}\"},\"query-input\":\"required name=search_term_string\"}],\"inLanguage\":\"de\"},{\"@type\":\"Organization\",\"@id\":\"https:\/\/phanimenal.de\/#organization\",\"name\":\"Phanimenal\",\"url\":\"https:\/\/phanimenal.de\/\",\"logo\":{\"@type\":\"ImageObject\",\"inLanguage\":\"de\",\"@id\":\"https:\/\/phanimenal.de\/#\/schema\/logo\/image\/\",\"url\":\"https:\/\/phanimenal.de\/wp-content\/uploads\/\/2016\/04\/logo.png\",\"contentUrl\":\"https:\/\/phanimenal.de\/wp-content\/uploads\/\/2016\/04\/logo.png\",\"width\":170,\"height\":70,\"caption\":\"Phanimenal\"},\"image\":{\"@id\":\"https:\/\/phanimenal.de\/#\/schema\/logo\/image\/\"},\"sameAs\":[\"https:\/\/www.facebook.com\/phanimenal\",\"https:\/\/www.instagram.com\/phanimenal\",\"https:\/\/www.youtube.com\/channel\/UCbK_Z9H_JoD0sWZeb2guVxw\"]},{\"@type\":\"Person\",\"@id\":\"https:\/\/phanimenal.de\/#\/schema\/person\/9ae1ecc2c1c2ee5e36b50979d58c3dbb\",\"name\":\"DT\",\"image\":{\"@type\":\"ImageObject\",\"inLanguage\":\"de\",\"@id\":\"https:\/\/phanimenal.de\/#\/schema\/person\/image\/\",\"url\":\"https:\/\/secure.gravatar.com\/avatar\/8dcc4e3662b2f6f1961ea6e41f9f18a9?s=96&d=mm&r=g\",\"contentUrl\":\"https:\/\/secure.gravatar.com\/avatar\/8dcc4e3662b2f6f1961ea6e41f9f18a9?s=96&d=mm&r=g\",\"caption\":\"DT\"},\"url\":\"https:\/\/phanimenal.de\/index.php\/author\/dt\/\"}]}<\/script>\n<!-- \/ Yoast SEO Premium plugin. -->","yoast_head_json":{"title":"Starttermin & Visual zur vierten Staffel von Boku no Hero Academia enth\u00fcllt! - Phanimenal - T\u00e4glich interessante Anime News und Gaming News","robots":{"index":"index","follow":"follow","max-snippet":"max-snippet:-1","max-image-preview":"max-image-preview:large","max-video-preview":"max-video-preview:-1"},"canonical":"https:\/\/phanimenal.de\/index.php\/2018\/12\/19\/starttermin-visual-zur-vierten-staffel-von-boku-no-hero-academia-enthuellt\/","og_locale":"de_DE","og_type":"article","og_title":"Starttermin & Visual zur vierten Staffel von Boku no Hero Academia enth\u00fcllt!","og_description":"Boku no Hero Academia","og_url":"https:\/\/phanimenal.de\/index.php\/2018\/12\/19\/starttermin-visual-zur-vierten-staffel-von-boku-no-hero-academia-enthuellt\/","og_site_name":"Phanimenal - T\u00e4glich interessante Anime News und Gaming News","article_publisher":"https:\/\/www.facebook.com\/phanimenal","article_published_time":"2018-12-19T10:42:42+00:00","article_modified_time":"2018-12-19T10:43:03+00:00","og_image":[{"width":998,"height":565,"url":"https:\/\/phanimenal.de\/wp-content\/uploads\/\/aninews206.jpg","type":"image\/jpeg"}],"author":"DT","twitter_misc":{"Verfasst von":"DT","Gesch\u00e4tzte Lesezeit":"1\u00a0Minute"},"schema":{"@context":"https:\/\/schema.org","@graph":[{"@type":"Article","@id":"https:\/\/phanimenal.de\/index.php\/2018\/12\/19\/starttermin-visual-zur-vierten-staffel-von-boku-no-hero-academia-enthuellt\/#article","isPartOf":{"@id":"https:\/\/phanimenal.de\/index.php\/2018\/12\/19\/starttermin-visual-zur-vierten-staffel-von-boku-no-hero-academia-enthuellt\/"},"author":{"name":"DT","@id":"https:\/\/phanimenal.de\/#\/schema\/person\/9ae1ecc2c1c2ee5e36b50979d58c3dbb"},"headline":"Starttermin &#038; Visual zur vierten Staffel von Boku no Hero Academia enth\u00fcllt!","datePublished":"2018-12-19T10:42:42+00:00","dateModified":"2018-12-19T10:43:03+00:00","mainEntityOfPage":{"@id":"https:\/\/phanimenal.de\/index.php\/2018\/12\/19\/starttermin-visual-zur-vierten-staffel-von-boku-no-hero-academia-enthuellt\/"},"wordCount":239,"publisher":{"@id":"https:\/\/phanimenal.de\/#organization"},"keywords":["Boku no Hero Academia","My Hero Academia","Vierte Staffel"],"articleSection":["Anime"],"inLanguage":"de","copyrightYear":"2018","copyrightHolder":{"@id":"https:\/\/phanimenal.de\/#organization"}},{"@type":"WebPage","@id":"https:\/\/phanimenal.de\/index.php\/2018\/12\/19\/starttermin-visual-zur-vierten-staffel-von-boku-no-hero-academia-enthuellt\/","url":"https:\/\/phanimenal.de\/index.php\/2018\/12\/19\/starttermin-visual-zur-vierten-staffel-von-boku-no-hero-academia-enthuellt\/","name":"Starttermin & Visual zur vierten Staffel von Boku no Hero Academia enth\u00fcllt! - Phanimenal - T\u00e4glich interessante Anime News und Gaming News","isPartOf":{"@id":"https:\/\/phanimenal.de\/#website"},"datePublished":"2018-12-19T10:42:42+00:00","dateModified":"2018-12-19T10:43:03+00:00","breadcrumb":{"@id":"https:\/\/phanimenal.de\/index.php\/2018\/12\/19\/starttermin-visual-zur-vierten-staffel-von-boku-no-hero-academia-enthuellt\/#breadcrumb"},"inLanguage":"de","potentialAction":[{"@type":"ReadAction","target":["https:\/\/phanimenal.de\/index.php\/2018\/12\/19\/starttermin-visual-zur-vierten-staffel-von-boku-no-hero-academia-enthuellt\/"]}]},{"@type":"BreadcrumbList","@id":"https:\/\/phanimenal.de\/index.php\/2018\/12\/19\/starttermin-visual-zur-vierten-staffel-von-boku-no-hero-academia-enthuellt\/#breadcrumb","itemListElement":[{"@type":"ListItem","position":1,"name":"Startseite","item":"https:\/\/phanimenal.de\/"},{"@type":"ListItem","position":2,"name":"Starttermin &#038; Visual zur vierten Staffel von Boku no Hero Academia enth\u00fcllt!"}]},{"@type":"WebSite","@id":"https:\/\/phanimenal.de\/#website","url":"https:\/\/phanimenal.de\/","name":"Phanimenal - T\u00e4glich interessante Anime News und Gaming News","description":"Auf Phanimenal findest du die aktuellsten Anime-News aus Japan und Deutschland","publisher":{"@id":"https:\/\/phanimenal.de\/#organization"},"potentialAction":[{"@type":"SearchAction","target":{"@type":"EntryPoint","urlTemplate":"https:\/\/phanimenal.de\/?s={search_term_string}"},"query-input":"required name=search_term_string"}],"inLanguage":"de"},{"@type":"Organization","@id":"https:\/\/phanimenal.de\/#organization","name":"Phanimenal","url":"https:\/\/phanimenal.de\/","logo":{"@type":"ImageObject","inLanguage":"de","@id":"https:\/\/phanimenal.de\/#\/schema\/logo\/image\/","url":"https:\/\/phanimenal.de\/wp-content\/uploads\/\/2016\/04\/logo.png","contentUrl":"https:\/\/phanimenal.de\/wp-content\/uploads\/\/2016\/04\/logo.png","width":170,"height":70,"caption":"Phanimenal"},"image":{"@id":"https:\/\/phanimenal.de\/#\/schema\/logo\/image\/"},"sameAs":["https:\/\/www.facebook.com\/phanimenal","https:\/\/www.instagram.com\/phanimenal","https:\/\/www.youtube.com\/channel\/UCbK_Z9H_JoD0sWZeb2guVxw"]},{"@type":"Person","@id":"https:\/\/phanimenal.de\/#\/schema\/person\/9ae1ecc2c1c2ee5e36b50979d58c3dbb","name":"DT","image":{"@type":"ImageObject","inLanguage":"de","@id":"https:\/\/phanimenal.de\/#\/schema\/person\/image\/","url":"https:\/\/secure.gravatar.com\/avatar\/8dcc4e3662b2f6f1961ea6e41f9f18a9?s=96&d=mm&r=g","contentUrl":"https:\/\/secure.gravatar.com\/avatar\/8dcc4e3662b2f6f1961ea6e41f9f18a9?s=96&d=mm&r=g","caption":"DT"},"url":"https:\/\/phanimenal.de\/index.php\/author\/dt\/"}]}},"jetpack_featured_media_url":"https:\/\/phanimenal.de\/wp-content\/uploads\/\/aninews206.jpg","_links":{"self":[{"href":"https:\/\/phanimenal.de\/index.php\/wp-json\/wp\/v2\/posts\/7678"}],"collection":[{"href":"https:\/\/phanimenal.de\/index.php\/wp-json\/wp\/v2\/posts"}],"about":[{"href":"https:\/\/phanimenal.de\/index.php\/wp-json\/wp\/v2\/types\/post"}],"author":[{"embeddable":true,"href":"https:\/\/phanimenal.de\/index.php\/wp-json\/wp\/v2\/users\/10"}],"replies":[{"embeddable":true,"href":"https:\/\/phanimenal.de\/index.php\/wp-json\/wp\/v2\/comments?post=7678"}],"version-history":[{"count":2,"href":"https:\/\/phanimenal.de\/index.php\/wp-json\/wp\/v2\/posts\/7678\/revisions"}],"predecessor-version":[{"id":7681,"href":"https:\/\/phanimenal.de\/index.php\/wp-json\/wp\/v2\/posts\/7678\/revisions\/7681"}],"wp:featuredmedia":[{"embeddable":true,"href":"https:\/\/phanimenal.de\/index.php\/wp-json\/wp\/v2\/media\/7102"}],"wp:attachment":[{"href":"https:\/\/phanimenal.de\/index.php\/wp-json\/wp\/v2\/media?parent=7678"}],"wp:term":[{"taxonomy":"category","embeddable":true,"href":"https:\/\/phanimenal.de\/index.php\/wp-json\/wp\/v2\/categories?post=7678"},{"taxonomy":"post_tag","embeddable":true,"href":"https:\/\/phanimenal.de\/index.php\/wp-json\/wp\/v2\/tags?post=7678"}],"curies":[{"name":"wp","href":"https:\/\/api.w.org\/{rel}","templated":true}]}}