{"id":7811,"date":"2019-01-26T22:40:40","date_gmt":"2019-01-26T21:40:40","guid":{"rendered":"https:\/\/phanimenal.de\/?p=7811"},"modified":"2019-01-26T22:40:40","modified_gmt":"2019-01-26T21:40:40","slug":"one-punch-man-charakterdesign-details-zum-opening-zur-zweiten-staffel-enthuellt","status":"publish","type":"post","link":"https:\/\/phanimenal.de\/index.php\/2019\/01\/26\/one-punch-man-charakterdesign-details-zum-opening-zur-zweiten-staffel-enthuellt\/","title":{"rendered":"One Punch Man: Charakterdesign &#038; Details zum Opening zur zweiten Staffel enth\u00fcllt!"},"content":{"rendered":"<p>Die offizielle Webseite f\u00fcr den Anime <strong>One Punch Man\u00a0<\/strong>enth\u00fcllte vor Kurzem den Sprecher sowie das Charakterdesign f\u00fcr\u00a0Suiry\u016b. Demnach wird Masaya Matsukaze dem legend\u00e4ren jungen vierfachen Champion des Super Fight Tournaments seine Stimme leihen. Zudem wurde au\u00dferdem auch bekannt gegeben, dass der neue Opening-Song \u201eSeijaku no Apostle&#8220; erneut von JAM Project gesungen wird.<\/p>\n<p>Die erste Staffel von One Punch Man wurde von Madhouse animiert, wohingegen die zweite Staffel nun von J.C. Staff (bekannt f\u00fcr Food Wars! und Children of the Whales) produziert wird. Warum das Produktionsstudio gewechselt wurde ist unklar und viele Fans werden wohl nun bef\u00fcrchten, dass die Qualit\u00e4t der zweiten Staffel der ersten nicht gerecht werden k\u00f6nnte, da die Animationen in der ersten Staffel sehr speziell waren. Da J.C. Staff allerdings eine super Arbeit leistet, sollte man hier keine Abstriche in der Qualit\u00e4t erwarten.<\/p>\n<p>Hier k\u00f6nnt ihr euch das Charakterdesign ansehen:<\/p>\n<figure id=\"attachment_7812\" aria-describedby=\"caption-attachment-7812\" style=\"width: 530px\" class=\"wp-caption aligncenter\"><img decoding=\"async\" loading=\"lazy\" class=\"wp-image-7812 size-full\" src=\"https:\/\/phanimenal.de\/wp-content\/uploads\/suiryu_fixw_640_hq.jpg\" alt=\"\" width=\"530\" height=\"750\" srcset=\"https:\/\/phanimenal.de\/wp-content\/uploads\/suiryu_fixw_640_hq.jpg 530w, https:\/\/phanimenal.de\/wp-content\/uploads\/suiryu_fixw_640_hq-212x300.jpg 212w\" sizes=\"(max-width: 530px) 100vw, 530px\" \/><figcaption id=\"caption-attachment-7812\" class=\"wp-caption-text\">Suiry\u016b<\/figcaption><\/figure>\n<p>Quelle: ANN<\/p>\n","protected":false},"excerpt":{"rendered":"<p>Die offizielle Webseite f\u00fcr den Anime One Punch Man\u00a0enth\u00fcllte vor Kurzem den Sprecher sowie das Charakterdesign f\u00fcr\u00a0Suiry\u016b. Demnach wird Masaya<\/p>\n","protected":false},"author":10,"featured_media":6405,"comment_status":"closed","ping_status":"open","sticky":false,"template":"","format":"standard","meta":[],"categories":[2],"tags":[374],"yoast_head":"<!-- This site is optimized with the Yoast SEO Premium plugin v20.2.1 (Yoast SEO v20.2.1) - https:\/\/yoast.com\/wordpress\/plugins\/seo\/ -->\n<title>One Punch Man: Charakterdesign &amp; Details zum Opening zur zweiten Staffel enth\u00fcllt! - Phanimenal - T\u00e4glich interessante Anime News und Gaming News<\/title>\n<meta name=\"robots\" content=\"index, follow, max-snippet:-1, max-image-preview:large, max-video-preview:-1\" \/>\n<link rel=\"canonical\" href=\"https:\/\/phanimenal.de\/index.php\/2019\/01\/26\/one-punch-man-charakterdesign-details-zum-opening-zur-zweiten-staffel-enthuellt\/\" \/>\n<meta property=\"og:locale\" content=\"de_DE\" \/>\n<meta property=\"og:type\" content=\"article\" \/>\n<meta property=\"og:title\" content=\"One Punch Man: Charakterdesign &amp; Details zum Opening zur zweiten Staffel enth\u00fcllt!\" \/>\n<meta property=\"og:description\" content=\"One Punch Man\" \/>\n<meta property=\"og:url\" content=\"https:\/\/phanimenal.de\/index.php\/2019\/01\/26\/one-punch-man-charakterdesign-details-zum-opening-zur-zweiten-staffel-enthuellt\/\" \/>\n<meta property=\"og:site_name\" content=\"Phanimenal - T\u00e4glich interessante Anime News und Gaming News\" \/>\n<meta property=\"article:publisher\" content=\"https:\/\/www.facebook.com\/phanimenal\" \/>\n<meta property=\"article:published_time\" content=\"2019-01-26T21:40:40+00:00\" \/>\n<meta property=\"og:image\" content=\"https:\/\/phanimenal.de\/wp-content\/uploads\/\/aninews170.jpg\" \/>\n\t<meta property=\"og:image:width\" content=\"998\" \/>\n\t<meta property=\"og:image:height\" content=\"565\" \/>\n\t<meta property=\"og:image:type\" content=\"image\/jpeg\" \/>\n<meta name=\"author\" content=\"DT\" \/>\n<meta name=\"twitter:label1\" content=\"Verfasst von\" \/>\n\t<meta name=\"twitter:data1\" content=\"DT\" \/>\n\t<meta name=\"twitter:label2\" content=\"Gesch\u00e4tzte Lesezeit\" \/>\n\t<meta name=\"twitter:data2\" content=\"1\u00a0Minute\" \/>\n<script type=\"application\/ld+json\" class=\"yoast-schema-graph\">{\"@context\":\"https:\/\/schema.org\",\"@graph\":[{\"@type\":\"Article\",\"@id\":\"https:\/\/phanimenal.de\/index.php\/2019\/01\/26\/one-punch-man-charakterdesign-details-zum-opening-zur-zweiten-staffel-enthuellt\/#article\",\"isPartOf\":{\"@id\":\"https:\/\/phanimenal.de\/index.php\/2019\/01\/26\/one-punch-man-charakterdesign-details-zum-opening-zur-zweiten-staffel-enthuellt\/\"},\"author\":{\"name\":\"DT\",\"@id\":\"https:\/\/phanimenal.de\/#\/schema\/person\/9ae1ecc2c1c2ee5e36b50979d58c3dbb\"},\"headline\":\"One Punch Man: Charakterdesign &#038; Details zum Opening zur zweiten Staffel enth\u00fcllt!\",\"datePublished\":\"2019-01-26T21:40:40+00:00\",\"dateModified\":\"2019-01-26T21:40:40+00:00\",\"mainEntityOfPage\":{\"@id\":\"https:\/\/phanimenal.de\/index.php\/2019\/01\/26\/one-punch-man-charakterdesign-details-zum-opening-zur-zweiten-staffel-enthuellt\/\"},\"wordCount\":179,\"publisher\":{\"@id\":\"https:\/\/phanimenal.de\/#organization\"},\"keywords\":[\"One Punch Man\"],\"articleSection\":[\"Anime\"],\"inLanguage\":\"de\",\"copyrightYear\":\"2019\",\"copyrightHolder\":{\"@id\":\"https:\/\/phanimenal.de\/#organization\"}},{\"@type\":\"WebPage\",\"@id\":\"https:\/\/phanimenal.de\/index.php\/2019\/01\/26\/one-punch-man-charakterdesign-details-zum-opening-zur-zweiten-staffel-enthuellt\/\",\"url\":\"https:\/\/phanimenal.de\/index.php\/2019\/01\/26\/one-punch-man-charakterdesign-details-zum-opening-zur-zweiten-staffel-enthuellt\/\",\"name\":\"One Punch Man: Charakterdesign & Details zum Opening zur zweiten Staffel enth\u00fcllt! - Phanimenal - T\u00e4glich interessante Anime News und Gaming News\",\"isPartOf\":{\"@id\":\"https:\/\/phanimenal.de\/#website\"},\"datePublished\":\"2019-01-26T21:40:40+00:00\",\"dateModified\":\"2019-01-26T21:40:40+00:00\",\"breadcrumb\":{\"@id\":\"https:\/\/phanimenal.de\/index.php\/2019\/01\/26\/one-punch-man-charakterdesign-details-zum-opening-zur-zweiten-staffel-enthuellt\/#breadcrumb\"},\"inLanguage\":\"de\",\"potentialAction\":[{\"@type\":\"ReadAction\",\"target\":[\"https:\/\/phanimenal.de\/index.php\/2019\/01\/26\/one-punch-man-charakterdesign-details-zum-opening-zur-zweiten-staffel-enthuellt\/\"]}]},{\"@type\":\"BreadcrumbList\",\"@id\":\"https:\/\/phanimenal.de\/index.php\/2019\/01\/26\/one-punch-man-charakterdesign-details-zum-opening-zur-zweiten-staffel-enthuellt\/#breadcrumb\",\"itemListElement\":[{\"@type\":\"ListItem\",\"position\":1,\"name\":\"Startseite\",\"item\":\"https:\/\/phanimenal.de\/\"},{\"@type\":\"ListItem\",\"position\":2,\"name\":\"One Punch Man: Charakterdesign &#038; Details zum Opening zur zweiten Staffel enth\u00fcllt!\"}]},{\"@type\":\"WebSite\",\"@id\":\"https:\/\/phanimenal.de\/#website\",\"url\":\"https:\/\/phanimenal.de\/\",\"name\":\"Phanimenal - T\u00e4glich interessante Anime News und Gaming News\",\"description\":\"Auf Phanimenal findest du die aktuellsten Anime-News aus Japan und Deutschland\",\"publisher\":{\"@id\":\"https:\/\/phanimenal.de\/#organization\"},\"potentialAction\":[{\"@type\":\"SearchAction\",\"target\":{\"@type\":\"EntryPoint\",\"urlTemplate\":\"https:\/\/phanimenal.de\/?s={search_term_string}\"},\"query-input\":\"required name=search_term_string\"}],\"inLanguage\":\"de\"},{\"@type\":\"Organization\",\"@id\":\"https:\/\/phanimenal.de\/#organization\",\"name\":\"Phanimenal\",\"url\":\"https:\/\/phanimenal.de\/\",\"logo\":{\"@type\":\"ImageObject\",\"inLanguage\":\"de\",\"@id\":\"https:\/\/phanimenal.de\/#\/schema\/logo\/image\/\",\"url\":\"https:\/\/phanimenal.de\/wp-content\/uploads\/\/2016\/04\/logo.png\",\"contentUrl\":\"https:\/\/phanimenal.de\/wp-content\/uploads\/\/2016\/04\/logo.png\",\"width\":170,\"height\":70,\"caption\":\"Phanimenal\"},\"image\":{\"@id\":\"https:\/\/phanimenal.de\/#\/schema\/logo\/image\/\"},\"sameAs\":[\"https:\/\/www.facebook.com\/phanimenal\",\"https:\/\/www.instagram.com\/phanimenal\",\"https:\/\/www.youtube.com\/channel\/UCbK_Z9H_JoD0sWZeb2guVxw\"]},{\"@type\":\"Person\",\"@id\":\"https:\/\/phanimenal.de\/#\/schema\/person\/9ae1ecc2c1c2ee5e36b50979d58c3dbb\",\"name\":\"DT\",\"image\":{\"@type\":\"ImageObject\",\"inLanguage\":\"de\",\"@id\":\"https:\/\/phanimenal.de\/#\/schema\/person\/image\/\",\"url\":\"https:\/\/secure.gravatar.com\/avatar\/8dcc4e3662b2f6f1961ea6e41f9f18a9?s=96&d=mm&r=g\",\"contentUrl\":\"https:\/\/secure.gravatar.com\/avatar\/8dcc4e3662b2f6f1961ea6e41f9f18a9?s=96&d=mm&r=g\",\"caption\":\"DT\"},\"url\":\"https:\/\/phanimenal.de\/index.php\/author\/dt\/\"}]}<\/script>\n<!-- \/ Yoast SEO Premium plugin. -->","yoast_head_json":{"title":"One Punch Man: Charakterdesign & Details zum Opening zur zweiten Staffel enth\u00fcllt! - Phanimenal - T\u00e4glich interessante Anime News und Gaming News","robots":{"index":"index","follow":"follow","max-snippet":"max-snippet:-1","max-image-preview":"max-image-preview:large","max-video-preview":"max-video-preview:-1"},"canonical":"https:\/\/phanimenal.de\/index.php\/2019\/01\/26\/one-punch-man-charakterdesign-details-zum-opening-zur-zweiten-staffel-enthuellt\/","og_locale":"de_DE","og_type":"article","og_title":"One Punch Man: Charakterdesign & Details zum Opening zur zweiten Staffel enth\u00fcllt!","og_description":"One Punch Man","og_url":"https:\/\/phanimenal.de\/index.php\/2019\/01\/26\/one-punch-man-charakterdesign-details-zum-opening-zur-zweiten-staffel-enthuellt\/","og_site_name":"Phanimenal - T\u00e4glich interessante Anime News und Gaming News","article_publisher":"https:\/\/www.facebook.com\/phanimenal","article_published_time":"2019-01-26T21:40:40+00:00","og_image":[{"width":"998","height":"565","url":"https:\/\/phanimenal.de\/wp-content\/uploads\/\/aninews170.jpg","type":"image\/jpeg"}],"author":"DT","twitter_misc":{"Verfasst von":"DT","Gesch\u00e4tzte Lesezeit":"1\u00a0Minute"},"schema":{"@context":"https:\/\/schema.org","@graph":[{"@type":"Article","@id":"https:\/\/phanimenal.de\/index.php\/2019\/01\/26\/one-punch-man-charakterdesign-details-zum-opening-zur-zweiten-staffel-enthuellt\/#article","isPartOf":{"@id":"https:\/\/phanimenal.de\/index.php\/2019\/01\/26\/one-punch-man-charakterdesign-details-zum-opening-zur-zweiten-staffel-enthuellt\/"},"author":{"name":"DT","@id":"https:\/\/phanimenal.de\/#\/schema\/person\/9ae1ecc2c1c2ee5e36b50979d58c3dbb"},"headline":"One Punch Man: Charakterdesign &#038; Details zum Opening zur zweiten Staffel enth\u00fcllt!","datePublished":"2019-01-26T21:40:40+00:00","dateModified":"2019-01-26T21:40:40+00:00","mainEntityOfPage":{"@id":"https:\/\/phanimenal.de\/index.php\/2019\/01\/26\/one-punch-man-charakterdesign-details-zum-opening-zur-zweiten-staffel-enthuellt\/"},"wordCount":179,"publisher":{"@id":"https:\/\/phanimenal.de\/#organization"},"keywords":["One Punch Man"],"articleSection":["Anime"],"inLanguage":"de","copyrightYear":"2019","copyrightHolder":{"@id":"https:\/\/phanimenal.de\/#organization"}},{"@type":"WebPage","@id":"https:\/\/phanimenal.de\/index.php\/2019\/01\/26\/one-punch-man-charakterdesign-details-zum-opening-zur-zweiten-staffel-enthuellt\/","url":"https:\/\/phanimenal.de\/index.php\/2019\/01\/26\/one-punch-man-charakterdesign-details-zum-opening-zur-zweiten-staffel-enthuellt\/","name":"One Punch Man: Charakterdesign & Details zum Opening zur zweiten Staffel enth\u00fcllt! - Phanimenal - T\u00e4glich interessante Anime News und Gaming News","isPartOf":{"@id":"https:\/\/phanimenal.de\/#website"},"datePublished":"2019-01-26T21:40:40+00:00","dateModified":"2019-01-26T21:40:40+00:00","breadcrumb":{"@id":"https:\/\/phanimenal.de\/index.php\/2019\/01\/26\/one-punch-man-charakterdesign-details-zum-opening-zur-zweiten-staffel-enthuellt\/#breadcrumb"},"inLanguage":"de","potentialAction":[{"@type":"ReadAction","target":["https:\/\/phanimenal.de\/index.php\/2019\/01\/26\/one-punch-man-charakterdesign-details-zum-opening-zur-zweiten-staffel-enthuellt\/"]}]},{"@type":"BreadcrumbList","@id":"https:\/\/phanimenal.de\/index.php\/2019\/01\/26\/one-punch-man-charakterdesign-details-zum-opening-zur-zweiten-staffel-enthuellt\/#breadcrumb","itemListElement":[{"@type":"ListItem","position":1,"name":"Startseite","item":"https:\/\/phanimenal.de\/"},{"@type":"ListItem","position":2,"name":"One Punch Man: Charakterdesign &#038; Details zum Opening zur zweiten Staffel enth\u00fcllt!"}]},{"@type":"WebSite","@id":"https:\/\/phanimenal.de\/#website","url":"https:\/\/phanimenal.de\/","name":"Phanimenal - T\u00e4glich interessante Anime News und Gaming News","description":"Auf Phanimenal findest du die aktuellsten Anime-News aus Japan und Deutschland","publisher":{"@id":"https:\/\/phanimenal.de\/#organization"},"potentialAction":[{"@type":"SearchAction","target":{"@type":"EntryPoint","urlTemplate":"https:\/\/phanimenal.de\/?s={search_term_string}"},"query-input":"required name=search_term_string"}],"inLanguage":"de"},{"@type":"Organization","@id":"https:\/\/phanimenal.de\/#organization","name":"Phanimenal","url":"https:\/\/phanimenal.de\/","logo":{"@type":"ImageObject","inLanguage":"de","@id":"https:\/\/phanimenal.de\/#\/schema\/logo\/image\/","url":"https:\/\/phanimenal.de\/wp-content\/uploads\/\/2016\/04\/logo.png","contentUrl":"https:\/\/phanimenal.de\/wp-content\/uploads\/\/2016\/04\/logo.png","width":170,"height":70,"caption":"Phanimenal"},"image":{"@id":"https:\/\/phanimenal.de\/#\/schema\/logo\/image\/"},"sameAs":["https:\/\/www.facebook.com\/phanimenal","https:\/\/www.instagram.com\/phanimenal","https:\/\/www.youtube.com\/channel\/UCbK_Z9H_JoD0sWZeb2guVxw"]},{"@type":"Person","@id":"https:\/\/phanimenal.de\/#\/schema\/person\/9ae1ecc2c1c2ee5e36b50979d58c3dbb","name":"DT","image":{"@type":"ImageObject","inLanguage":"de","@id":"https:\/\/phanimenal.de\/#\/schema\/person\/image\/","url":"https:\/\/secure.gravatar.com\/avatar\/8dcc4e3662b2f6f1961ea6e41f9f18a9?s=96&d=mm&r=g","contentUrl":"https:\/\/secure.gravatar.com\/avatar\/8dcc4e3662b2f6f1961ea6e41f9f18a9?s=96&d=mm&r=g","caption":"DT"},"url":"https:\/\/phanimenal.de\/index.php\/author\/dt\/"}]}},"jetpack_featured_media_url":"https:\/\/phanimenal.de\/wp-content\/uploads\/\/aninews170.jpg","_links":{"self":[{"href":"https:\/\/phanimenal.de\/index.php\/wp-json\/wp\/v2\/posts\/7811"}],"collection":[{"href":"https:\/\/phanimenal.de\/index.php\/wp-json\/wp\/v2\/posts"}],"about":[{"href":"https:\/\/phanimenal.de\/index.php\/wp-json\/wp\/v2\/types\/post"}],"author":[{"embeddable":true,"href":"https:\/\/phanimenal.de\/index.php\/wp-json\/wp\/v2\/users\/10"}],"replies":[{"embeddable":true,"href":"https:\/\/phanimenal.de\/index.php\/wp-json\/wp\/v2\/comments?post=7811"}],"version-history":[{"count":1,"href":"https:\/\/phanimenal.de\/index.php\/wp-json\/wp\/v2\/posts\/7811\/revisions"}],"predecessor-version":[{"id":7813,"href":"https:\/\/phanimenal.de\/index.php\/wp-json\/wp\/v2\/posts\/7811\/revisions\/7813"}],"wp:featuredmedia":[{"embeddable":true,"href":"https:\/\/phanimenal.de\/index.php\/wp-json\/wp\/v2\/media\/6405"}],"wp:attachment":[{"href":"https:\/\/phanimenal.de\/index.php\/wp-json\/wp\/v2\/media?parent=7811"}],"wp:term":[{"taxonomy":"category","embeddable":true,"href":"https:\/\/phanimenal.de\/index.php\/wp-json\/wp\/v2\/categories?post=7811"},{"taxonomy":"post_tag","embeddable":true,"href":"https:\/\/phanimenal.de\/index.php\/wp-json\/wp\/v2\/tags?post=7811"}],"curies":[{"name":"wp","href":"https:\/\/api.w.org\/{rel}","templated":true}]}}