{"id":8779,"date":"2019-10-15T20:59:15","date_gmt":"2019-10-15T18:59:15","guid":{"rendered":"https:\/\/phanimenal.de\/?p=8779"},"modified":"2019-10-15T20:59:15","modified_gmt":"2019-10-15T18:59:15","slug":"neuer-manga-fuer-das-pokemon-franchise-angekuendigt","status":"publish","type":"post","link":"https:\/\/phanimenal.de\/index.php\/2019\/10\/15\/neuer-manga-fuer-das-pokemon-franchise-angekuendigt\/","title":{"rendered":"Neuer Manga f\u00fcr das Pok\u00e9mon-Franchise angek\u00fcndigt"},"content":{"rendered":"<h2 style=\"text-align: center;\">Neuer Manga<\/h2>\n<p>Die November-Ausgabe des monatlichen<em> Shogakukan&#8217;s Coro Coro Comics<\/em>-Magazins gab vor Kurzem bekannt, dass das Pok\u00e9mon-Franchise einen neuen Manga erhalten wird, der den simplen Titel &#8222;Pocket Monsters&#8220; tr\u00e4gt.<\/p>\n<p>Der neue Manga wird in der n\u00e4chsten Ausgabe des Magazins am 15. November 2019 erscheinen. Der gleichnamige &#8222;Pocket Monsters&#8220;-Manga von K\u014dsaku Anakubo endete nach 23 Jahren in der selben Ausgabe des Magazins.<\/p>\n<figure id=\"attachment_8780\" aria-describedby=\"caption-attachment-8780\" style=\"width: 300px\" class=\"wp-caption aligncenter\"><img decoding=\"async\" loading=\"lazy\" class=\"wp-image-8780 size-full\" src=\"https:\/\/phanimenal.de\/wp-content\/uploads\/1e5f865c-s.jpg\" alt=\"\" width=\"300\" height=\"427\" srcset=\"https:\/\/phanimenal.de\/wp-content\/uploads\/1e5f865c-s.jpg 300w, https:\/\/phanimenal.de\/wp-content\/uploads\/1e5f865c-s-211x300.jpg 211w\" sizes=\"(max-width: 300px) 100vw, 300px\" \/><figcaption id=\"caption-attachment-8780\" class=\"wp-caption-text\">Neuer Manga<\/figcaption><\/figure>\n<h2 style=\"text-align: center;\">Neuer Anime<\/h2>\n<p>Es wurde bereits angek\u00fcndigt, dass das Pok\u00e9mon-Franchise eine neue Anime-Serie erhalten wird, in der alle bisherigen Pok\u00e9mon-Regionen vorkommen sollen, n\u00e4mlich von Kanto bis Galar. Im japanischen Original tr\u00e4gt der kommende Anime den Titel &#8222;Pocket Monster&#8220; (engl.: &#8222;Pok\u00e9mon&#8220;) und ist derselbe Titel, unter dem die erste Pok\u00e9mon-Serie im Jahr 1997 im japanischen Fernsehen ausgestrahlt wurde.<\/p>\n<p>Die neue Anime-Serie wird ab dem 17. November im japanischen Fernsehen ausgestrahlt.<\/p>\n<p>In der neuen Serie wird es zwei Protagonisten geben: Ash und den neuen Charakter G\u014d. Sein Partner ist das Starter-Pok\u00e9mon Hopplo aus den kommenden Games <strong>Pok\u00e9mon Schwert<\/strong> und <strong>Pok\u00e9mon Schild<\/strong>. Daika Yamashita wird dem 10-j\u00e4hrigen G\u014d seine Stimme leihen, dessen Traum es ist, alle Pok\u00e9mon zu fangen.<\/p>\n<p>Quelle: ANN<\/p>\n","protected":false},"excerpt":{"rendered":"<p>Neuer Manga Die November-Ausgabe des monatlichen Shogakukan&#8217;s Coro Coro Comics-Magazins gab vor Kurzem bekannt, dass das Pok\u00e9mon-Franchise einen neuen Manga<\/p>\n","protected":false},"author":10,"featured_media":8781,"comment_status":"closed","ping_status":"open","sticky":false,"template":"","format":"standard","meta":[],"categories":[2],"tags":[88],"yoast_head":"<!-- This site is optimized with the Yoast SEO Premium plugin v20.2.1 (Yoast SEO v20.2.1) - https:\/\/yoast.com\/wordpress\/plugins\/seo\/ -->\n<title>Neuer Manga f\u00fcr das Pok\u00e9mon-Franchise angek\u00fcndigt - Phanimenal - T\u00e4glich interessante Anime News und Gaming News<\/title>\n<meta name=\"robots\" content=\"index, follow, max-snippet:-1, max-image-preview:large, max-video-preview:-1\" \/>\n<link rel=\"canonical\" href=\"https:\/\/phanimenal.de\/index.php\/2019\/10\/15\/neuer-manga-fuer-das-pokemon-franchise-angekuendigt\/\" \/>\n<meta property=\"og:locale\" content=\"de_DE\" \/>\n<meta property=\"og:type\" content=\"article\" \/>\n<meta property=\"og:title\" content=\"Neuer Manga f\u00fcr das Pok\u00e9mon-Franchise angek\u00fcndigt\" \/>\n<meta property=\"og:description\" content=\"Pok\u00e9mon\" \/>\n<meta property=\"og:url\" content=\"https:\/\/phanimenal.de\/index.php\/2019\/10\/15\/neuer-manga-fuer-das-pokemon-franchise-angekuendigt\/\" \/>\n<meta property=\"og:site_name\" content=\"Phanimenal - T\u00e4glich interessante Anime News und Gaming News\" \/>\n<meta property=\"article:publisher\" content=\"https:\/\/www.facebook.com\/phanimenal\" \/>\n<meta property=\"article:published_time\" content=\"2019-10-15T18:59:15+00:00\" \/>\n<meta property=\"og:image\" content=\"https:\/\/phanimenal.de\/wp-content\/uploads\/\/aninews255-1.jpg\" \/>\n\t<meta property=\"og:image:width\" content=\"998\" \/>\n\t<meta property=\"og:image:height\" content=\"565\" \/>\n\t<meta property=\"og:image:type\" content=\"image\/jpeg\" \/>\n<meta name=\"author\" content=\"DT\" \/>\n<meta name=\"twitter:label1\" content=\"Verfasst von\" \/>\n\t<meta name=\"twitter:data1\" content=\"DT\" \/>\n\t<meta name=\"twitter:label2\" content=\"Gesch\u00e4tzte Lesezeit\" \/>\n\t<meta name=\"twitter:data2\" content=\"1\u00a0Minute\" \/>\n<script type=\"application\/ld+json\" class=\"yoast-schema-graph\">{\"@context\":\"https:\/\/schema.org\",\"@graph\":[{\"@type\":\"Article\",\"@id\":\"https:\/\/phanimenal.de\/index.php\/2019\/10\/15\/neuer-manga-fuer-das-pokemon-franchise-angekuendigt\/#article\",\"isPartOf\":{\"@id\":\"https:\/\/phanimenal.de\/index.php\/2019\/10\/15\/neuer-manga-fuer-das-pokemon-franchise-angekuendigt\/\"},\"author\":{\"name\":\"DT\",\"@id\":\"https:\/\/phanimenal.de\/#\/schema\/person\/9ae1ecc2c1c2ee5e36b50979d58c3dbb\"},\"headline\":\"Neuer Manga f\u00fcr das Pok\u00e9mon-Franchise angek\u00fcndigt\",\"datePublished\":\"2019-10-15T18:59:15+00:00\",\"dateModified\":\"2019-10-15T18:59:15+00:00\",\"mainEntityOfPage\":{\"@id\":\"https:\/\/phanimenal.de\/index.php\/2019\/10\/15\/neuer-manga-fuer-das-pokemon-franchise-angekuendigt\/\"},\"wordCount\":209,\"publisher\":{\"@id\":\"https:\/\/phanimenal.de\/#organization\"},\"keywords\":[\"Pok\u00e9mon\"],\"articleSection\":[\"Anime\"],\"inLanguage\":\"de\",\"copyrightYear\":\"2019\",\"copyrightHolder\":{\"@id\":\"https:\/\/phanimenal.de\/#organization\"}},{\"@type\":\"WebPage\",\"@id\":\"https:\/\/phanimenal.de\/index.php\/2019\/10\/15\/neuer-manga-fuer-das-pokemon-franchise-angekuendigt\/\",\"url\":\"https:\/\/phanimenal.de\/index.php\/2019\/10\/15\/neuer-manga-fuer-das-pokemon-franchise-angekuendigt\/\",\"name\":\"Neuer Manga f\u00fcr das Pok\u00e9mon-Franchise angek\u00fcndigt - Phanimenal - T\u00e4glich interessante Anime News und Gaming News\",\"isPartOf\":{\"@id\":\"https:\/\/phanimenal.de\/#website\"},\"datePublished\":\"2019-10-15T18:59:15+00:00\",\"dateModified\":\"2019-10-15T18:59:15+00:00\",\"breadcrumb\":{\"@id\":\"https:\/\/phanimenal.de\/index.php\/2019\/10\/15\/neuer-manga-fuer-das-pokemon-franchise-angekuendigt\/#breadcrumb\"},\"inLanguage\":\"de\",\"potentialAction\":[{\"@type\":\"ReadAction\",\"target\":[\"https:\/\/phanimenal.de\/index.php\/2019\/10\/15\/neuer-manga-fuer-das-pokemon-franchise-angekuendigt\/\"]}]},{\"@type\":\"BreadcrumbList\",\"@id\":\"https:\/\/phanimenal.de\/index.php\/2019\/10\/15\/neuer-manga-fuer-das-pokemon-franchise-angekuendigt\/#breadcrumb\",\"itemListElement\":[{\"@type\":\"ListItem\",\"position\":1,\"name\":\"Startseite\",\"item\":\"https:\/\/phanimenal.de\/\"},{\"@type\":\"ListItem\",\"position\":2,\"name\":\"Neuer Manga f\u00fcr das Pok\u00e9mon-Franchise angek\u00fcndigt\"}]},{\"@type\":\"WebSite\",\"@id\":\"https:\/\/phanimenal.de\/#website\",\"url\":\"https:\/\/phanimenal.de\/\",\"name\":\"Phanimenal - T\u00e4glich interessante Anime News und Gaming News\",\"description\":\"Auf Phanimenal findest du die aktuellsten Anime-News aus Japan und Deutschland\",\"publisher\":{\"@id\":\"https:\/\/phanimenal.de\/#organization\"},\"potentialAction\":[{\"@type\":\"SearchAction\",\"target\":{\"@type\":\"EntryPoint\",\"urlTemplate\":\"https:\/\/phanimenal.de\/?s={search_term_string}\"},\"query-input\":\"required name=search_term_string\"}],\"inLanguage\":\"de\"},{\"@type\":\"Organization\",\"@id\":\"https:\/\/phanimenal.de\/#organization\",\"name\":\"Phanimenal\",\"url\":\"https:\/\/phanimenal.de\/\",\"logo\":{\"@type\":\"ImageObject\",\"inLanguage\":\"de\",\"@id\":\"https:\/\/phanimenal.de\/#\/schema\/logo\/image\/\",\"url\":\"https:\/\/phanimenal.de\/wp-content\/uploads\/\/2016\/04\/logo.png\",\"contentUrl\":\"https:\/\/phanimenal.de\/wp-content\/uploads\/\/2016\/04\/logo.png\",\"width\":170,\"height\":70,\"caption\":\"Phanimenal\"},\"image\":{\"@id\":\"https:\/\/phanimenal.de\/#\/schema\/logo\/image\/\"},\"sameAs\":[\"https:\/\/www.facebook.com\/phanimenal\",\"https:\/\/www.instagram.com\/phanimenal\",\"https:\/\/www.youtube.com\/channel\/UCbK_Z9H_JoD0sWZeb2guVxw\"]},{\"@type\":\"Person\",\"@id\":\"https:\/\/phanimenal.de\/#\/schema\/person\/9ae1ecc2c1c2ee5e36b50979d58c3dbb\",\"name\":\"DT\",\"image\":{\"@type\":\"ImageObject\",\"inLanguage\":\"de\",\"@id\":\"https:\/\/phanimenal.de\/#\/schema\/person\/image\/\",\"url\":\"https:\/\/secure.gravatar.com\/avatar\/8dcc4e3662b2f6f1961ea6e41f9f18a9?s=96&d=mm&r=g\",\"contentUrl\":\"https:\/\/secure.gravatar.com\/avatar\/8dcc4e3662b2f6f1961ea6e41f9f18a9?s=96&d=mm&r=g\",\"caption\":\"DT\"},\"url\":\"https:\/\/phanimenal.de\/index.php\/author\/dt\/\"}]}<\/script>\n<!-- \/ Yoast SEO Premium plugin. -->","yoast_head_json":{"title":"Neuer Manga f\u00fcr das Pok\u00e9mon-Franchise angek\u00fcndigt - Phanimenal - T\u00e4glich interessante Anime News und Gaming News","robots":{"index":"index","follow":"follow","max-snippet":"max-snippet:-1","max-image-preview":"max-image-preview:large","max-video-preview":"max-video-preview:-1"},"canonical":"https:\/\/phanimenal.de\/index.php\/2019\/10\/15\/neuer-manga-fuer-das-pokemon-franchise-angekuendigt\/","og_locale":"de_DE","og_type":"article","og_title":"Neuer Manga f\u00fcr das Pok\u00e9mon-Franchise angek\u00fcndigt","og_description":"Pok\u00e9mon","og_url":"https:\/\/phanimenal.de\/index.php\/2019\/10\/15\/neuer-manga-fuer-das-pokemon-franchise-angekuendigt\/","og_site_name":"Phanimenal - T\u00e4glich interessante Anime News und Gaming News","article_publisher":"https:\/\/www.facebook.com\/phanimenal","article_published_time":"2019-10-15T18:59:15+00:00","og_image":[{"width":998,"height":565,"url":"https:\/\/phanimenal.de\/wp-content\/uploads\/\/aninews255-1.jpg","type":"image\/jpeg"}],"author":"DT","twitter_misc":{"Verfasst von":"DT","Gesch\u00e4tzte Lesezeit":"1\u00a0Minute"},"schema":{"@context":"https:\/\/schema.org","@graph":[{"@type":"Article","@id":"https:\/\/phanimenal.de\/index.php\/2019\/10\/15\/neuer-manga-fuer-das-pokemon-franchise-angekuendigt\/#article","isPartOf":{"@id":"https:\/\/phanimenal.de\/index.php\/2019\/10\/15\/neuer-manga-fuer-das-pokemon-franchise-angekuendigt\/"},"author":{"name":"DT","@id":"https:\/\/phanimenal.de\/#\/schema\/person\/9ae1ecc2c1c2ee5e36b50979d58c3dbb"},"headline":"Neuer Manga f\u00fcr das Pok\u00e9mon-Franchise angek\u00fcndigt","datePublished":"2019-10-15T18:59:15+00:00","dateModified":"2019-10-15T18:59:15+00:00","mainEntityOfPage":{"@id":"https:\/\/phanimenal.de\/index.php\/2019\/10\/15\/neuer-manga-fuer-das-pokemon-franchise-angekuendigt\/"},"wordCount":209,"publisher":{"@id":"https:\/\/phanimenal.de\/#organization"},"keywords":["Pok\u00e9mon"],"articleSection":["Anime"],"inLanguage":"de","copyrightYear":"2019","copyrightHolder":{"@id":"https:\/\/phanimenal.de\/#organization"}},{"@type":"WebPage","@id":"https:\/\/phanimenal.de\/index.php\/2019\/10\/15\/neuer-manga-fuer-das-pokemon-franchise-angekuendigt\/","url":"https:\/\/phanimenal.de\/index.php\/2019\/10\/15\/neuer-manga-fuer-das-pokemon-franchise-angekuendigt\/","name":"Neuer Manga f\u00fcr das Pok\u00e9mon-Franchise angek\u00fcndigt - Phanimenal - T\u00e4glich interessante Anime News und Gaming News","isPartOf":{"@id":"https:\/\/phanimenal.de\/#website"},"datePublished":"2019-10-15T18:59:15+00:00","dateModified":"2019-10-15T18:59:15+00:00","breadcrumb":{"@id":"https:\/\/phanimenal.de\/index.php\/2019\/10\/15\/neuer-manga-fuer-das-pokemon-franchise-angekuendigt\/#breadcrumb"},"inLanguage":"de","potentialAction":[{"@type":"ReadAction","target":["https:\/\/phanimenal.de\/index.php\/2019\/10\/15\/neuer-manga-fuer-das-pokemon-franchise-angekuendigt\/"]}]},{"@type":"BreadcrumbList","@id":"https:\/\/phanimenal.de\/index.php\/2019\/10\/15\/neuer-manga-fuer-das-pokemon-franchise-angekuendigt\/#breadcrumb","itemListElement":[{"@type":"ListItem","position":1,"name":"Startseite","item":"https:\/\/phanimenal.de\/"},{"@type":"ListItem","position":2,"name":"Neuer Manga f\u00fcr das Pok\u00e9mon-Franchise angek\u00fcndigt"}]},{"@type":"WebSite","@id":"https:\/\/phanimenal.de\/#website","url":"https:\/\/phanimenal.de\/","name":"Phanimenal - T\u00e4glich interessante Anime News und Gaming News","description":"Auf Phanimenal findest du die aktuellsten Anime-News aus Japan und Deutschland","publisher":{"@id":"https:\/\/phanimenal.de\/#organization"},"potentialAction":[{"@type":"SearchAction","target":{"@type":"EntryPoint","urlTemplate":"https:\/\/phanimenal.de\/?s={search_term_string}"},"query-input":"required name=search_term_string"}],"inLanguage":"de"},{"@type":"Organization","@id":"https:\/\/phanimenal.de\/#organization","name":"Phanimenal","url":"https:\/\/phanimenal.de\/","logo":{"@type":"ImageObject","inLanguage":"de","@id":"https:\/\/phanimenal.de\/#\/schema\/logo\/image\/","url":"https:\/\/phanimenal.de\/wp-content\/uploads\/\/2016\/04\/logo.png","contentUrl":"https:\/\/phanimenal.de\/wp-content\/uploads\/\/2016\/04\/logo.png","width":170,"height":70,"caption":"Phanimenal"},"image":{"@id":"https:\/\/phanimenal.de\/#\/schema\/logo\/image\/"},"sameAs":["https:\/\/www.facebook.com\/phanimenal","https:\/\/www.instagram.com\/phanimenal","https:\/\/www.youtube.com\/channel\/UCbK_Z9H_JoD0sWZeb2guVxw"]},{"@type":"Person","@id":"https:\/\/phanimenal.de\/#\/schema\/person\/9ae1ecc2c1c2ee5e36b50979d58c3dbb","name":"DT","image":{"@type":"ImageObject","inLanguage":"de","@id":"https:\/\/phanimenal.de\/#\/schema\/person\/image\/","url":"https:\/\/secure.gravatar.com\/avatar\/8dcc4e3662b2f6f1961ea6e41f9f18a9?s=96&d=mm&r=g","contentUrl":"https:\/\/secure.gravatar.com\/avatar\/8dcc4e3662b2f6f1961ea6e41f9f18a9?s=96&d=mm&r=g","caption":"DT"},"url":"https:\/\/phanimenal.de\/index.php\/author\/dt\/"}]}},"jetpack_featured_media_url":"https:\/\/phanimenal.de\/wp-content\/uploads\/\/aninews255-1.jpg","_links":{"self":[{"href":"https:\/\/phanimenal.de\/index.php\/wp-json\/wp\/v2\/posts\/8779"}],"collection":[{"href":"https:\/\/phanimenal.de\/index.php\/wp-json\/wp\/v2\/posts"}],"about":[{"href":"https:\/\/phanimenal.de\/index.php\/wp-json\/wp\/v2\/types\/post"}],"author":[{"embeddable":true,"href":"https:\/\/phanimenal.de\/index.php\/wp-json\/wp\/v2\/users\/10"}],"replies":[{"embeddable":true,"href":"https:\/\/phanimenal.de\/index.php\/wp-json\/wp\/v2\/comments?post=8779"}],"version-history":[{"count":1,"href":"https:\/\/phanimenal.de\/index.php\/wp-json\/wp\/v2\/posts\/8779\/revisions"}],"predecessor-version":[{"id":8782,"href":"https:\/\/phanimenal.de\/index.php\/wp-json\/wp\/v2\/posts\/8779\/revisions\/8782"}],"wp:featuredmedia":[{"embeddable":true,"href":"https:\/\/phanimenal.de\/index.php\/wp-json\/wp\/v2\/media\/8781"}],"wp:attachment":[{"href":"https:\/\/phanimenal.de\/index.php\/wp-json\/wp\/v2\/media?parent=8779"}],"wp:term":[{"taxonomy":"category","embeddable":true,"href":"https:\/\/phanimenal.de\/index.php\/wp-json\/wp\/v2\/categories?post=8779"},{"taxonomy":"post_tag","embeddable":true,"href":"https:\/\/phanimenal.de\/index.php\/wp-json\/wp\/v2\/tags?post=8779"}],"curies":[{"name":"wp","href":"https:\/\/api.w.org\/{rel}","templated":true}]}}