{"id":8907,"date":"2019-12-22T23:43:07","date_gmt":"2019-12-22T22:43:07","guid":{"rendered":"https:\/\/phanimenal.de\/?p=8907"},"modified":"2019-12-22T23:43:07","modified_gmt":"2019-12-22T22:43:07","slug":"erstes-visual-zur-5-staffel-von-food-wars-veroeffentlicht","status":"publish","type":"post","link":"https:\/\/phanimenal.de\/index.php\/2019\/12\/22\/erstes-visual-zur-5-staffel-von-food-wars-veroeffentlicht\/","title":{"rendered":"Erstes Visual zur 5. Staffel von Food Wars ver\u00f6ffentlicht"},"content":{"rendered":"<h2 style=\"text-align: center;\">Food Wars Staffel 5<\/h2>\n<p>Es wurde vor Kurzem auf der offiziellen Webseite von <strong>Food Wars! Shokugeki no Soma\u00a0<\/strong>ein erstes Visual zur kommenden Staffel ver\u00f6ffentlicht. Die f\u00fcnfte Staffel wird n\u00e4mlich den Titel <strong>Shokugeki no Soma: G\u014d no Sara\u00a0<\/strong>tragen und ab April 2020 in <a href=\"https:\/\/phanimenal.de\/?s=Japan\">Japan<\/a> starten.<\/p>\n<p><strong>Handlung<\/strong><\/p>\n<p>Es handelt sich um einen jungen Koch namens Soma Yukihira, der eines Tages gut kochen m\u00f6chte, um das Restaurant seines Vaters zu \u00fcbernehmen. Doch als er die Mittelschule beendet, schlie\u00dft sein Vater sein Restaurant und fordert Soma auf, sich an der Totsuki Academy anzumelden.<\/p>\n<p>Die Totsuki Academy ist eine Elite-Kochschule, an der nur ein Prozent der Sch\u00fcler tats\u00e4chlich ihren Abschluss schaffen. Um in der Schule zu \u00fcberleben und nicht abgewiesen zu werden, muss sich Soma gegen jeden Koch stellen, der ihm im Weg steht.<\/p>\n<p>Hier k\u00f6nnt ihr euch das Visual ansehen:<\/p>\n<figure id=\"attachment_8908\" aria-describedby=\"caption-attachment-8908\" style=\"width: 1200px\" class=\"wp-caption aligncenter\"><img decoding=\"async\" loading=\"lazy\" class=\"wp-image-8908 size-full\" src=\"https:\/\/phanimenal.de\/wp-content\/uploads\/5dcfb0a13efa8a0371c6a11ef1902965e4d24c1e8c120f7ba7044ea89c997ef7aec18ce0b845aaefc271a869d044d603eb67ab8b505e3b745bcce693bdf2c23e.jpg\" alt=\"\" width=\"1200\" height=\"851\" srcset=\"https:\/\/phanimenal.de\/wp-content\/uploads\/5dcfb0a13efa8a0371c6a11ef1902965e4d24c1e8c120f7ba7044ea89c997ef7aec18ce0b845aaefc271a869d044d603eb67ab8b505e3b745bcce693bdf2c23e.jpg 1200w, https:\/\/phanimenal.de\/wp-content\/uploads\/5dcfb0a13efa8a0371c6a11ef1902965e4d24c1e8c120f7ba7044ea89c997ef7aec18ce0b845aaefc271a869d044d603eb67ab8b505e3b745bcce693bdf2c23e-300x213.jpg 300w, https:\/\/phanimenal.de\/wp-content\/uploads\/5dcfb0a13efa8a0371c6a11ef1902965e4d24c1e8c120f7ba7044ea89c997ef7aec18ce0b845aaefc271a869d044d603eb67ab8b505e3b745bcce693bdf2c23e-1024x726.jpg 1024w, https:\/\/phanimenal.de\/wp-content\/uploads\/5dcfb0a13efa8a0371c6a11ef1902965e4d24c1e8c120f7ba7044ea89c997ef7aec18ce0b845aaefc271a869d044d603eb67ab8b505e3b745bcce693bdf2c23e-768x545.jpg 768w\" sizes=\"(max-width: 1200px) 100vw, 1200px\" \/><figcaption id=\"caption-attachment-8908\" class=\"wp-caption-text\">Shokugeki no Soma: G\u014d no Sara<\/figcaption><\/figure>\n","protected":false},"excerpt":{"rendered":"<p>Food Wars Staffel 5 Es wurde vor Kurzem auf der offiziellen Webseite von Food Wars! Shokugeki no Soma\u00a0ein erstes Visual<\/p>\n","protected":false},"author":10,"featured_media":8357,"comment_status":"closed","ping_status":"closed","sticky":false,"template":"","format":"standard","meta":[],"categories":[2],"tags":[425,335],"yoast_head":"<!-- This site is optimized with the Yoast SEO Premium plugin v20.2.1 (Yoast SEO v20.2.1) - https:\/\/yoast.com\/wordpress\/plugins\/seo\/ -->\n<title>Erstes Visual zur 5. Staffel von Food Wars ver\u00f6ffentlicht - Phanimenal - T\u00e4glich interessante Anime News und Gaming News<\/title>\n<meta name=\"robots\" content=\"index, follow, max-snippet:-1, max-image-preview:large, max-video-preview:-1\" \/>\n<link rel=\"canonical\" href=\"https:\/\/phanimenal.de\/index.php\/2019\/12\/22\/erstes-visual-zur-5-staffel-von-food-wars-veroeffentlicht\/\" \/>\n<meta property=\"og:locale\" content=\"de_DE\" \/>\n<meta property=\"og:type\" content=\"article\" \/>\n<meta property=\"og:title\" content=\"Erstes Visual zur 5. Staffel von Food Wars! ver\u00f6ffentlicht\" \/>\n<meta property=\"og:description\" content=\"Food Wars! Shokugeki no Soma\" \/>\n<meta property=\"og:url\" content=\"https:\/\/phanimenal.de\/index.php\/2019\/12\/22\/erstes-visual-zur-5-staffel-von-food-wars-veroeffentlicht\/\" \/>\n<meta property=\"og:site_name\" content=\"Phanimenal - T\u00e4glich interessante Anime News und Gaming News\" \/>\n<meta property=\"article:publisher\" content=\"https:\/\/www.facebook.com\/phanimenal\" \/>\n<meta property=\"article:published_time\" content=\"2019-12-22T22:43:07+00:00\" \/>\n<meta property=\"og:image\" content=\"https:\/\/phanimenal.de\/wp-content\/uploads\/\/aninews226-1.jpg\" \/>\n\t<meta property=\"og:image:width\" content=\"998\" \/>\n\t<meta property=\"og:image:height\" content=\"565\" \/>\n\t<meta property=\"og:image:type\" content=\"image\/jpeg\" \/>\n<meta name=\"author\" content=\"DT\" \/>\n<meta name=\"twitter:label1\" content=\"Verfasst von\" \/>\n\t<meta name=\"twitter:data1\" content=\"DT\" \/>\n\t<meta name=\"twitter:label2\" content=\"Gesch\u00e4tzte Lesezeit\" \/>\n\t<meta name=\"twitter:data2\" content=\"1\u00a0Minute\" \/>\n<script type=\"application\/ld+json\" class=\"yoast-schema-graph\">{\"@context\":\"https:\/\/schema.org\",\"@graph\":[{\"@type\":\"Article\",\"@id\":\"https:\/\/phanimenal.de\/index.php\/2019\/12\/22\/erstes-visual-zur-5-staffel-von-food-wars-veroeffentlicht\/#article\",\"isPartOf\":{\"@id\":\"https:\/\/phanimenal.de\/index.php\/2019\/12\/22\/erstes-visual-zur-5-staffel-von-food-wars-veroeffentlicht\/\"},\"author\":{\"name\":\"DT\",\"@id\":\"https:\/\/phanimenal.de\/#\/schema\/person\/9ae1ecc2c1c2ee5e36b50979d58c3dbb\"},\"headline\":\"Erstes Visual zur 5. Staffel von Food Wars ver\u00f6ffentlicht\",\"datePublished\":\"2019-12-22T22:43:07+00:00\",\"dateModified\":\"2019-12-22T22:43:07+00:00\",\"mainEntityOfPage\":{\"@id\":\"https:\/\/phanimenal.de\/index.php\/2019\/12\/22\/erstes-visual-zur-5-staffel-von-food-wars-veroeffentlicht\/\"},\"wordCount\":166,\"publisher\":{\"@id\":\"https:\/\/phanimenal.de\/#organization\"},\"keywords\":[\"food wars\",\"Shokugeki no Soma\"],\"articleSection\":[\"Anime\"],\"inLanguage\":\"de\",\"copyrightYear\":\"2019\",\"copyrightHolder\":{\"@id\":\"https:\/\/phanimenal.de\/#organization\"}},{\"@type\":\"WebPage\",\"@id\":\"https:\/\/phanimenal.de\/index.php\/2019\/12\/22\/erstes-visual-zur-5-staffel-von-food-wars-veroeffentlicht\/\",\"url\":\"https:\/\/phanimenal.de\/index.php\/2019\/12\/22\/erstes-visual-zur-5-staffel-von-food-wars-veroeffentlicht\/\",\"name\":\"Erstes Visual zur 5. Staffel von Food Wars ver\u00f6ffentlicht - Phanimenal - T\u00e4glich interessante Anime News und Gaming News\",\"isPartOf\":{\"@id\":\"https:\/\/phanimenal.de\/#website\"},\"datePublished\":\"2019-12-22T22:43:07+00:00\",\"dateModified\":\"2019-12-22T22:43:07+00:00\",\"breadcrumb\":{\"@id\":\"https:\/\/phanimenal.de\/index.php\/2019\/12\/22\/erstes-visual-zur-5-staffel-von-food-wars-veroeffentlicht\/#breadcrumb\"},\"inLanguage\":\"de\",\"potentialAction\":[{\"@type\":\"ReadAction\",\"target\":[\"https:\/\/phanimenal.de\/index.php\/2019\/12\/22\/erstes-visual-zur-5-staffel-von-food-wars-veroeffentlicht\/\"]}]},{\"@type\":\"BreadcrumbList\",\"@id\":\"https:\/\/phanimenal.de\/index.php\/2019\/12\/22\/erstes-visual-zur-5-staffel-von-food-wars-veroeffentlicht\/#breadcrumb\",\"itemListElement\":[{\"@type\":\"ListItem\",\"position\":1,\"name\":\"Startseite\",\"item\":\"https:\/\/phanimenal.de\/\"},{\"@type\":\"ListItem\",\"position\":2,\"name\":\"Erstes Visual zur 5. Staffel von Food Wars ver\u00f6ffentlicht\"}]},{\"@type\":\"WebSite\",\"@id\":\"https:\/\/phanimenal.de\/#website\",\"url\":\"https:\/\/phanimenal.de\/\",\"name\":\"Phanimenal - T\u00e4glich interessante Anime News und Gaming News\",\"description\":\"Auf Phanimenal findest du die aktuellsten Anime-News aus Japan und Deutschland\",\"publisher\":{\"@id\":\"https:\/\/phanimenal.de\/#organization\"},\"potentialAction\":[{\"@type\":\"SearchAction\",\"target\":{\"@type\":\"EntryPoint\",\"urlTemplate\":\"https:\/\/phanimenal.de\/?s={search_term_string}\"},\"query-input\":\"required name=search_term_string\"}],\"inLanguage\":\"de\"},{\"@type\":\"Organization\",\"@id\":\"https:\/\/phanimenal.de\/#organization\",\"name\":\"Phanimenal\",\"url\":\"https:\/\/phanimenal.de\/\",\"logo\":{\"@type\":\"ImageObject\",\"inLanguage\":\"de\",\"@id\":\"https:\/\/phanimenal.de\/#\/schema\/logo\/image\/\",\"url\":\"https:\/\/phanimenal.de\/wp-content\/uploads\/\/2016\/04\/logo.png\",\"contentUrl\":\"https:\/\/phanimenal.de\/wp-content\/uploads\/\/2016\/04\/logo.png\",\"width\":170,\"height\":70,\"caption\":\"Phanimenal\"},\"image\":{\"@id\":\"https:\/\/phanimenal.de\/#\/schema\/logo\/image\/\"},\"sameAs\":[\"https:\/\/www.facebook.com\/phanimenal\",\"https:\/\/www.instagram.com\/phanimenal\",\"https:\/\/www.youtube.com\/channel\/UCbK_Z9H_JoD0sWZeb2guVxw\"]},{\"@type\":\"Person\",\"@id\":\"https:\/\/phanimenal.de\/#\/schema\/person\/9ae1ecc2c1c2ee5e36b50979d58c3dbb\",\"name\":\"DT\",\"image\":{\"@type\":\"ImageObject\",\"inLanguage\":\"de\",\"@id\":\"https:\/\/phanimenal.de\/#\/schema\/person\/image\/\",\"url\":\"https:\/\/secure.gravatar.com\/avatar\/8dcc4e3662b2f6f1961ea6e41f9f18a9?s=96&d=mm&r=g\",\"contentUrl\":\"https:\/\/secure.gravatar.com\/avatar\/8dcc4e3662b2f6f1961ea6e41f9f18a9?s=96&d=mm&r=g\",\"caption\":\"DT\"},\"url\":\"https:\/\/phanimenal.de\/index.php\/author\/dt\/\"}]}<\/script>\n<!-- \/ Yoast SEO Premium plugin. -->","yoast_head_json":{"title":"Erstes Visual zur 5. Staffel von Food Wars ver\u00f6ffentlicht - Phanimenal - T\u00e4glich interessante Anime News und Gaming News","robots":{"index":"index","follow":"follow","max-snippet":"max-snippet:-1","max-image-preview":"max-image-preview:large","max-video-preview":"max-video-preview:-1"},"canonical":"https:\/\/phanimenal.de\/index.php\/2019\/12\/22\/erstes-visual-zur-5-staffel-von-food-wars-veroeffentlicht\/","og_locale":"de_DE","og_type":"article","og_title":"Erstes Visual zur 5. Staffel von Food Wars! ver\u00f6ffentlicht","og_description":"Food Wars! Shokugeki no Soma","og_url":"https:\/\/phanimenal.de\/index.php\/2019\/12\/22\/erstes-visual-zur-5-staffel-von-food-wars-veroeffentlicht\/","og_site_name":"Phanimenal - T\u00e4glich interessante Anime News und Gaming News","article_publisher":"https:\/\/www.facebook.com\/phanimenal","article_published_time":"2019-12-22T22:43:07+00:00","og_image":[{"width":998,"height":565,"url":"https:\/\/phanimenal.de\/wp-content\/uploads\/\/aninews226-1.jpg","type":"image\/jpeg"}],"author":"DT","twitter_misc":{"Verfasst von":"DT","Gesch\u00e4tzte Lesezeit":"1\u00a0Minute"},"schema":{"@context":"https:\/\/schema.org","@graph":[{"@type":"Article","@id":"https:\/\/phanimenal.de\/index.php\/2019\/12\/22\/erstes-visual-zur-5-staffel-von-food-wars-veroeffentlicht\/#article","isPartOf":{"@id":"https:\/\/phanimenal.de\/index.php\/2019\/12\/22\/erstes-visual-zur-5-staffel-von-food-wars-veroeffentlicht\/"},"author":{"name":"DT","@id":"https:\/\/phanimenal.de\/#\/schema\/person\/9ae1ecc2c1c2ee5e36b50979d58c3dbb"},"headline":"Erstes Visual zur 5. Staffel von Food Wars ver\u00f6ffentlicht","datePublished":"2019-12-22T22:43:07+00:00","dateModified":"2019-12-22T22:43:07+00:00","mainEntityOfPage":{"@id":"https:\/\/phanimenal.de\/index.php\/2019\/12\/22\/erstes-visual-zur-5-staffel-von-food-wars-veroeffentlicht\/"},"wordCount":166,"publisher":{"@id":"https:\/\/phanimenal.de\/#organization"},"keywords":["food wars","Shokugeki no Soma"],"articleSection":["Anime"],"inLanguage":"de","copyrightYear":"2019","copyrightHolder":{"@id":"https:\/\/phanimenal.de\/#organization"}},{"@type":"WebPage","@id":"https:\/\/phanimenal.de\/index.php\/2019\/12\/22\/erstes-visual-zur-5-staffel-von-food-wars-veroeffentlicht\/","url":"https:\/\/phanimenal.de\/index.php\/2019\/12\/22\/erstes-visual-zur-5-staffel-von-food-wars-veroeffentlicht\/","name":"Erstes Visual zur 5. Staffel von Food Wars ver\u00f6ffentlicht - Phanimenal - T\u00e4glich interessante Anime News und Gaming News","isPartOf":{"@id":"https:\/\/phanimenal.de\/#website"},"datePublished":"2019-12-22T22:43:07+00:00","dateModified":"2019-12-22T22:43:07+00:00","breadcrumb":{"@id":"https:\/\/phanimenal.de\/index.php\/2019\/12\/22\/erstes-visual-zur-5-staffel-von-food-wars-veroeffentlicht\/#breadcrumb"},"inLanguage":"de","potentialAction":[{"@type":"ReadAction","target":["https:\/\/phanimenal.de\/index.php\/2019\/12\/22\/erstes-visual-zur-5-staffel-von-food-wars-veroeffentlicht\/"]}]},{"@type":"BreadcrumbList","@id":"https:\/\/phanimenal.de\/index.php\/2019\/12\/22\/erstes-visual-zur-5-staffel-von-food-wars-veroeffentlicht\/#breadcrumb","itemListElement":[{"@type":"ListItem","position":1,"name":"Startseite","item":"https:\/\/phanimenal.de\/"},{"@type":"ListItem","position":2,"name":"Erstes Visual zur 5. Staffel von Food Wars ver\u00f6ffentlicht"}]},{"@type":"WebSite","@id":"https:\/\/phanimenal.de\/#website","url":"https:\/\/phanimenal.de\/","name":"Phanimenal - T\u00e4glich interessante Anime News und Gaming News","description":"Auf Phanimenal findest du die aktuellsten Anime-News aus Japan und Deutschland","publisher":{"@id":"https:\/\/phanimenal.de\/#organization"},"potentialAction":[{"@type":"SearchAction","target":{"@type":"EntryPoint","urlTemplate":"https:\/\/phanimenal.de\/?s={search_term_string}"},"query-input":"required name=search_term_string"}],"inLanguage":"de"},{"@type":"Organization","@id":"https:\/\/phanimenal.de\/#organization","name":"Phanimenal","url":"https:\/\/phanimenal.de\/","logo":{"@type":"ImageObject","inLanguage":"de","@id":"https:\/\/phanimenal.de\/#\/schema\/logo\/image\/","url":"https:\/\/phanimenal.de\/wp-content\/uploads\/\/2016\/04\/logo.png","contentUrl":"https:\/\/phanimenal.de\/wp-content\/uploads\/\/2016\/04\/logo.png","width":170,"height":70,"caption":"Phanimenal"},"image":{"@id":"https:\/\/phanimenal.de\/#\/schema\/logo\/image\/"},"sameAs":["https:\/\/www.facebook.com\/phanimenal","https:\/\/www.instagram.com\/phanimenal","https:\/\/www.youtube.com\/channel\/UCbK_Z9H_JoD0sWZeb2guVxw"]},{"@type":"Person","@id":"https:\/\/phanimenal.de\/#\/schema\/person\/9ae1ecc2c1c2ee5e36b50979d58c3dbb","name":"DT","image":{"@type":"ImageObject","inLanguage":"de","@id":"https:\/\/phanimenal.de\/#\/schema\/person\/image\/","url":"https:\/\/secure.gravatar.com\/avatar\/8dcc4e3662b2f6f1961ea6e41f9f18a9?s=96&d=mm&r=g","contentUrl":"https:\/\/secure.gravatar.com\/avatar\/8dcc4e3662b2f6f1961ea6e41f9f18a9?s=96&d=mm&r=g","caption":"DT"},"url":"https:\/\/phanimenal.de\/index.php\/author\/dt\/"}]}},"jetpack_featured_media_url":"https:\/\/phanimenal.de\/wp-content\/uploads\/\/aninews226-1.jpg","_links":{"self":[{"href":"https:\/\/phanimenal.de\/index.php\/wp-json\/wp\/v2\/posts\/8907"}],"collection":[{"href":"https:\/\/phanimenal.de\/index.php\/wp-json\/wp\/v2\/posts"}],"about":[{"href":"https:\/\/phanimenal.de\/index.php\/wp-json\/wp\/v2\/types\/post"}],"author":[{"embeddable":true,"href":"https:\/\/phanimenal.de\/index.php\/wp-json\/wp\/v2\/users\/10"}],"replies":[{"embeddable":true,"href":"https:\/\/phanimenal.de\/index.php\/wp-json\/wp\/v2\/comments?post=8907"}],"version-history":[{"count":1,"href":"https:\/\/phanimenal.de\/index.php\/wp-json\/wp\/v2\/posts\/8907\/revisions"}],"predecessor-version":[{"id":8909,"href":"https:\/\/phanimenal.de\/index.php\/wp-json\/wp\/v2\/posts\/8907\/revisions\/8909"}],"wp:featuredmedia":[{"embeddable":true,"href":"https:\/\/phanimenal.de\/index.php\/wp-json\/wp\/v2\/media\/8357"}],"wp:attachment":[{"href":"https:\/\/phanimenal.de\/index.php\/wp-json\/wp\/v2\/media?parent=8907"}],"wp:term":[{"taxonomy":"category","embeddable":true,"href":"https:\/\/phanimenal.de\/index.php\/wp-json\/wp\/v2\/categories?post=8907"},{"taxonomy":"post_tag","embeddable":true,"href":"https:\/\/phanimenal.de\/index.php\/wp-json\/wp\/v2\/tags?post=8907"}],"curies":[{"name":"wp","href":"https:\/\/api.w.org\/{rel}","templated":true}]}}