{"id":9334,"date":"2020-05-28T15:13:06","date_gmt":"2020-05-28T13:13:06","guid":{"rendered":"https:\/\/phanimenal.de\/?p=9334"},"modified":"2020-05-28T16:59:39","modified_gmt":"2020-05-28T14:59:39","slug":"the-seven-deadly-sins-4-staffel-aufgrund-von-corona-verschoben","status":"publish","type":"post","link":"https:\/\/phanimenal.de\/index.php\/2020\/05\/28\/the-seven-deadly-sins-4-staffel-aufgrund-von-corona-verschoben\/","title":{"rendered":"The Seven Deadly Sins &#8211; 4. Staffel aufgrund von Corona verschoben"},"content":{"rendered":"<h2 style=\"text-align: center;\">4. Staffel verschoben<\/h2>\n<p>Es wurde vor Kurzem auf der offiziellen Webseite von <strong><a href=\"https:\/\/phanimenal.de\/?s=The+Seven+Deadly+Sins\">The Seven Deadly Sins<\/a><\/strong> bekannt gegeben, dass die kommende vierte Staffel der Anime-Serie aufgrund der aktuellen Coronakrise verschoben wird. Urspr\u00fcnglich war der Start der neuen Staffel, die den Titel<strong> The Seven Deadly Sins: Anger&#8217;s Judgement<\/strong> (jap.: Nanatsu no Taizai: Fundo no Shinpan) tr\u00e4gt, f\u00fcr den Oktober 2020 geplant. Die offizielle Webseite und der Twitter-Account des Animes werden einen neuen Starttermin enth\u00fcllen, sobald dieser feststeht.<\/p>\n<h2 style=\"text-align: center;\"><a href=\"https:\/\/phanimenal.de\/?s=Netflix\">Netflix<\/a>-Termin der 3. Staffel<\/h2>\n<p>Zuvor gab Netflix bereits bekannt, wann sie die dritte Staffel von <strong>The Seven Deadly Sins<\/strong> (jap.: Nanatsu no Taizai) in ihr Programm aufnehmen wird. Demnach wird die dritte Staffel, die den Titel &#8222;Wrath of Gods&#8220; tr\u00e4gt, ab Juli 2020 zur Verf\u00fcgung gestellt. Einen genauen Tag oder wie viele Episoden abrufbar sein werden, wurde bisher nicht enth\u00fcllt.<\/p>\n<h2 style=\"text-align: center;\">Neuer Manga von Nakaba Suzuki<\/h2>\n<p>Suzuki verk\u00fcndete bereits, dass er im Moment an einem neuen Manga arbeitet und plant au\u00dferdem nach dem Start seines neuen Mangas Nebengeschichten zu den Charakteren von The Seven Deadly Sins zu ver\u00f6ffentlichen, die bislang noch keine erhalten haben. Es wurde jedoch bisher nicht bekannt gegeben, wann dies der Fall sein wird.<\/p>\n<p>Das Magazin gab zuvor schon im Mai bekannt, dass das 315. Kapitel, das den Titel &#8222;Farewell, &#8218;The Seven Deadly Sins'&#8220; tr\u00e4gt, den H\u00f6hepunkt des Mangas auszeichnen soll, jedoch wurde der Manga fortgesetzt. Im August 2018 meinte Suzuki in einem Interview mit Kadokawa&#8217;s Da Vinci-Magazin, dass er plant, den Manga in ungef\u00e4hr einem Jahr, nach ungef\u00e4hr 40 B\u00e4nden, zu beenden. Er gibt an, dass er das Ende schon seit Beginn des Mangas geplant hat und er m\u00f6chte der Reihe ein Ende geben, das eines Shonen-Magazins w\u00fcrdig ist.<\/p>\n<p><strong>Promo-Video zur dritten Staffel:<\/strong><\/p>\n<div class=\"lyte-wrapper fourthree\" style=\"width:420px;max-width:100%;margin:5px;\"><div class=\"lyMe\" id=\"WYL_KouDTbLt6WM\"><div id=\"lyte_KouDTbLt6WM\" data-src=\"\/\/i.ytimg.com\/vi\/KouDTbLt6WM\/hqdefault.jpg\" class=\"pL\"><div class=\"tC\"><div class=\"tT\"><\/div><\/div><div class=\"play\"><\/div><div class=\"ctrl\"><div class=\"Lctrl\"><\/div><div class=\"Rctrl\"><\/div><\/div><\/div><noscript><a href=\"https:\/\/youtu.be\/KouDTbLt6WM\" rel=\"nofollow\"><img src=\"https:\/\/i.ytimg.com\/vi\/KouDTbLt6WM\/0.jpg\" alt=\"YouTube-Video-Thumbnail\" width=\"420\" height=\"295\" \/><br \/>Dieses Video auf YouTube ansehen<\/a><\/noscript><\/div><\/div><div class=\"lL\" style=\"max-width:100%;width:420px;margin:5px;\"><\/div><\/p>\n<p>Quelle: ANN<\/p>\n","protected":false},"excerpt":{"rendered":"<p>4. Staffel verschoben Es wurde vor Kurzem auf der offiziellen Webseite von <a href=\"https:\/\/phanimenal.de\/?s=The+Seven+Deadly+Sins\">The Seven Deadly Sins<\/a> bekannt gegeben, dass die<\/p>\n","protected":false},"author":10,"featured_media":9337,"comment_status":"closed","ping_status":"closed","sticky":false,"template":"","format":"standard","meta":[],"categories":[2],"tags":[357,358],"yoast_head":"<!-- This site is optimized with the Yoast SEO Premium plugin v20.2.1 (Yoast SEO v20.2.1) - https:\/\/yoast.com\/wordpress\/plugins\/seo\/ -->\n<title>The Seven Deadly Sins - 4. Staffel aufgrund von Corona verschoben - Phanimenal - T\u00e4glich interessante Anime News und Gaming News<\/title>\n<meta name=\"robots\" content=\"index, follow, max-snippet:-1, max-image-preview:large, max-video-preview:-1\" \/>\n<link rel=\"canonical\" href=\"https:\/\/phanimenal.de\/index.php\/2020\/05\/28\/the-seven-deadly-sins-4-staffel-aufgrund-von-corona-verschoben\/\" \/>\n<meta property=\"og:locale\" content=\"de_DE\" \/>\n<meta property=\"og:type\" content=\"article\" \/>\n<meta property=\"og:title\" content=\"The Seven Deadly Sins - 4. Staffel aufgrund von Corona verschoben\" \/>\n<meta property=\"og:description\" content=\"The Seven Deadly Sins\" \/>\n<meta property=\"og:url\" content=\"https:\/\/phanimenal.de\/index.php\/2020\/05\/28\/the-seven-deadly-sins-4-staffel-aufgrund-von-corona-verschoben\/\" \/>\n<meta property=\"og:site_name\" content=\"Phanimenal - T\u00e4glich interessante Anime News und Gaming News\" \/>\n<meta property=\"article:publisher\" content=\"https:\/\/www.facebook.com\/phanimenal\" \/>\n<meta property=\"article:published_time\" content=\"2020-05-28T13:13:06+00:00\" \/>\n<meta property=\"article:modified_time\" content=\"2020-05-28T14:59:39+00:00\" \/>\n<meta property=\"og:image\" content=\"https:\/\/phanimenal.de\/wp-content\/uploads\/\/aninews312.jpg\" \/>\n\t<meta property=\"og:image:width\" content=\"998\" \/>\n\t<meta property=\"og:image:height\" content=\"565\" \/>\n\t<meta property=\"og:image:type\" content=\"image\/jpeg\" \/>\n<meta name=\"author\" content=\"DT\" \/>\n<meta name=\"twitter:label1\" content=\"Verfasst von\" \/>\n\t<meta name=\"twitter:data1\" content=\"DT\" \/>\n\t<meta name=\"twitter:label2\" content=\"Gesch\u00e4tzte Lesezeit\" \/>\n\t<meta name=\"twitter:data2\" content=\"1\u00a0Minute\" \/>\n<script type=\"application\/ld+json\" class=\"yoast-schema-graph\">{\"@context\":\"https:\/\/schema.org\",\"@graph\":[{\"@type\":\"Article\",\"@id\":\"https:\/\/phanimenal.de\/index.php\/2020\/05\/28\/the-seven-deadly-sins-4-staffel-aufgrund-von-corona-verschoben\/#article\",\"isPartOf\":{\"@id\":\"https:\/\/phanimenal.de\/index.php\/2020\/05\/28\/the-seven-deadly-sins-4-staffel-aufgrund-von-corona-verschoben\/\"},\"author\":{\"name\":\"DT\",\"@id\":\"https:\/\/phanimenal.de\/#\/schema\/person\/9ae1ecc2c1c2ee5e36b50979d58c3dbb\"},\"headline\":\"The Seven Deadly Sins &#8211; 4. Staffel aufgrund von Corona verschoben\",\"datePublished\":\"2020-05-28T13:13:06+00:00\",\"dateModified\":\"2020-05-28T14:59:39+00:00\",\"mainEntityOfPage\":{\"@id\":\"https:\/\/phanimenal.de\/index.php\/2020\/05\/28\/the-seven-deadly-sins-4-staffel-aufgrund-von-corona-verschoben\/\"},\"wordCount\":306,\"publisher\":{\"@id\":\"https:\/\/phanimenal.de\/#organization\"},\"keywords\":[\"Nanatsu no Taizai\",\"Seven deadly sins\"],\"articleSection\":[\"Anime\"],\"inLanguage\":\"de\",\"copyrightYear\":\"2020\",\"copyrightHolder\":{\"@id\":\"https:\/\/phanimenal.de\/#organization\"}},{\"@type\":\"WebPage\",\"@id\":\"https:\/\/phanimenal.de\/index.php\/2020\/05\/28\/the-seven-deadly-sins-4-staffel-aufgrund-von-corona-verschoben\/\",\"url\":\"https:\/\/phanimenal.de\/index.php\/2020\/05\/28\/the-seven-deadly-sins-4-staffel-aufgrund-von-corona-verschoben\/\",\"name\":\"The Seven Deadly Sins - 4. Staffel aufgrund von Corona verschoben - Phanimenal - T\u00e4glich interessante Anime News und Gaming News\",\"isPartOf\":{\"@id\":\"https:\/\/phanimenal.de\/#website\"},\"datePublished\":\"2020-05-28T13:13:06+00:00\",\"dateModified\":\"2020-05-28T14:59:39+00:00\",\"breadcrumb\":{\"@id\":\"https:\/\/phanimenal.de\/index.php\/2020\/05\/28\/the-seven-deadly-sins-4-staffel-aufgrund-von-corona-verschoben\/#breadcrumb\"},\"inLanguage\":\"de\",\"potentialAction\":[{\"@type\":\"ReadAction\",\"target\":[\"https:\/\/phanimenal.de\/index.php\/2020\/05\/28\/the-seven-deadly-sins-4-staffel-aufgrund-von-corona-verschoben\/\"]}]},{\"@type\":\"BreadcrumbList\",\"@id\":\"https:\/\/phanimenal.de\/index.php\/2020\/05\/28\/the-seven-deadly-sins-4-staffel-aufgrund-von-corona-verschoben\/#breadcrumb\",\"itemListElement\":[{\"@type\":\"ListItem\",\"position\":1,\"name\":\"Startseite\",\"item\":\"https:\/\/phanimenal.de\/\"},{\"@type\":\"ListItem\",\"position\":2,\"name\":\"The Seven Deadly Sins &#8211; 4. Staffel aufgrund von Corona verschoben\"}]},{\"@type\":\"WebSite\",\"@id\":\"https:\/\/phanimenal.de\/#website\",\"url\":\"https:\/\/phanimenal.de\/\",\"name\":\"Phanimenal - T\u00e4glich interessante Anime News und Gaming News\",\"description\":\"Auf Phanimenal findest du die aktuellsten Anime-News aus Japan und Deutschland\",\"publisher\":{\"@id\":\"https:\/\/phanimenal.de\/#organization\"},\"potentialAction\":[{\"@type\":\"SearchAction\",\"target\":{\"@type\":\"EntryPoint\",\"urlTemplate\":\"https:\/\/phanimenal.de\/?s={search_term_string}\"},\"query-input\":\"required name=search_term_string\"}],\"inLanguage\":\"de\"},{\"@type\":\"Organization\",\"@id\":\"https:\/\/phanimenal.de\/#organization\",\"name\":\"Phanimenal\",\"url\":\"https:\/\/phanimenal.de\/\",\"logo\":{\"@type\":\"ImageObject\",\"inLanguage\":\"de\",\"@id\":\"https:\/\/phanimenal.de\/#\/schema\/logo\/image\/\",\"url\":\"https:\/\/phanimenal.de\/wp-content\/uploads\/\/2016\/04\/logo.png\",\"contentUrl\":\"https:\/\/phanimenal.de\/wp-content\/uploads\/\/2016\/04\/logo.png\",\"width\":170,\"height\":70,\"caption\":\"Phanimenal\"},\"image\":{\"@id\":\"https:\/\/phanimenal.de\/#\/schema\/logo\/image\/\"},\"sameAs\":[\"https:\/\/www.facebook.com\/phanimenal\",\"https:\/\/www.instagram.com\/phanimenal\",\"https:\/\/www.youtube.com\/channel\/UCbK_Z9H_JoD0sWZeb2guVxw\"]},{\"@type\":\"Person\",\"@id\":\"https:\/\/phanimenal.de\/#\/schema\/person\/9ae1ecc2c1c2ee5e36b50979d58c3dbb\",\"name\":\"DT\",\"image\":{\"@type\":\"ImageObject\",\"inLanguage\":\"de\",\"@id\":\"https:\/\/phanimenal.de\/#\/schema\/person\/image\/\",\"url\":\"https:\/\/secure.gravatar.com\/avatar\/8dcc4e3662b2f6f1961ea6e41f9f18a9?s=96&d=mm&r=g\",\"contentUrl\":\"https:\/\/secure.gravatar.com\/avatar\/8dcc4e3662b2f6f1961ea6e41f9f18a9?s=96&d=mm&r=g\",\"caption\":\"DT\"},\"url\":\"https:\/\/phanimenal.de\/index.php\/author\/dt\/\"}]}<\/script>\n<!-- \/ Yoast SEO Premium plugin. -->","yoast_head_json":{"title":"The Seven Deadly Sins - 4. Staffel aufgrund von Corona verschoben - Phanimenal - T\u00e4glich interessante Anime News und Gaming News","robots":{"index":"index","follow":"follow","max-snippet":"max-snippet:-1","max-image-preview":"max-image-preview:large","max-video-preview":"max-video-preview:-1"},"canonical":"https:\/\/phanimenal.de\/index.php\/2020\/05\/28\/the-seven-deadly-sins-4-staffel-aufgrund-von-corona-verschoben\/","og_locale":"de_DE","og_type":"article","og_title":"The Seven Deadly Sins - 4. Staffel aufgrund von Corona verschoben","og_description":"The Seven Deadly Sins","og_url":"https:\/\/phanimenal.de\/index.php\/2020\/05\/28\/the-seven-deadly-sins-4-staffel-aufgrund-von-corona-verschoben\/","og_site_name":"Phanimenal - T\u00e4glich interessante Anime News und Gaming News","article_publisher":"https:\/\/www.facebook.com\/phanimenal","article_published_time":"2020-05-28T13:13:06+00:00","article_modified_time":"2020-05-28T14:59:39+00:00","og_image":[{"width":998,"height":565,"url":"https:\/\/phanimenal.de\/wp-content\/uploads\/\/aninews312.jpg","type":"image\/jpeg"}],"author":"DT","twitter_misc":{"Verfasst von":"DT","Gesch\u00e4tzte Lesezeit":"1\u00a0Minute"},"schema":{"@context":"https:\/\/schema.org","@graph":[{"@type":"Article","@id":"https:\/\/phanimenal.de\/index.php\/2020\/05\/28\/the-seven-deadly-sins-4-staffel-aufgrund-von-corona-verschoben\/#article","isPartOf":{"@id":"https:\/\/phanimenal.de\/index.php\/2020\/05\/28\/the-seven-deadly-sins-4-staffel-aufgrund-von-corona-verschoben\/"},"author":{"name":"DT","@id":"https:\/\/phanimenal.de\/#\/schema\/person\/9ae1ecc2c1c2ee5e36b50979d58c3dbb"},"headline":"The Seven Deadly Sins &#8211; 4. Staffel aufgrund von Corona verschoben","datePublished":"2020-05-28T13:13:06+00:00","dateModified":"2020-05-28T14:59:39+00:00","mainEntityOfPage":{"@id":"https:\/\/phanimenal.de\/index.php\/2020\/05\/28\/the-seven-deadly-sins-4-staffel-aufgrund-von-corona-verschoben\/"},"wordCount":306,"publisher":{"@id":"https:\/\/phanimenal.de\/#organization"},"keywords":["Nanatsu no Taizai","Seven deadly sins"],"articleSection":["Anime"],"inLanguage":"de","copyrightYear":"2020","copyrightHolder":{"@id":"https:\/\/phanimenal.de\/#organization"}},{"@type":"WebPage","@id":"https:\/\/phanimenal.de\/index.php\/2020\/05\/28\/the-seven-deadly-sins-4-staffel-aufgrund-von-corona-verschoben\/","url":"https:\/\/phanimenal.de\/index.php\/2020\/05\/28\/the-seven-deadly-sins-4-staffel-aufgrund-von-corona-verschoben\/","name":"The Seven Deadly Sins - 4. Staffel aufgrund von Corona verschoben - Phanimenal - T\u00e4glich interessante Anime News und Gaming News","isPartOf":{"@id":"https:\/\/phanimenal.de\/#website"},"datePublished":"2020-05-28T13:13:06+00:00","dateModified":"2020-05-28T14:59:39+00:00","breadcrumb":{"@id":"https:\/\/phanimenal.de\/index.php\/2020\/05\/28\/the-seven-deadly-sins-4-staffel-aufgrund-von-corona-verschoben\/#breadcrumb"},"inLanguage":"de","potentialAction":[{"@type":"ReadAction","target":["https:\/\/phanimenal.de\/index.php\/2020\/05\/28\/the-seven-deadly-sins-4-staffel-aufgrund-von-corona-verschoben\/"]}]},{"@type":"BreadcrumbList","@id":"https:\/\/phanimenal.de\/index.php\/2020\/05\/28\/the-seven-deadly-sins-4-staffel-aufgrund-von-corona-verschoben\/#breadcrumb","itemListElement":[{"@type":"ListItem","position":1,"name":"Startseite","item":"https:\/\/phanimenal.de\/"},{"@type":"ListItem","position":2,"name":"The Seven Deadly Sins &#8211; 4. Staffel aufgrund von Corona verschoben"}]},{"@type":"WebSite","@id":"https:\/\/phanimenal.de\/#website","url":"https:\/\/phanimenal.de\/","name":"Phanimenal - T\u00e4glich interessante Anime News und Gaming News","description":"Auf Phanimenal findest du die aktuellsten Anime-News aus Japan und Deutschland","publisher":{"@id":"https:\/\/phanimenal.de\/#organization"},"potentialAction":[{"@type":"SearchAction","target":{"@type":"EntryPoint","urlTemplate":"https:\/\/phanimenal.de\/?s={search_term_string}"},"query-input":"required name=search_term_string"}],"inLanguage":"de"},{"@type":"Organization","@id":"https:\/\/phanimenal.de\/#organization","name":"Phanimenal","url":"https:\/\/phanimenal.de\/","logo":{"@type":"ImageObject","inLanguage":"de","@id":"https:\/\/phanimenal.de\/#\/schema\/logo\/image\/","url":"https:\/\/phanimenal.de\/wp-content\/uploads\/\/2016\/04\/logo.png","contentUrl":"https:\/\/phanimenal.de\/wp-content\/uploads\/\/2016\/04\/logo.png","width":170,"height":70,"caption":"Phanimenal"},"image":{"@id":"https:\/\/phanimenal.de\/#\/schema\/logo\/image\/"},"sameAs":["https:\/\/www.facebook.com\/phanimenal","https:\/\/www.instagram.com\/phanimenal","https:\/\/www.youtube.com\/channel\/UCbK_Z9H_JoD0sWZeb2guVxw"]},{"@type":"Person","@id":"https:\/\/phanimenal.de\/#\/schema\/person\/9ae1ecc2c1c2ee5e36b50979d58c3dbb","name":"DT","image":{"@type":"ImageObject","inLanguage":"de","@id":"https:\/\/phanimenal.de\/#\/schema\/person\/image\/","url":"https:\/\/secure.gravatar.com\/avatar\/8dcc4e3662b2f6f1961ea6e41f9f18a9?s=96&d=mm&r=g","contentUrl":"https:\/\/secure.gravatar.com\/avatar\/8dcc4e3662b2f6f1961ea6e41f9f18a9?s=96&d=mm&r=g","caption":"DT"},"url":"https:\/\/phanimenal.de\/index.php\/author\/dt\/"}]}},"jetpack_featured_media_url":"https:\/\/phanimenal.de\/wp-content\/uploads\/\/aninews312.jpg","_links":{"self":[{"href":"https:\/\/phanimenal.de\/index.php\/wp-json\/wp\/v2\/posts\/9334"}],"collection":[{"href":"https:\/\/phanimenal.de\/index.php\/wp-json\/wp\/v2\/posts"}],"about":[{"href":"https:\/\/phanimenal.de\/index.php\/wp-json\/wp\/v2\/types\/post"}],"author":[{"embeddable":true,"href":"https:\/\/phanimenal.de\/index.php\/wp-json\/wp\/v2\/users\/10"}],"replies":[{"embeddable":true,"href":"https:\/\/phanimenal.de\/index.php\/wp-json\/wp\/v2\/comments?post=9334"}],"version-history":[{"count":4,"href":"https:\/\/phanimenal.de\/index.php\/wp-json\/wp\/v2\/posts\/9334\/revisions"}],"predecessor-version":[{"id":9350,"href":"https:\/\/phanimenal.de\/index.php\/wp-json\/wp\/v2\/posts\/9334\/revisions\/9350"}],"wp:featuredmedia":[{"embeddable":true,"href":"https:\/\/phanimenal.de\/index.php\/wp-json\/wp\/v2\/media\/9337"}],"wp:attachment":[{"href":"https:\/\/phanimenal.de\/index.php\/wp-json\/wp\/v2\/media?parent=9334"}],"wp:term":[{"taxonomy":"category","embeddable":true,"href":"https:\/\/phanimenal.de\/index.php\/wp-json\/wp\/v2\/categories?post=9334"},{"taxonomy":"post_tag","embeddable":true,"href":"https:\/\/phanimenal.de\/index.php\/wp-json\/wp\/v2\/tags?post=9334"}],"curies":[{"name":"wp","href":"https:\/\/api.w.org\/{rel}","templated":true}]}}