{"id":9425,"date":"2020-06-12T14:43:50","date_gmt":"2020-06-12T12:43:50","guid":{"rendered":"https:\/\/phanimenal.de\/?p=9425"},"modified":"2021-06-21T02:54:34","modified_gmt":"2021-06-21T00:54:34","slug":"nach-18-jahren-neuer-shaman-king-anime-offiziell-angekuendigt","status":"publish","type":"post","link":"https:\/\/phanimenal.de\/index.php\/2020\/06\/12\/nach-18-jahren-neuer-shaman-king-anime-offiziell-angekuendigt\/","title":{"rendered":"Nach 18 Jahren - Neuer Shaman King Anime offiziell angek\u00fcndigt"},"content":{"rendered":"<h2 style=\"text-align: center;\">Neuer <a href=\"https:\/\/phanimenal.de\/?s=Shaman+King\">Shaman King<\/a> Anime<\/h2>\n<p>Es wurde vor Kurzem auf der offiziellen Webseite von <strong>Shaman King<\/strong> bekannt gegeben, dass Hiroyuki Takeis gleichnamiger Manga eine komplett neue Anime-Serie erhalten wird. Der neue Anime wird alle 35 B\u00e4nde der neuen Gesamtausgabe des Manga adaptieren, die der japanische Verlag Kodansha ab dem 17. Juni in gedruckten B\u00e4nden ver\u00f6ffentlichen wird und soll im April 2021 seine Premiere feiern. Zu dieser Ank\u00fcndigung wurde au\u00dferdem ein Teaser-Video ver\u00f6ffentlicht.<\/p>\n<p>Shaman King erschien erstmals 1998 im Weekly Shonen <a href=\"https:\/\/phanimenal.de\/?s=Jump\">Jump<\/a>-Magazin bei <a href=\"https:\/\/phanimenal.de\/?s=Shueisha\">Shueisha<\/a>. Die Serie endete abrupt im Jahr 2004, obwohl ein Nachdruck des Manga im Jahr 2009 ein &#8222;wahres Ende&#8220; offenbarte. Takei zeichnete eine Serie von Kurzgeschichten mit dem Titel <em>Shaman King 0<\/em> im Jump X-Magazin, die im November 2011 begann, und ver\u00f6ffentlichte im selben Magazin von 2012 bis 2014 eine Fortsetzung mit dem Titel <em>Shaman King Flowers<\/em>.<\/p>\n<p>Im Mai 2018 startete Takei einen neuen Arc im Shonen Magazine Edge, der den Titel <em>Shaman King The Super Star<\/em> tr\u00e4gt. Das Magazin enth\u00fcllte im Dezember, dass sich der Manga seinem H\u00f6hepunkt n\u00e4hert. Die April-Ausgabe des Shonen Magazine Edge gab au\u00dferdem bekannt, dass der Manga am 17. April wieder zur\u00fcckkehren wird.<\/p>\n<p><strong>Handlung<\/strong><\/p>\n<p>In einer Welt der Geister findet alle 500 Jahre ein Turnier zwischen Schamanen statt, um den n\u00e4chsten Shaman King zu bestimmen. Der Shaman King hat n\u00e4mlich die Aufgabe, das Gleichgewicht zwischen Leben und Tod zu erhalten. Der 13-j\u00e4hrige Yo Asakura ist einer der Shamanen und zusammen mit seinem Schutzgeist Amidamaru m\u00f6chte er dieses Turnier gewinnen und seinen Zwillingsbruder Hao Asakura besiegen.<\/p>\n<p>Mit seinem besten Freund Manta Oyamada, seiner Verlobten Anna Kyouyama, seinem Schutzgeist und noch vielen weiteren Freunden beginnt eine lange und gef\u00e4hrliche Reise f\u00fcr den jungen Yo Asakura!<\/p>\n<p><strong>Hier k\u00f6nnt ihr euch das Teaser-Video ansehen<\/strong><\/p>\n<div class=\"lyte-wrapper fourthree\" style=\"width:420px;max-width:100%;margin:5px;\"><div class=\"lyMe\" id=\"WYL_gyzqCA8aVSo\"><div id=\"lyte_gyzqCA8aVSo\" data-src=\"\/\/i.ytimg.com\/vi\/gyzqCA8aVSo\/hqdefault.jpg\" class=\"pL\"><div class=\"tC\"><div class=\"tT\"><\/div><\/div><div class=\"play\"><\/div><div class=\"ctrl\"><div class=\"Lctrl\"><\/div><div class=\"Rctrl\"><\/div><\/div><\/div><noscript><a href=\"https:\/\/youtu.be\/gyzqCA8aVSo\" rel=\"nofollow\"><img src=\"https:\/\/i.ytimg.com\/vi\/gyzqCA8aVSo\/0.jpg\" alt=\"YouTube-Video-Thumbnail\" width=\"420\" height=\"295\" \/><br \/>Dieses Video auf YouTube ansehen<\/a><\/noscript><\/div><\/div><div class=\"lL\" style=\"max-width:100%;width:420px;margin:5px;\"><\/div><\/p>\n<p>Quelle: ANN<\/p>\n","protected":false},"excerpt":{"rendered":"<p>Neuer <a href=\"https:\/\/phanimenal.de\/?s=Shaman+King\">Shaman King<\/a> Anime Es wurde vor Kurzem auf der offiziellen Webseite von Shaman King bekannt gegeben, dass Hiroyuki Takeis<\/p>\n","protected":false},"author":1,"featured_media":9430,"comment_status":"closed","ping_status":"closed","sticky":false,"template":"","format":"standard","meta":[],"categories":[2],"tags":[553],"yoast_head":"<!-- This site is optimized with the Yoast SEO Premium plugin v20.2.1 (Yoast SEO v20.2.1) - https:\/\/yoast.com\/wordpress\/plugins\/seo\/ -->\n<title>Nach 18 Jahren \u2013 Neuer Shaman King Anime offiziell angek\u00fcndigt - Phanimenal - T\u00e4glich interessante Anime News und Gaming News<\/title>\n<meta name=\"robots\" content=\"index, follow, max-snippet:-1, max-image-preview:large, max-video-preview:-1\" \/>\n<link rel=\"canonical\" href=\"https:\/\/phanimenal.de\/index.php\/2020\/06\/12\/nach-18-jahren-neuer-shaman-king-anime-offiziell-angekuendigt\/\" \/>\n<meta property=\"og:locale\" content=\"de_DE\" \/>\n<meta property=\"og:type\" content=\"article\" \/>\n<meta property=\"og:title\" content=\"Nach 18 Jahren \u2013 Neuer Shaman King Anime offiziell angek\u00fcndigt\" \/>\n<meta property=\"og:description\" content=\"Shaman King\" \/>\n<meta property=\"og:url\" content=\"https:\/\/phanimenal.de\/index.php\/2020\/06\/12\/nach-18-jahren-neuer-shaman-king-anime-offiziell-angekuendigt\/\" \/>\n<meta property=\"og:site_name\" content=\"Phanimenal - T\u00e4glich interessante Anime News und Gaming News\" \/>\n<meta property=\"article:publisher\" content=\"https:\/\/www.facebook.com\/phanimenal\" \/>\n<meta property=\"article:published_time\" content=\"2020-06-12T12:43:50+00:00\" \/>\n<meta property=\"article:modified_time\" content=\"2021-06-21T00:54:34+00:00\" \/>\n<meta property=\"og:image\" content=\"https:\/\/phanimenal.de\/wp-content\/uploads\/\/aninews320.jpg\" \/>\n\t<meta property=\"og:image:width\" content=\"998\" \/>\n\t<meta property=\"og:image:height\" content=\"565\" \/>\n\t<meta property=\"og:image:type\" content=\"image\/jpeg\" \/>\n<meta name=\"author\" content=\"AM\" \/>\n<meta name=\"twitter:label1\" content=\"Verfasst von\" \/>\n\t<meta name=\"twitter:data1\" content=\"AM\" \/>\n\t<meta name=\"twitter:label2\" content=\"Gesch\u00e4tzte Lesezeit\" \/>\n\t<meta name=\"twitter:data2\" content=\"1\u00a0Minute\" \/>\n<script type=\"application\/ld+json\" class=\"yoast-schema-graph\">{\"@context\":\"https:\/\/schema.org\",\"@graph\":[{\"@type\":\"Article\",\"@id\":\"https:\/\/phanimenal.de\/index.php\/2020\/06\/12\/nach-18-jahren-neuer-shaman-king-anime-offiziell-angekuendigt\/#article\",\"isPartOf\":{\"@id\":\"https:\/\/phanimenal.de\/index.php\/2020\/06\/12\/nach-18-jahren-neuer-shaman-king-anime-offiziell-angekuendigt\/\"},\"author\":{\"name\":\"AM\",\"@id\":\"https:\/\/phanimenal.de\/#\/schema\/person\/e1dd9265ac0385ecb373011a052bc293\"},\"headline\":\"Nach 18 Jahren - Neuer Shaman King Anime offiziell angek\u00fcndigt\",\"datePublished\":\"2020-06-12T12:43:50+00:00\",\"dateModified\":\"2021-06-21T00:54:34+00:00\",\"mainEntityOfPage\":{\"@id\":\"https:\/\/phanimenal.de\/index.php\/2020\/06\/12\/nach-18-jahren-neuer-shaman-king-anime-offiziell-angekuendigt\/\"},\"wordCount\":304,\"publisher\":{\"@id\":\"https:\/\/phanimenal.de\/#organization\"},\"keywords\":[\"Shaman King\"],\"articleSection\":[\"Anime\"],\"inLanguage\":\"de\",\"copyrightYear\":\"2020\",\"copyrightHolder\":{\"@id\":\"https:\/\/phanimenal.de\/#organization\"}},{\"@type\":\"WebPage\",\"@id\":\"https:\/\/phanimenal.de\/index.php\/2020\/06\/12\/nach-18-jahren-neuer-shaman-king-anime-offiziell-angekuendigt\/\",\"url\":\"https:\/\/phanimenal.de\/index.php\/2020\/06\/12\/nach-18-jahren-neuer-shaman-king-anime-offiziell-angekuendigt\/\",\"name\":\"Nach 18 Jahren \u2013 Neuer Shaman King Anime offiziell angek\u00fcndigt - Phanimenal - T\u00e4glich interessante Anime News und Gaming News\",\"isPartOf\":{\"@id\":\"https:\/\/phanimenal.de\/#website\"},\"datePublished\":\"2020-06-12T12:43:50+00:00\",\"dateModified\":\"2021-06-21T00:54:34+00:00\",\"breadcrumb\":{\"@id\":\"https:\/\/phanimenal.de\/index.php\/2020\/06\/12\/nach-18-jahren-neuer-shaman-king-anime-offiziell-angekuendigt\/#breadcrumb\"},\"inLanguage\":\"de\",\"potentialAction\":[{\"@type\":\"ReadAction\",\"target\":[\"https:\/\/phanimenal.de\/index.php\/2020\/06\/12\/nach-18-jahren-neuer-shaman-king-anime-offiziell-angekuendigt\/\"]}]},{\"@type\":\"BreadcrumbList\",\"@id\":\"https:\/\/phanimenal.de\/index.php\/2020\/06\/12\/nach-18-jahren-neuer-shaman-king-anime-offiziell-angekuendigt\/#breadcrumb\",\"itemListElement\":[{\"@type\":\"ListItem\",\"position\":1,\"name\":\"Startseite\",\"item\":\"https:\/\/phanimenal.de\/\"},{\"@type\":\"ListItem\",\"position\":2,\"name\":\"Nach 18 Jahren \u2013 Neuer Shaman King Anime offiziell angek\u00fcndigt\"}]},{\"@type\":\"WebSite\",\"@id\":\"https:\/\/phanimenal.de\/#website\",\"url\":\"https:\/\/phanimenal.de\/\",\"name\":\"Phanimenal - T\u00e4glich interessante Anime News und Gaming News\",\"description\":\"Auf Phanimenal findest du die aktuellsten Anime-News aus Japan und Deutschland\",\"publisher\":{\"@id\":\"https:\/\/phanimenal.de\/#organization\"},\"potentialAction\":[{\"@type\":\"SearchAction\",\"target\":{\"@type\":\"EntryPoint\",\"urlTemplate\":\"https:\/\/phanimenal.de\/?s={search_term_string}\"},\"query-input\":\"required name=search_term_string\"}],\"inLanguage\":\"de\"},{\"@type\":\"Organization\",\"@id\":\"https:\/\/phanimenal.de\/#organization\",\"name\":\"Phanimenal\",\"url\":\"https:\/\/phanimenal.de\/\",\"logo\":{\"@type\":\"ImageObject\",\"inLanguage\":\"de\",\"@id\":\"https:\/\/phanimenal.de\/#\/schema\/logo\/image\/\",\"url\":\"https:\/\/phanimenal.de\/wp-content\/uploads\/\/2016\/04\/logo.png\",\"contentUrl\":\"https:\/\/phanimenal.de\/wp-content\/uploads\/\/2016\/04\/logo.png\",\"width\":170,\"height\":70,\"caption\":\"Phanimenal\"},\"image\":{\"@id\":\"https:\/\/phanimenal.de\/#\/schema\/logo\/image\/\"},\"sameAs\":[\"https:\/\/www.facebook.com\/phanimenal\",\"https:\/\/www.instagram.com\/phanimenal\",\"https:\/\/www.youtube.com\/channel\/UCbK_Z9H_JoD0sWZeb2guVxw\"]},{\"@type\":\"Person\",\"@id\":\"https:\/\/phanimenal.de\/#\/schema\/person\/e1dd9265ac0385ecb373011a052bc293\",\"name\":\"AM\",\"image\":{\"@type\":\"ImageObject\",\"inLanguage\":\"de\",\"@id\":\"https:\/\/phanimenal.de\/#\/schema\/person\/image\/\",\"url\":\"https:\/\/secure.gravatar.com\/avatar\/87c965ccf859177fd81ae236167111a1?s=96&d=mm&r=g\",\"contentUrl\":\"https:\/\/secure.gravatar.com\/avatar\/87c965ccf859177fd81ae236167111a1?s=96&d=mm&r=g\",\"caption\":\"AM\"},\"sameAs\":[\"http:\/\/wp2.phanimenal.de\"],\"url\":\"https:\/\/phanimenal.de\/index.php\/author\/admin\/\"}]}<\/script>\n<!-- \/ Yoast SEO Premium plugin. -->","yoast_head_json":{"title":"Nach 18 Jahren \u2013 Neuer Shaman King Anime offiziell angek\u00fcndigt - Phanimenal - T\u00e4glich interessante Anime News und Gaming News","robots":{"index":"index","follow":"follow","max-snippet":"max-snippet:-1","max-image-preview":"max-image-preview:large","max-video-preview":"max-video-preview:-1"},"canonical":"https:\/\/phanimenal.de\/index.php\/2020\/06\/12\/nach-18-jahren-neuer-shaman-king-anime-offiziell-angekuendigt\/","og_locale":"de_DE","og_type":"article","og_title":"Nach 18 Jahren \u2013 Neuer Shaman King Anime offiziell angek\u00fcndigt","og_description":"Shaman King","og_url":"https:\/\/phanimenal.de\/index.php\/2020\/06\/12\/nach-18-jahren-neuer-shaman-king-anime-offiziell-angekuendigt\/","og_site_name":"Phanimenal - T\u00e4glich interessante Anime News und Gaming News","article_publisher":"https:\/\/www.facebook.com\/phanimenal","article_published_time":"2020-06-12T12:43:50+00:00","article_modified_time":"2021-06-21T00:54:34+00:00","og_image":[{"width":998,"height":565,"url":"https:\/\/phanimenal.de\/wp-content\/uploads\/\/aninews320.jpg","type":"image\/jpeg"}],"author":"AM","twitter_misc":{"Verfasst von":"AM","Gesch\u00e4tzte Lesezeit":"1\u00a0Minute"},"schema":{"@context":"https:\/\/schema.org","@graph":[{"@type":"Article","@id":"https:\/\/phanimenal.de\/index.php\/2020\/06\/12\/nach-18-jahren-neuer-shaman-king-anime-offiziell-angekuendigt\/#article","isPartOf":{"@id":"https:\/\/phanimenal.de\/index.php\/2020\/06\/12\/nach-18-jahren-neuer-shaman-king-anime-offiziell-angekuendigt\/"},"author":{"name":"AM","@id":"https:\/\/phanimenal.de\/#\/schema\/person\/e1dd9265ac0385ecb373011a052bc293"},"headline":"Nach 18 Jahren - Neuer Shaman King Anime offiziell angek\u00fcndigt","datePublished":"2020-06-12T12:43:50+00:00","dateModified":"2021-06-21T00:54:34+00:00","mainEntityOfPage":{"@id":"https:\/\/phanimenal.de\/index.php\/2020\/06\/12\/nach-18-jahren-neuer-shaman-king-anime-offiziell-angekuendigt\/"},"wordCount":304,"publisher":{"@id":"https:\/\/phanimenal.de\/#organization"},"keywords":["Shaman King"],"articleSection":["Anime"],"inLanguage":"de","copyrightYear":"2020","copyrightHolder":{"@id":"https:\/\/phanimenal.de\/#organization"}},{"@type":"WebPage","@id":"https:\/\/phanimenal.de\/index.php\/2020\/06\/12\/nach-18-jahren-neuer-shaman-king-anime-offiziell-angekuendigt\/","url":"https:\/\/phanimenal.de\/index.php\/2020\/06\/12\/nach-18-jahren-neuer-shaman-king-anime-offiziell-angekuendigt\/","name":"Nach 18 Jahren \u2013 Neuer Shaman King Anime offiziell angek\u00fcndigt - Phanimenal - T\u00e4glich interessante Anime News und Gaming News","isPartOf":{"@id":"https:\/\/phanimenal.de\/#website"},"datePublished":"2020-06-12T12:43:50+00:00","dateModified":"2021-06-21T00:54:34+00:00","breadcrumb":{"@id":"https:\/\/phanimenal.de\/index.php\/2020\/06\/12\/nach-18-jahren-neuer-shaman-king-anime-offiziell-angekuendigt\/#breadcrumb"},"inLanguage":"de","potentialAction":[{"@type":"ReadAction","target":["https:\/\/phanimenal.de\/index.php\/2020\/06\/12\/nach-18-jahren-neuer-shaman-king-anime-offiziell-angekuendigt\/"]}]},{"@type":"BreadcrumbList","@id":"https:\/\/phanimenal.de\/index.php\/2020\/06\/12\/nach-18-jahren-neuer-shaman-king-anime-offiziell-angekuendigt\/#breadcrumb","itemListElement":[{"@type":"ListItem","position":1,"name":"Startseite","item":"https:\/\/phanimenal.de\/"},{"@type":"ListItem","position":2,"name":"Nach 18 Jahren \u2013 Neuer Shaman King Anime offiziell angek\u00fcndigt"}]},{"@type":"WebSite","@id":"https:\/\/phanimenal.de\/#website","url":"https:\/\/phanimenal.de\/","name":"Phanimenal - T\u00e4glich interessante Anime News und Gaming News","description":"Auf Phanimenal findest du die aktuellsten Anime-News aus Japan und Deutschland","publisher":{"@id":"https:\/\/phanimenal.de\/#organization"},"potentialAction":[{"@type":"SearchAction","target":{"@type":"EntryPoint","urlTemplate":"https:\/\/phanimenal.de\/?s={search_term_string}"},"query-input":"required name=search_term_string"}],"inLanguage":"de"},{"@type":"Organization","@id":"https:\/\/phanimenal.de\/#organization","name":"Phanimenal","url":"https:\/\/phanimenal.de\/","logo":{"@type":"ImageObject","inLanguage":"de","@id":"https:\/\/phanimenal.de\/#\/schema\/logo\/image\/","url":"https:\/\/phanimenal.de\/wp-content\/uploads\/\/2016\/04\/logo.png","contentUrl":"https:\/\/phanimenal.de\/wp-content\/uploads\/\/2016\/04\/logo.png","width":170,"height":70,"caption":"Phanimenal"},"image":{"@id":"https:\/\/phanimenal.de\/#\/schema\/logo\/image\/"},"sameAs":["https:\/\/www.facebook.com\/phanimenal","https:\/\/www.instagram.com\/phanimenal","https:\/\/www.youtube.com\/channel\/UCbK_Z9H_JoD0sWZeb2guVxw"]},{"@type":"Person","@id":"https:\/\/phanimenal.de\/#\/schema\/person\/e1dd9265ac0385ecb373011a052bc293","name":"AM","image":{"@type":"ImageObject","inLanguage":"de","@id":"https:\/\/phanimenal.de\/#\/schema\/person\/image\/","url":"https:\/\/secure.gravatar.com\/avatar\/87c965ccf859177fd81ae236167111a1?s=96&d=mm&r=g","contentUrl":"https:\/\/secure.gravatar.com\/avatar\/87c965ccf859177fd81ae236167111a1?s=96&d=mm&r=g","caption":"AM"},"sameAs":["http:\/\/wp2.phanimenal.de"],"url":"https:\/\/phanimenal.de\/index.php\/author\/admin\/"}]}},"jetpack_featured_media_url":"https:\/\/phanimenal.de\/wp-content\/uploads\/\/aninews320.jpg","_links":{"self":[{"href":"https:\/\/phanimenal.de\/index.php\/wp-json\/wp\/v2\/posts\/9425"}],"collection":[{"href":"https:\/\/phanimenal.de\/index.php\/wp-json\/wp\/v2\/posts"}],"about":[{"href":"https:\/\/phanimenal.de\/index.php\/wp-json\/wp\/v2\/types\/post"}],"author":[{"embeddable":true,"href":"https:\/\/phanimenal.de\/index.php\/wp-json\/wp\/v2\/users\/1"}],"replies":[{"embeddable":true,"href":"https:\/\/phanimenal.de\/index.php\/wp-json\/wp\/v2\/comments?post=9425"}],"version-history":[{"count":7,"href":"https:\/\/phanimenal.de\/index.php\/wp-json\/wp\/v2\/posts\/9425\/revisions"}],"predecessor-version":[{"id":9433,"href":"https:\/\/phanimenal.de\/index.php\/wp-json\/wp\/v2\/posts\/9425\/revisions\/9433"}],"wp:featuredmedia":[{"embeddable":true,"href":"https:\/\/phanimenal.de\/index.php\/wp-json\/wp\/v2\/media\/9430"}],"wp:attachment":[{"href":"https:\/\/phanimenal.de\/index.php\/wp-json\/wp\/v2\/media?parent=9425"}],"wp:term":[{"taxonomy":"category","embeddable":true,"href":"https:\/\/phanimenal.de\/index.php\/wp-json\/wp\/v2\/categories?post=9425"},{"taxonomy":"post_tag","embeddable":true,"href":"https:\/\/phanimenal.de\/index.php\/wp-json\/wp\/v2\/tags?post=9425"}],"curies":[{"name":"wp","href":"https:\/\/api.w.org\/{rel}","templated":true}]}}