{"id":9434,"date":"2020-06-13T14:39:47","date_gmt":"2020-06-13T12:39:47","guid":{"rendered":"https:\/\/phanimenal.de\/?p=9434"},"modified":"2020-06-13T14:39:47","modified_gmt":"2020-06-13T12:39:47","slug":"fairy-tail-mangaka-kuendigt-anime-adaption-zu-edens-zero-an","status":"publish","type":"post","link":"https:\/\/phanimenal.de\/index.php\/2020\/06\/13\/fairy-tail-mangaka-kuendigt-anime-adaption-zu-edens-zero-an\/","title":{"rendered":"Fairy Tail-Mangaka k\u00fcndigt Anime-Adaption zu Edens Zero an"},"content":{"rendered":"<h2 style=\"text-align: center;\">Edens Zero Anime<\/h2>\n<p><a href=\"https:\/\/phanimenal.de\/?s=Fairy+Tail\">Fairy Tail<\/a>-Mangaka Hiro Mashima gab vor Kurzem auf seinem Twitter-Account bekannt, dass sein Manga Edens Zero eine Anime-Adaption erhalten wird. Zu seinem Tweet f\u00fcgte er hinzu &#8222;Bleibt dran f\u00fcr kommende Updates!&#8220;.<\/p>\n<p>Au\u00dferdem enth\u00fcllte die diesj\u00e4hrige 28. Ausgabe des Kodansha&#8217;s Weekly Shonen-Magazins k\u00fcrzlich, dass dem Manga in der n\u00e4chsten Ausgabe des Magazins am 17. Juni eine &#8222;wichtige Ank\u00fcndigung&#8220; bevorstehen wird.<\/p>\n<p><strong>Handlung<\/strong><\/p>\n<p>Auf einem Planeten im <a href=\"https:\/\/phanimenal.de\/?s=Sakura\">Sakura<\/a> Kosmos hat der Waisenjunge Shiki Granbell sein gesamtes Leben zusammen mit Animatronics in Granbell Kingdom, einem verlassenen Vergn\u00fcgunspark, verbracht. Doch eines Tages tauchen Rebecca und ihr Katzenbegleiter Happy an den Eingangstoren des Parks auf. Beide wissen nicht, dass dies der erste menschliche Kontakt ist, den Granbell seit hundert Jahren hatte.<\/p>\n<p>W\u00e4hrend Shiki neue Freunde findet, versuchen seine ehemaligen Nachbarn eine Robo-Rebellion zu planen. Als es nun f\u00fcr ihn zu gef\u00e4hrlich war in seiner Heimat zu bleiben, muss Shiki sich Rebecca und Happy auf ihrem Raumschiff anschlie\u00dfen und in den grenzenlosen Kosmos entkommen.<\/p>\n<figure id=\"attachment_9435\" aria-describedby=\"caption-attachment-9435\" style=\"width: 650px\" class=\"wp-caption aligncenter\"><img decoding=\"async\" loading=\"lazy\" class=\"wp-image-9435 size-full\" src=\"https:\/\/phanimenal.de\/wp-content\/uploads\/edens.jpeg\" alt=\"\" width=\"650\" height=\"459\" srcset=\"https:\/\/phanimenal.de\/wp-content\/uploads\/edens.jpeg 650w, https:\/\/phanimenal.de\/wp-content\/uploads\/edens-300x212.jpeg 300w\" sizes=\"(max-width: 650px) 100vw, 650px\" \/><figcaption id=\"caption-attachment-9435\" class=\"wp-caption-text\">Edens Zero<\/figcaption><\/figure>\n<h2 style=\"text-align: center;\">Intimes Artwork zu <a href=\"https:\/\/phanimenal.de\/?s=Lucy\">Lucy<\/a> Heartfilia<\/h2>\n<p>Hiro Mashimas Reihe <strong>Fairy Tail<\/strong> ist bei den Fans nicht nur wegen der actiongeladenen Abenteuer ein Riesenerfolg, denn Mashima ist auch daf\u00fcr bekannt, dass er in seiner beliebten Reihe vor allem die weiblichen Charaktere oft freiz\u00fcgig darstellt und daher f\u00fcr den enormen Fanservice des Animes sorgen.<\/p>\n<p>Jedoch hat diese Art von Fanservice noch lange nach dem Ende der Fairy Tail-Reihe nicht angehalten, denn Mashima bleibt seinem Stil auch bei seinem neuesten Werk, Edens Zero, treu und stellt erneut seine Heldinnen freiz\u00fcgig dar.<\/p>\n<p>Nun legte Mashima wieder eine Schippe drauf. Er ver\u00f6ffentlichte n\u00e4mlich vor Kurzem auf Twitter ein intimes Artwork zu einem weiblichen Charakter aus Fairy Tail. Dabei handelt es sich n\u00e4mlich um Lucy Heartfilia. Dieses Artwork zeigt Lucy, die sich nackt unter einer Decke versteckt.<\/p>\n<p>Klicke hier, um das Artwork anzusehen &gt; <a href=\"https:\/\/phanimenal.de\/index.php\/2020\/06\/08\/fairy-tail-mangaka-veroeffentlicht-intimes-artwork-zu-lucy-heartfilia\/\">Fairy Tail-Mangaka ver\u00f6ffentlicht intimes Artwork zu Lucy Heartfilia<\/a><\/p>\n<p>Quelle: ANN<\/p>\n","protected":false},"excerpt":{"rendered":"<p>Edens Zero Anime <a href=\"https:\/\/phanimenal.de\/?s=Fairy+Tail\">Fairy Tail<\/a>-Mangaka Hiro Mashima gab vor Kurzem auf seinem Twitter-Account bekannt, dass sein Manga Edens Zero eine<\/p>\n","protected":false},"author":10,"featured_media":9440,"comment_status":"closed","ping_status":"closed","sticky":false,"template":"","format":"standard","meta":[],"categories":[2],"tags":[306,43,305],"yoast_head":"<!-- This site is optimized with the Yoast SEO Premium plugin v20.2.1 (Yoast SEO v20.2.1) - https:\/\/yoast.com\/wordpress\/plugins\/seo\/ -->\n<title>Fairy Tail-Mangaka k\u00fcndigt Anime-Adaption zu Edens Zero an - Phanimenal - T\u00e4glich interessante Anime News und Gaming News<\/title>\n<meta name=\"robots\" content=\"index, follow, max-snippet:-1, max-image-preview:large, max-video-preview:-1\" \/>\n<link rel=\"canonical\" href=\"https:\/\/phanimenal.de\/index.php\/2020\/06\/13\/fairy-tail-mangaka-kuendigt-anime-adaption-zu-edens-zero-an\/\" \/>\n<meta property=\"og:locale\" content=\"de_DE\" \/>\n<meta property=\"og:type\" content=\"article\" \/>\n<meta property=\"og:title\" content=\"Fairy Tail-Mangaka k\u00fcndigt Anime-Adaption zu Edens Zero an\" \/>\n<meta property=\"og:description\" content=\"Edens Zero\" \/>\n<meta property=\"og:url\" content=\"https:\/\/phanimenal.de\/index.php\/2020\/06\/13\/fairy-tail-mangaka-kuendigt-anime-adaption-zu-edens-zero-an\/\" \/>\n<meta property=\"og:site_name\" content=\"Phanimenal - T\u00e4glich interessante Anime News und Gaming News\" \/>\n<meta property=\"article:publisher\" content=\"https:\/\/www.facebook.com\/phanimenal\" \/>\n<meta property=\"article:published_time\" content=\"2020-06-13T12:39:47+00:00\" \/>\n<meta property=\"og:image\" content=\"https:\/\/phanimenal.de\/wp-content\/uploads\/\/aninews321.jpg\" \/>\n\t<meta property=\"og:image:width\" content=\"998\" \/>\n\t<meta property=\"og:image:height\" content=\"565\" \/>\n\t<meta property=\"og:image:type\" content=\"image\/jpeg\" \/>\n<meta name=\"author\" content=\"DT\" \/>\n<meta name=\"twitter:label1\" content=\"Verfasst von\" \/>\n\t<meta name=\"twitter:data1\" content=\"DT\" \/>\n\t<meta name=\"twitter:label2\" content=\"Gesch\u00e4tzte Lesezeit\" \/>\n\t<meta name=\"twitter:data2\" content=\"2\u00a0Minuten\" \/>\n<script type=\"application\/ld+json\" class=\"yoast-schema-graph\">{\"@context\":\"https:\/\/schema.org\",\"@graph\":[{\"@type\":\"Article\",\"@id\":\"https:\/\/phanimenal.de\/index.php\/2020\/06\/13\/fairy-tail-mangaka-kuendigt-anime-adaption-zu-edens-zero-an\/#article\",\"isPartOf\":{\"@id\":\"https:\/\/phanimenal.de\/index.php\/2020\/06\/13\/fairy-tail-mangaka-kuendigt-anime-adaption-zu-edens-zero-an\/\"},\"author\":{\"name\":\"DT\",\"@id\":\"https:\/\/phanimenal.de\/#\/schema\/person\/9ae1ecc2c1c2ee5e36b50979d58c3dbb\"},\"headline\":\"Fairy Tail-Mangaka k\u00fcndigt Anime-Adaption zu Edens Zero an\",\"datePublished\":\"2020-06-13T12:39:47+00:00\",\"dateModified\":\"2020-06-13T12:39:47+00:00\",\"mainEntityOfPage\":{\"@id\":\"https:\/\/phanimenal.de\/index.php\/2020\/06\/13\/fairy-tail-mangaka-kuendigt-anime-adaption-zu-edens-zero-an\/\"},\"wordCount\":345,\"publisher\":{\"@id\":\"https:\/\/phanimenal.de\/#organization\"},\"keywords\":[\"Eden's Zero\",\"Fairy Tail\",\"Hiro Mashima\"],\"articleSection\":[\"Anime\"],\"inLanguage\":\"de\",\"copyrightYear\":\"2020\",\"copyrightHolder\":{\"@id\":\"https:\/\/phanimenal.de\/#organization\"}},{\"@type\":\"WebPage\",\"@id\":\"https:\/\/phanimenal.de\/index.php\/2020\/06\/13\/fairy-tail-mangaka-kuendigt-anime-adaption-zu-edens-zero-an\/\",\"url\":\"https:\/\/phanimenal.de\/index.php\/2020\/06\/13\/fairy-tail-mangaka-kuendigt-anime-adaption-zu-edens-zero-an\/\",\"name\":\"Fairy Tail-Mangaka k\u00fcndigt Anime-Adaption zu Edens Zero an - Phanimenal - T\u00e4glich interessante Anime News und Gaming News\",\"isPartOf\":{\"@id\":\"https:\/\/phanimenal.de\/#website\"},\"datePublished\":\"2020-06-13T12:39:47+00:00\",\"dateModified\":\"2020-06-13T12:39:47+00:00\",\"breadcrumb\":{\"@id\":\"https:\/\/phanimenal.de\/index.php\/2020\/06\/13\/fairy-tail-mangaka-kuendigt-anime-adaption-zu-edens-zero-an\/#breadcrumb\"},\"inLanguage\":\"de\",\"potentialAction\":[{\"@type\":\"ReadAction\",\"target\":[\"https:\/\/phanimenal.de\/index.php\/2020\/06\/13\/fairy-tail-mangaka-kuendigt-anime-adaption-zu-edens-zero-an\/\"]}]},{\"@type\":\"BreadcrumbList\",\"@id\":\"https:\/\/phanimenal.de\/index.php\/2020\/06\/13\/fairy-tail-mangaka-kuendigt-anime-adaption-zu-edens-zero-an\/#breadcrumb\",\"itemListElement\":[{\"@type\":\"ListItem\",\"position\":1,\"name\":\"Startseite\",\"item\":\"https:\/\/phanimenal.de\/\"},{\"@type\":\"ListItem\",\"position\":2,\"name\":\"Fairy Tail-Mangaka k\u00fcndigt Anime-Adaption zu Edens Zero an\"}]},{\"@type\":\"WebSite\",\"@id\":\"https:\/\/phanimenal.de\/#website\",\"url\":\"https:\/\/phanimenal.de\/\",\"name\":\"Phanimenal - T\u00e4glich interessante Anime News und Gaming News\",\"description\":\"Auf Phanimenal findest du die aktuellsten Anime-News aus Japan und Deutschland\",\"publisher\":{\"@id\":\"https:\/\/phanimenal.de\/#organization\"},\"potentialAction\":[{\"@type\":\"SearchAction\",\"target\":{\"@type\":\"EntryPoint\",\"urlTemplate\":\"https:\/\/phanimenal.de\/?s={search_term_string}\"},\"query-input\":\"required name=search_term_string\"}],\"inLanguage\":\"de\"},{\"@type\":\"Organization\",\"@id\":\"https:\/\/phanimenal.de\/#organization\",\"name\":\"Phanimenal\",\"url\":\"https:\/\/phanimenal.de\/\",\"logo\":{\"@type\":\"ImageObject\",\"inLanguage\":\"de\",\"@id\":\"https:\/\/phanimenal.de\/#\/schema\/logo\/image\/\",\"url\":\"https:\/\/phanimenal.de\/wp-content\/uploads\/\/2016\/04\/logo.png\",\"contentUrl\":\"https:\/\/phanimenal.de\/wp-content\/uploads\/\/2016\/04\/logo.png\",\"width\":170,\"height\":70,\"caption\":\"Phanimenal\"},\"image\":{\"@id\":\"https:\/\/phanimenal.de\/#\/schema\/logo\/image\/\"},\"sameAs\":[\"https:\/\/www.facebook.com\/phanimenal\",\"https:\/\/www.instagram.com\/phanimenal\",\"https:\/\/www.youtube.com\/channel\/UCbK_Z9H_JoD0sWZeb2guVxw\"]},{\"@type\":\"Person\",\"@id\":\"https:\/\/phanimenal.de\/#\/schema\/person\/9ae1ecc2c1c2ee5e36b50979d58c3dbb\",\"name\":\"DT\",\"image\":{\"@type\":\"ImageObject\",\"inLanguage\":\"de\",\"@id\":\"https:\/\/phanimenal.de\/#\/schema\/person\/image\/\",\"url\":\"https:\/\/secure.gravatar.com\/avatar\/8dcc4e3662b2f6f1961ea6e41f9f18a9?s=96&d=mm&r=g\",\"contentUrl\":\"https:\/\/secure.gravatar.com\/avatar\/8dcc4e3662b2f6f1961ea6e41f9f18a9?s=96&d=mm&r=g\",\"caption\":\"DT\"},\"url\":\"https:\/\/phanimenal.de\/index.php\/author\/dt\/\"}]}<\/script>\n<!-- \/ Yoast SEO Premium plugin. -->","yoast_head_json":{"title":"Fairy Tail-Mangaka k\u00fcndigt Anime-Adaption zu Edens Zero an - Phanimenal - T\u00e4glich interessante Anime News und Gaming News","robots":{"index":"index","follow":"follow","max-snippet":"max-snippet:-1","max-image-preview":"max-image-preview:large","max-video-preview":"max-video-preview:-1"},"canonical":"https:\/\/phanimenal.de\/index.php\/2020\/06\/13\/fairy-tail-mangaka-kuendigt-anime-adaption-zu-edens-zero-an\/","og_locale":"de_DE","og_type":"article","og_title":"Fairy Tail-Mangaka k\u00fcndigt Anime-Adaption zu Edens Zero an","og_description":"Edens Zero","og_url":"https:\/\/phanimenal.de\/index.php\/2020\/06\/13\/fairy-tail-mangaka-kuendigt-anime-adaption-zu-edens-zero-an\/","og_site_name":"Phanimenal - T\u00e4glich interessante Anime News und Gaming News","article_publisher":"https:\/\/www.facebook.com\/phanimenal","article_published_time":"2020-06-13T12:39:47+00:00","og_image":[{"width":998,"height":565,"url":"https:\/\/phanimenal.de\/wp-content\/uploads\/\/aninews321.jpg","type":"image\/jpeg"}],"author":"DT","twitter_misc":{"Verfasst von":"DT","Gesch\u00e4tzte Lesezeit":"2\u00a0Minuten"},"schema":{"@context":"https:\/\/schema.org","@graph":[{"@type":"Article","@id":"https:\/\/phanimenal.de\/index.php\/2020\/06\/13\/fairy-tail-mangaka-kuendigt-anime-adaption-zu-edens-zero-an\/#article","isPartOf":{"@id":"https:\/\/phanimenal.de\/index.php\/2020\/06\/13\/fairy-tail-mangaka-kuendigt-anime-adaption-zu-edens-zero-an\/"},"author":{"name":"DT","@id":"https:\/\/phanimenal.de\/#\/schema\/person\/9ae1ecc2c1c2ee5e36b50979d58c3dbb"},"headline":"Fairy Tail-Mangaka k\u00fcndigt Anime-Adaption zu Edens Zero an","datePublished":"2020-06-13T12:39:47+00:00","dateModified":"2020-06-13T12:39:47+00:00","mainEntityOfPage":{"@id":"https:\/\/phanimenal.de\/index.php\/2020\/06\/13\/fairy-tail-mangaka-kuendigt-anime-adaption-zu-edens-zero-an\/"},"wordCount":345,"publisher":{"@id":"https:\/\/phanimenal.de\/#organization"},"keywords":["Eden's Zero","Fairy Tail","Hiro Mashima"],"articleSection":["Anime"],"inLanguage":"de","copyrightYear":"2020","copyrightHolder":{"@id":"https:\/\/phanimenal.de\/#organization"}},{"@type":"WebPage","@id":"https:\/\/phanimenal.de\/index.php\/2020\/06\/13\/fairy-tail-mangaka-kuendigt-anime-adaption-zu-edens-zero-an\/","url":"https:\/\/phanimenal.de\/index.php\/2020\/06\/13\/fairy-tail-mangaka-kuendigt-anime-adaption-zu-edens-zero-an\/","name":"Fairy Tail-Mangaka k\u00fcndigt Anime-Adaption zu Edens Zero an - Phanimenal - T\u00e4glich interessante Anime News und Gaming News","isPartOf":{"@id":"https:\/\/phanimenal.de\/#website"},"datePublished":"2020-06-13T12:39:47+00:00","dateModified":"2020-06-13T12:39:47+00:00","breadcrumb":{"@id":"https:\/\/phanimenal.de\/index.php\/2020\/06\/13\/fairy-tail-mangaka-kuendigt-anime-adaption-zu-edens-zero-an\/#breadcrumb"},"inLanguage":"de","potentialAction":[{"@type":"ReadAction","target":["https:\/\/phanimenal.de\/index.php\/2020\/06\/13\/fairy-tail-mangaka-kuendigt-anime-adaption-zu-edens-zero-an\/"]}]},{"@type":"BreadcrumbList","@id":"https:\/\/phanimenal.de\/index.php\/2020\/06\/13\/fairy-tail-mangaka-kuendigt-anime-adaption-zu-edens-zero-an\/#breadcrumb","itemListElement":[{"@type":"ListItem","position":1,"name":"Startseite","item":"https:\/\/phanimenal.de\/"},{"@type":"ListItem","position":2,"name":"Fairy Tail-Mangaka k\u00fcndigt Anime-Adaption zu Edens Zero an"}]},{"@type":"WebSite","@id":"https:\/\/phanimenal.de\/#website","url":"https:\/\/phanimenal.de\/","name":"Phanimenal - T\u00e4glich interessante Anime News und Gaming News","description":"Auf Phanimenal findest du die aktuellsten Anime-News aus Japan und Deutschland","publisher":{"@id":"https:\/\/phanimenal.de\/#organization"},"potentialAction":[{"@type":"SearchAction","target":{"@type":"EntryPoint","urlTemplate":"https:\/\/phanimenal.de\/?s={search_term_string}"},"query-input":"required name=search_term_string"}],"inLanguage":"de"},{"@type":"Organization","@id":"https:\/\/phanimenal.de\/#organization","name":"Phanimenal","url":"https:\/\/phanimenal.de\/","logo":{"@type":"ImageObject","inLanguage":"de","@id":"https:\/\/phanimenal.de\/#\/schema\/logo\/image\/","url":"https:\/\/phanimenal.de\/wp-content\/uploads\/\/2016\/04\/logo.png","contentUrl":"https:\/\/phanimenal.de\/wp-content\/uploads\/\/2016\/04\/logo.png","width":170,"height":70,"caption":"Phanimenal"},"image":{"@id":"https:\/\/phanimenal.de\/#\/schema\/logo\/image\/"},"sameAs":["https:\/\/www.facebook.com\/phanimenal","https:\/\/www.instagram.com\/phanimenal","https:\/\/www.youtube.com\/channel\/UCbK_Z9H_JoD0sWZeb2guVxw"]},{"@type":"Person","@id":"https:\/\/phanimenal.de\/#\/schema\/person\/9ae1ecc2c1c2ee5e36b50979d58c3dbb","name":"DT","image":{"@type":"ImageObject","inLanguage":"de","@id":"https:\/\/phanimenal.de\/#\/schema\/person\/image\/","url":"https:\/\/secure.gravatar.com\/avatar\/8dcc4e3662b2f6f1961ea6e41f9f18a9?s=96&d=mm&r=g","contentUrl":"https:\/\/secure.gravatar.com\/avatar\/8dcc4e3662b2f6f1961ea6e41f9f18a9?s=96&d=mm&r=g","caption":"DT"},"url":"https:\/\/phanimenal.de\/index.php\/author\/dt\/"}]}},"jetpack_featured_media_url":"https:\/\/phanimenal.de\/wp-content\/uploads\/\/aninews321.jpg","_links":{"self":[{"href":"https:\/\/phanimenal.de\/index.php\/wp-json\/wp\/v2\/posts\/9434"}],"collection":[{"href":"https:\/\/phanimenal.de\/index.php\/wp-json\/wp\/v2\/posts"}],"about":[{"href":"https:\/\/phanimenal.de\/index.php\/wp-json\/wp\/v2\/types\/post"}],"author":[{"embeddable":true,"href":"https:\/\/phanimenal.de\/index.php\/wp-json\/wp\/v2\/users\/10"}],"replies":[{"embeddable":true,"href":"https:\/\/phanimenal.de\/index.php\/wp-json\/wp\/v2\/comments?post=9434"}],"version-history":[{"count":4,"href":"https:\/\/phanimenal.de\/index.php\/wp-json\/wp\/v2\/posts\/9434\/revisions"}],"predecessor-version":[{"id":9439,"href":"https:\/\/phanimenal.de\/index.php\/wp-json\/wp\/v2\/posts\/9434\/revisions\/9439"}],"wp:featuredmedia":[{"embeddable":true,"href":"https:\/\/phanimenal.de\/index.php\/wp-json\/wp\/v2\/media\/9440"}],"wp:attachment":[{"href":"https:\/\/phanimenal.de\/index.php\/wp-json\/wp\/v2\/media?parent=9434"}],"wp:term":[{"taxonomy":"category","embeddable":true,"href":"https:\/\/phanimenal.de\/index.php\/wp-json\/wp\/v2\/categories?post=9434"},{"taxonomy":"post_tag","embeddable":true,"href":"https:\/\/phanimenal.de\/index.php\/wp-json\/wp\/v2\/tags?post=9434"}],"curies":[{"name":"wp","href":"https:\/\/api.w.org\/{rel}","templated":true}]}}