{"id":9721,"date":"2020-08-06T05:48:04","date_gmt":"2020-08-06T03:48:04","guid":{"rendered":"https:\/\/phanimenal.de\/?p=9721"},"modified":"2020-08-06T05:48:04","modified_gmt":"2020-08-06T03:48:04","slug":"one-piece-tower-eiichiro-oda-veroeffentlicht-abschiedsvideo","status":"publish","type":"post","link":"https:\/\/phanimenal.de\/index.php\/2020\/08\/06\/one-piece-tower-eiichiro-oda-veroeffentlicht-abschiedsvideo\/","title":{"rendered":"One Piece Tower &#8211; Eiichiro Oda ver\u00f6ffentlicht Abschiedsvideo"},"content":{"rendered":"<h2 style=\"text-align: center;\">Corona Virus<\/h2>\n<p>Das Corona Virus setzt der internationalen Wirtschaft immer noch gro\u00dfen Schaden zu. Aufgrund der Corona-Pandemie mussten viele Firmen f\u00fcr mehrere Monate ihr Angebot einstellen, besonders Firmen, in denen viel Menschenkontakt besteht waren von diesen Einschr\u00e4nkungen stark betroffen.<\/p>\n<p>Dies traf auch die Beitreiber-Firma des &#8222;<a href=\"https:\/\/phanimenal.de\/?s=One+Piece\">One Piece<\/a> Tower&#8220; in Tokio. Dieser wurde nach dem 31. Juli 2020 permanent geschlossen. In einem Statement erkl\u00e4rten die Verantwortlichen, dass man aufgrund der aktuellen Regelungen in Bezug auf COVID-19, den Tower nicht wie gewohnt weiterf\u00fchren k\u00f6nne.<\/p>\n<p>Der Tokio Tower wurde bereits am 15. Februar aufgrund der Corona-Pandemie geschlossen. Nun wurde ein Abschiedsvideo ver\u00f6ffentlicht, in dem einige Momente der letzten f\u00fcnf Jahre des One Piece Towers gezeigt werden. Am Ende des Videos gibt es eine Nachricht von Eiichiro Oda h\u00f6chstpers\u00f6nlich.<\/p>\n<p>Der One Piece-Mangaka nimmt in seinem Statement Bezug auf die aktuelle Corona-Krise und die daraus resultierende Situation weltweit. Des Weiteren bedankt er sich bei denn Betreibern des One Piece Towers f\u00fcr die f\u00fcnf Jahre.\u00a0So hei\u00dft es:<\/p>\n<p>&#8222;Wer h\u00e4tte sich jemals denken k\u00f6nnen, dass eine solche Situation jemalt kommen w\u00fcrde? Kontakt mit Menschen macht Spa\u00df, ist jedoch derzeit nicht m\u00f6glich. Es ist sehr traurig, aber f\u00fcnf Jahre sind eine lange Zeit! Es waren Jahre voller Erinnerungen f\u00fcr die Fans. Die Schauspieler, die jeden Tag auf der B\u00fchne standen, die zahlreichen Attraktionen und die Mitarbeiter, die uns tatkr\u00e4ftig unterst\u00fctzt haben.<\/p>\n<p>Ich denke, es war eine sehr sch\u00f6ne und intime Zeit. Ich bin sehr dankbar, dass ihr [One Piece Tower] so viel f\u00fcr &#8218;One Piece&#8216; getan habt.\u00a0 Der Tokyo One Piece Tower ist zu einer Legende geworden! Ich freue mich schon darauf, euch alle in einer anderen Form wiederzusehen. <em>Vielen Dank, dass ihr f\u00fcnf Jahre lang einen Ort geschaffen habt, der viel Spa\u00df bereitet hat!&#8220;<\/em><\/p>\n<p>Hier seht ihr das Abschiedsvideo:<\/p>\n<div class=\"lyte-wrapper fourthree\" style=\"width:420px;max-width:100%;margin:5px;\"><div class=\"lyMe\" id=\"WYL_4kh-k31EXYk\"><div id=\"lyte_4kh-k31EXYk\" data-src=\"\/\/i.ytimg.com\/vi\/4kh-k31EXYk\/hqdefault.jpg\" class=\"pL\"><div class=\"tC\"><div class=\"tT\"><\/div><\/div><div class=\"play\"><\/div><div class=\"ctrl\"><div class=\"Lctrl\"><\/div><div class=\"Rctrl\"><\/div><\/div><\/div><noscript><a href=\"https:\/\/youtu.be\/4kh-k31EXYk\" rel=\"nofollow\"><img src=\"https:\/\/i.ytimg.com\/vi\/4kh-k31EXYk\/0.jpg\" alt=\"YouTube-Video-Thumbnail\" width=\"420\" height=\"295\" \/><br \/>Dieses Video auf YouTube ansehen<\/a><\/noscript><\/div><\/div><div class=\"lL\" style=\"max-width:100%;width:420px;margin:5px;\"><\/div><\/p>\n","protected":false},"excerpt":{"rendered":"<p>Corona Virus Das Corona Virus setzt der internationalen Wirtschaft immer noch gro\u00dfen Schaden zu. Aufgrund der Corona-Pandemie mussten viele Firmen<\/p>\n","protected":false},"author":1,"featured_media":1683,"comment_status":"closed","ping_status":"closed","sticky":false,"template":"","format":"standard","meta":[],"categories":[2],"tags":[124],"yoast_head":"<!-- This site is optimized with the Yoast SEO Premium plugin v20.2.1 (Yoast SEO v20.2.1) - https:\/\/yoast.com\/wordpress\/plugins\/seo\/ -->\n<title>One Piece Tower - Eiichiro Oda ver\u00f6ffentlicht Abschiedsvideo - Phanimenal - T\u00e4glich interessante Anime News und Gaming News<\/title>\n<meta name=\"robots\" content=\"index, follow, max-snippet:-1, max-image-preview:large, max-video-preview:-1\" \/>\n<link rel=\"canonical\" href=\"https:\/\/phanimenal.de\/index.php\/2020\/08\/06\/one-piece-tower-eiichiro-oda-veroeffentlicht-abschiedsvideo\/\" \/>\n<meta property=\"og:locale\" content=\"de_DE\" \/>\n<meta property=\"og:type\" content=\"article\" \/>\n<meta property=\"og:title\" content=\"One Piece Tower - Eiichiro Oda ver\u00f6ffentlicht Abschiedsvideo\" \/>\n<meta property=\"og:description\" content=\"One Piece\" \/>\n<meta property=\"og:url\" content=\"https:\/\/phanimenal.de\/index.php\/2020\/08\/06\/one-piece-tower-eiichiro-oda-veroeffentlicht-abschiedsvideo\/\" \/>\n<meta property=\"og:site_name\" content=\"Phanimenal - T\u00e4glich interessante Anime News und Gaming News\" \/>\n<meta property=\"article:publisher\" content=\"https:\/\/www.facebook.com\/phanimenal\" \/>\n<meta property=\"article:published_time\" content=\"2020-08-06T03:48:04+00:00\" \/>\n<meta property=\"og:image\" content=\"https:\/\/phanimenal.de\/wp-content\/uploads\/\/2017\/06\/OnePieceUnlimitedWorldRed.jpg\" \/>\n\t<meta property=\"og:image:width\" content=\"998\" \/>\n\t<meta property=\"og:image:height\" content=\"594\" \/>\n\t<meta property=\"og:image:type\" content=\"image\/jpeg\" \/>\n<meta name=\"author\" content=\"AM\" \/>\n<meta name=\"twitter:label1\" content=\"Verfasst von\" \/>\n\t<meta name=\"twitter:data1\" content=\"AM\" \/>\n\t<meta name=\"twitter:label2\" content=\"Gesch\u00e4tzte Lesezeit\" \/>\n\t<meta name=\"twitter:data2\" content=\"2\u00a0Minuten\" \/>\n<script type=\"application\/ld+json\" class=\"yoast-schema-graph\">{\"@context\":\"https:\/\/schema.org\",\"@graph\":[{\"@type\":\"Article\",\"@id\":\"https:\/\/phanimenal.de\/index.php\/2020\/08\/06\/one-piece-tower-eiichiro-oda-veroeffentlicht-abschiedsvideo\/#article\",\"isPartOf\":{\"@id\":\"https:\/\/phanimenal.de\/index.php\/2020\/08\/06\/one-piece-tower-eiichiro-oda-veroeffentlicht-abschiedsvideo\/\"},\"author\":{\"name\":\"AM\",\"@id\":\"https:\/\/phanimenal.de\/#\/schema\/person\/e1dd9265ac0385ecb373011a052bc293\"},\"headline\":\"One Piece Tower &#8211; Eiichiro Oda ver\u00f6ffentlicht Abschiedsvideo\",\"datePublished\":\"2020-08-06T03:48:04+00:00\",\"dateModified\":\"2020-08-06T03:48:04+00:00\",\"mainEntityOfPage\":{\"@id\":\"https:\/\/phanimenal.de\/index.php\/2020\/08\/06\/one-piece-tower-eiichiro-oda-veroeffentlicht-abschiedsvideo\/\"},\"wordCount\":332,\"publisher\":{\"@id\":\"https:\/\/phanimenal.de\/#organization\"},\"keywords\":[\"one piece\"],\"articleSection\":[\"Anime\"],\"inLanguage\":\"de\",\"copyrightYear\":\"2020\",\"copyrightHolder\":{\"@id\":\"https:\/\/phanimenal.de\/#organization\"}},{\"@type\":\"WebPage\",\"@id\":\"https:\/\/phanimenal.de\/index.php\/2020\/08\/06\/one-piece-tower-eiichiro-oda-veroeffentlicht-abschiedsvideo\/\",\"url\":\"https:\/\/phanimenal.de\/index.php\/2020\/08\/06\/one-piece-tower-eiichiro-oda-veroeffentlicht-abschiedsvideo\/\",\"name\":\"One Piece Tower - Eiichiro Oda ver\u00f6ffentlicht Abschiedsvideo - Phanimenal - T\u00e4glich interessante Anime News und Gaming News\",\"isPartOf\":{\"@id\":\"https:\/\/phanimenal.de\/#website\"},\"datePublished\":\"2020-08-06T03:48:04+00:00\",\"dateModified\":\"2020-08-06T03:48:04+00:00\",\"breadcrumb\":{\"@id\":\"https:\/\/phanimenal.de\/index.php\/2020\/08\/06\/one-piece-tower-eiichiro-oda-veroeffentlicht-abschiedsvideo\/#breadcrumb\"},\"inLanguage\":\"de\",\"potentialAction\":[{\"@type\":\"ReadAction\",\"target\":[\"https:\/\/phanimenal.de\/index.php\/2020\/08\/06\/one-piece-tower-eiichiro-oda-veroeffentlicht-abschiedsvideo\/\"]}]},{\"@type\":\"BreadcrumbList\",\"@id\":\"https:\/\/phanimenal.de\/index.php\/2020\/08\/06\/one-piece-tower-eiichiro-oda-veroeffentlicht-abschiedsvideo\/#breadcrumb\",\"itemListElement\":[{\"@type\":\"ListItem\",\"position\":1,\"name\":\"Startseite\",\"item\":\"https:\/\/phanimenal.de\/\"},{\"@type\":\"ListItem\",\"position\":2,\"name\":\"One Piece Tower &#8211; Eiichiro Oda ver\u00f6ffentlicht Abschiedsvideo\"}]},{\"@type\":\"WebSite\",\"@id\":\"https:\/\/phanimenal.de\/#website\",\"url\":\"https:\/\/phanimenal.de\/\",\"name\":\"Phanimenal - T\u00e4glich interessante Anime News und Gaming News\",\"description\":\"Auf Phanimenal findest du die aktuellsten Anime-News aus Japan und Deutschland\",\"publisher\":{\"@id\":\"https:\/\/phanimenal.de\/#organization\"},\"potentialAction\":[{\"@type\":\"SearchAction\",\"target\":{\"@type\":\"EntryPoint\",\"urlTemplate\":\"https:\/\/phanimenal.de\/?s={search_term_string}\"},\"query-input\":\"required name=search_term_string\"}],\"inLanguage\":\"de\"},{\"@type\":\"Organization\",\"@id\":\"https:\/\/phanimenal.de\/#organization\",\"name\":\"Phanimenal\",\"url\":\"https:\/\/phanimenal.de\/\",\"logo\":{\"@type\":\"ImageObject\",\"inLanguage\":\"de\",\"@id\":\"https:\/\/phanimenal.de\/#\/schema\/logo\/image\/\",\"url\":\"https:\/\/phanimenal.de\/wp-content\/uploads\/\/2016\/04\/logo.png\",\"contentUrl\":\"https:\/\/phanimenal.de\/wp-content\/uploads\/\/2016\/04\/logo.png\",\"width\":170,\"height\":70,\"caption\":\"Phanimenal\"},\"image\":{\"@id\":\"https:\/\/phanimenal.de\/#\/schema\/logo\/image\/\"},\"sameAs\":[\"https:\/\/www.facebook.com\/phanimenal\",\"https:\/\/www.instagram.com\/phanimenal\",\"https:\/\/www.youtube.com\/channel\/UCbK_Z9H_JoD0sWZeb2guVxw\"]},{\"@type\":\"Person\",\"@id\":\"https:\/\/phanimenal.de\/#\/schema\/person\/e1dd9265ac0385ecb373011a052bc293\",\"name\":\"AM\",\"image\":{\"@type\":\"ImageObject\",\"inLanguage\":\"de\",\"@id\":\"https:\/\/phanimenal.de\/#\/schema\/person\/image\/\",\"url\":\"https:\/\/secure.gravatar.com\/avatar\/87c965ccf859177fd81ae236167111a1?s=96&d=mm&r=g\",\"contentUrl\":\"https:\/\/secure.gravatar.com\/avatar\/87c965ccf859177fd81ae236167111a1?s=96&d=mm&r=g\",\"caption\":\"AM\"},\"sameAs\":[\"http:\/\/wp2.phanimenal.de\"],\"url\":\"https:\/\/phanimenal.de\/index.php\/author\/admin\/\"}]}<\/script>\n<!-- \/ Yoast SEO Premium plugin. -->","yoast_head_json":{"title":"One Piece Tower - Eiichiro Oda ver\u00f6ffentlicht Abschiedsvideo - Phanimenal - T\u00e4glich interessante Anime News und Gaming News","robots":{"index":"index","follow":"follow","max-snippet":"max-snippet:-1","max-image-preview":"max-image-preview:large","max-video-preview":"max-video-preview:-1"},"canonical":"https:\/\/phanimenal.de\/index.php\/2020\/08\/06\/one-piece-tower-eiichiro-oda-veroeffentlicht-abschiedsvideo\/","og_locale":"de_DE","og_type":"article","og_title":"One Piece Tower - Eiichiro Oda ver\u00f6ffentlicht Abschiedsvideo","og_description":"One Piece","og_url":"https:\/\/phanimenal.de\/index.php\/2020\/08\/06\/one-piece-tower-eiichiro-oda-veroeffentlicht-abschiedsvideo\/","og_site_name":"Phanimenal - T\u00e4glich interessante Anime News und Gaming News","article_publisher":"https:\/\/www.facebook.com\/phanimenal","article_published_time":"2020-08-06T03:48:04+00:00","og_image":[{"width":998,"height":594,"url":"https:\/\/phanimenal.de\/wp-content\/uploads\/\/2017\/06\/OnePieceUnlimitedWorldRed.jpg","type":"image\/jpeg"}],"author":"AM","twitter_misc":{"Verfasst von":"AM","Gesch\u00e4tzte Lesezeit":"2\u00a0Minuten"},"schema":{"@context":"https:\/\/schema.org","@graph":[{"@type":"Article","@id":"https:\/\/phanimenal.de\/index.php\/2020\/08\/06\/one-piece-tower-eiichiro-oda-veroeffentlicht-abschiedsvideo\/#article","isPartOf":{"@id":"https:\/\/phanimenal.de\/index.php\/2020\/08\/06\/one-piece-tower-eiichiro-oda-veroeffentlicht-abschiedsvideo\/"},"author":{"name":"AM","@id":"https:\/\/phanimenal.de\/#\/schema\/person\/e1dd9265ac0385ecb373011a052bc293"},"headline":"One Piece Tower &#8211; Eiichiro Oda ver\u00f6ffentlicht Abschiedsvideo","datePublished":"2020-08-06T03:48:04+00:00","dateModified":"2020-08-06T03:48:04+00:00","mainEntityOfPage":{"@id":"https:\/\/phanimenal.de\/index.php\/2020\/08\/06\/one-piece-tower-eiichiro-oda-veroeffentlicht-abschiedsvideo\/"},"wordCount":332,"publisher":{"@id":"https:\/\/phanimenal.de\/#organization"},"keywords":["one piece"],"articleSection":["Anime"],"inLanguage":"de","copyrightYear":"2020","copyrightHolder":{"@id":"https:\/\/phanimenal.de\/#organization"}},{"@type":"WebPage","@id":"https:\/\/phanimenal.de\/index.php\/2020\/08\/06\/one-piece-tower-eiichiro-oda-veroeffentlicht-abschiedsvideo\/","url":"https:\/\/phanimenal.de\/index.php\/2020\/08\/06\/one-piece-tower-eiichiro-oda-veroeffentlicht-abschiedsvideo\/","name":"One Piece Tower - Eiichiro Oda ver\u00f6ffentlicht Abschiedsvideo - Phanimenal - T\u00e4glich interessante Anime News und Gaming News","isPartOf":{"@id":"https:\/\/phanimenal.de\/#website"},"datePublished":"2020-08-06T03:48:04+00:00","dateModified":"2020-08-06T03:48:04+00:00","breadcrumb":{"@id":"https:\/\/phanimenal.de\/index.php\/2020\/08\/06\/one-piece-tower-eiichiro-oda-veroeffentlicht-abschiedsvideo\/#breadcrumb"},"inLanguage":"de","potentialAction":[{"@type":"ReadAction","target":["https:\/\/phanimenal.de\/index.php\/2020\/08\/06\/one-piece-tower-eiichiro-oda-veroeffentlicht-abschiedsvideo\/"]}]},{"@type":"BreadcrumbList","@id":"https:\/\/phanimenal.de\/index.php\/2020\/08\/06\/one-piece-tower-eiichiro-oda-veroeffentlicht-abschiedsvideo\/#breadcrumb","itemListElement":[{"@type":"ListItem","position":1,"name":"Startseite","item":"https:\/\/phanimenal.de\/"},{"@type":"ListItem","position":2,"name":"One Piece Tower &#8211; Eiichiro Oda ver\u00f6ffentlicht Abschiedsvideo"}]},{"@type":"WebSite","@id":"https:\/\/phanimenal.de\/#website","url":"https:\/\/phanimenal.de\/","name":"Phanimenal - T\u00e4glich interessante Anime News und Gaming News","description":"Auf Phanimenal findest du die aktuellsten Anime-News aus Japan und Deutschland","publisher":{"@id":"https:\/\/phanimenal.de\/#organization"},"potentialAction":[{"@type":"SearchAction","target":{"@type":"EntryPoint","urlTemplate":"https:\/\/phanimenal.de\/?s={search_term_string}"},"query-input":"required name=search_term_string"}],"inLanguage":"de"},{"@type":"Organization","@id":"https:\/\/phanimenal.de\/#organization","name":"Phanimenal","url":"https:\/\/phanimenal.de\/","logo":{"@type":"ImageObject","inLanguage":"de","@id":"https:\/\/phanimenal.de\/#\/schema\/logo\/image\/","url":"https:\/\/phanimenal.de\/wp-content\/uploads\/\/2016\/04\/logo.png","contentUrl":"https:\/\/phanimenal.de\/wp-content\/uploads\/\/2016\/04\/logo.png","width":170,"height":70,"caption":"Phanimenal"},"image":{"@id":"https:\/\/phanimenal.de\/#\/schema\/logo\/image\/"},"sameAs":["https:\/\/www.facebook.com\/phanimenal","https:\/\/www.instagram.com\/phanimenal","https:\/\/www.youtube.com\/channel\/UCbK_Z9H_JoD0sWZeb2guVxw"]},{"@type":"Person","@id":"https:\/\/phanimenal.de\/#\/schema\/person\/e1dd9265ac0385ecb373011a052bc293","name":"AM","image":{"@type":"ImageObject","inLanguage":"de","@id":"https:\/\/phanimenal.de\/#\/schema\/person\/image\/","url":"https:\/\/secure.gravatar.com\/avatar\/87c965ccf859177fd81ae236167111a1?s=96&d=mm&r=g","contentUrl":"https:\/\/secure.gravatar.com\/avatar\/87c965ccf859177fd81ae236167111a1?s=96&d=mm&r=g","caption":"AM"},"sameAs":["http:\/\/wp2.phanimenal.de"],"url":"https:\/\/phanimenal.de\/index.php\/author\/admin\/"}]}},"jetpack_featured_media_url":"https:\/\/phanimenal.de\/wp-content\/uploads\/\/2017\/06\/OnePieceUnlimitedWorldRed.jpg","_links":{"self":[{"href":"https:\/\/phanimenal.de\/index.php\/wp-json\/wp\/v2\/posts\/9721"}],"collection":[{"href":"https:\/\/phanimenal.de\/index.php\/wp-json\/wp\/v2\/posts"}],"about":[{"href":"https:\/\/phanimenal.de\/index.php\/wp-json\/wp\/v2\/types\/post"}],"author":[{"embeddable":true,"href":"https:\/\/phanimenal.de\/index.php\/wp-json\/wp\/v2\/users\/1"}],"replies":[{"embeddable":true,"href":"https:\/\/phanimenal.de\/index.php\/wp-json\/wp\/v2\/comments?post=9721"}],"version-history":[{"count":2,"href":"https:\/\/phanimenal.de\/index.php\/wp-json\/wp\/v2\/posts\/9721\/revisions"}],"predecessor-version":[{"id":9731,"href":"https:\/\/phanimenal.de\/index.php\/wp-json\/wp\/v2\/posts\/9721\/revisions\/9731"}],"wp:featuredmedia":[{"embeddable":true,"href":"https:\/\/phanimenal.de\/index.php\/wp-json\/wp\/v2\/media\/1683"}],"wp:attachment":[{"href":"https:\/\/phanimenal.de\/index.php\/wp-json\/wp\/v2\/media?parent=9721"}],"wp:term":[{"taxonomy":"category","embeddable":true,"href":"https:\/\/phanimenal.de\/index.php\/wp-json\/wp\/v2\/categories?post=9721"},{"taxonomy":"post_tag","embeddable":true,"href":"https:\/\/phanimenal.de\/index.php\/wp-json\/wp\/v2\/tags?post=9721"}],"curies":[{"name":"wp","href":"https:\/\/api.w.org\/{rel}","templated":true}]}}