{"id":9831,"date":"2020-09-16T13:23:59","date_gmt":"2020-09-16T11:23:59","guid":{"rendered":"https:\/\/phanimenal.de\/?p=9831"},"modified":"2020-09-16T13:37:35","modified_gmt":"2020-09-16T11:37:35","slug":"eiichiro-oda-ende-one-piece-detailiert","status":"publish","type":"post","link":"https:\/\/phanimenal.de\/index.php\/2020\/09\/16\/eiichiro-oda-ende-one-piece-detailiert\/","title":{"rendered":"Eiichiro Oda mit detaillierterer Beschreibung zum Ende von One Piece"},"content":{"rendered":"<h2 style=\"text-align: center;\"><a href=\"https:\/\/phanimenal.de\/?s=One+Piece\">One Piece<\/a><\/h2>\n<p>Nachdem mit <a href=\"https:\/\/phanimenal.de\/?s=Naruto\">Naruto<\/a>, <a href=\"https:\/\/phanimenal.de\/?s=Bleach\">Bleach<\/a> und <a href=\"https:\/\/phanimenal.de\/?s=Fairy+Tail\">Fairy Tail<\/a> drei der vier gro\u00dfen Animes ihr Ende gefunden haben, wird &#8222;bald&#8220; auch One Piece dieses Schicksal erfahren. Wie Eiichiro Oda, der Mangaka vom gleichnamigen Manga, bereits vor wenigen Jahren bekannt gegeben hat, wird es nicht mehr all zulange dauern, bis <a href=\"https:\/\/phanimenal.de\/?s=Luffy\">Luffy<\/a> das Ende seiner Geschichte ansegeln wird.<\/p>\n<p>In seinen vorherigen Aussagen sprach Eiichiro Oda lediglich vom Ende der Geschichte und nun hat sich der One Piece Sch\u00f6pfer in einem neuen Q&amp;A im 97 Band etwas detaillierter zu diesem besagten &#8222;Ende&#8220; ge\u00e4u\u00dfert.<\/p>\n<p>In seinem Statement verr\u00e4t der Mangaka, was er genau mit &#8222;Ende&#8220; meint. Demnach beschreibe diese Aussage den &#8222;interessantesten Teil von Luffys Abenteuer&#8220;, an de dann auch enth\u00fcllt werde, was das One Piece eigentlich sei. Des Weiteren soll sich die Fans auf &#8222;den gr\u00f6\u00dften Krieg der Geschichte von One Piece&#8220; vorbereiten, denn dieser w\u00fcrde &#8222;die ganze Welt verschlingen&#8220;, hei\u00dft es in seiner Antwort auf die Frage, was er genau mit dem &#8222;Ende&#8220; meint.<\/p>\n<p><em>&#8222;Mit &#8218;Ende&#8216; meine ich den interessantesten Teil von Luffys Abenteuer. Denn dann soll das R\u00e4tsel &#8218;Was ist das One Piece?&#8216; gel\u00fcftet werden. <\/em><em>Derzeit kommt Wano so richtig in Fahrt, und wenn es Luffy gelingt, in einem St\u00fcck von hier wegzukommen, werden wir zu einer Entwicklung gelangen, die die ganze Welt verschlingen wird und von der noch niemand zuvor gelesen hat - der gr\u00f6\u00dfte Krieg in der Geschichte von One Piece.<\/em><\/p>\n<p><em>Ich habe gesagt, was ich gesagt habe, damit die Herzen der Leser vorbereitet sind, denn es wird ein so langer Handlungsbogen sein, der die Geschichte wirklich auf die Ziellinie zusteuern wird. Abgesehen davon genie\u00dfe ich es wirklich, Wano gerade wieder in Ordnung zu bringen, und bin gespannt darauf, diesen Abschnitt zu beenden.&#8220;<\/em><\/p>\n<p>One Piece wurde von Eiichiro Oda im Jahr 1997 gestartet und wurde seitdem im &#8222;Weekly Shonen <a href=\"https:\/\/phanimenal.de\/?s=Jump\">Jump<\/a>&#8220; Magazin ver\u00f6ffentlicht. Bisher wurden insgesamt 97 B\u00e4nde des Mangas in <a href=\"https:\/\/phanimenal.de\/?s=Japan\">Japan<\/a> ver\u00f6ffentlicht. Eiichiro Oda gab vergangenen Monat nochmal bekannt, dass der Manga in <a href=\"https:\/\/phanimenal.de\/index.php\/2020\/09\/09\/eiichiro-oda-ueber-ruffys-mutter\/\">vier bis f\u00fcnf Jahren sein Ende finden wird<\/a>, womit der Manga eine vermeintliche Laufzeit von insgesamt ca. 27 Jahren erreichen k\u00f6nnte .<\/p>\n<p>Hier seht ihr das Cover vom 97 Band, aus dem das Statement stammte:<\/p>\n<figure id=\"attachment_9832\" aria-describedby=\"caption-attachment-9832\" style=\"width: 682px\" class=\"wp-caption aligncenter\"><img decoding=\"async\" loading=\"lazy\" class=\"size-full wp-image-9832\" src=\"https:\/\/phanimenal.de\/wp-content\/uploads\/OnePieceBad97.jpg\" alt=\"Cover vom 97. Band vom Manga One Piece\" width=\"682\" height=\"1024\" srcset=\"https:\/\/phanimenal.de\/wp-content\/uploads\/OnePieceBad97.jpg 682w, https:\/\/phanimenal.de\/wp-content\/uploads\/OnePieceBad97-200x300.jpg 200w\" sizes=\"(max-width: 682px) 100vw, 682px\" \/><figcaption id=\"caption-attachment-9832\" class=\"wp-caption-text\">Cover vom 97. Band vom Manga One Piece<\/figcaption><\/figure>\n","protected":false},"excerpt":{"rendered":"<p><a href=\"https:\/\/phanimenal.de\/?s=One+Piece\">One Piece<\/a> Nachdem mit <a href=\"https:\/\/phanimenal.de\/?s=Naruto\">Naruto<\/a>, <a href=\"https:\/\/phanimenal.de\/?s=Bleach\">Bleach<\/a> und <a href=\"https:\/\/phanimenal.de\/?s=Fairy+Tail\">Fairy Tail<\/a> drei der vier gro\u00dfen Animes ihr Ende gefunden haben, wird &#8222;bald&#8220;<\/p>\n","protected":false},"author":1,"featured_media":1116,"comment_status":"closed","ping_status":"closed","sticky":false,"template":"","format":"standard","meta":[],"categories":[2],"tags":[11,67,207,23,162,124,155],"yoast_head":"<!-- This site is optimized with the Yoast SEO Premium plugin v20.2.1 (Yoast SEO v20.2.1) - https:\/\/yoast.com\/wordpress\/plugins\/seo\/ -->\n<title>Eiichiro Oda mit detaillierterer Beschreibung zum Ende von One Piece - Phanimenal - T\u00e4glich interessante Anime News und Gaming News<\/title>\n<meta name=\"robots\" content=\"index, follow, max-snippet:-1, max-image-preview:large, max-video-preview:-1\" \/>\n<link rel=\"canonical\" href=\"https:\/\/phanimenal.de\/index.php\/2020\/09\/16\/eiichiro-oda-ende-one-piece-detailiert\/\" \/>\n<meta property=\"og:locale\" content=\"de_DE\" \/>\n<meta property=\"og:type\" content=\"article\" \/>\n<meta property=\"og:title\" content=\"Eiichiro Oda mit detaillierterer Beschreibung zum Ende von One Piece\" \/>\n<meta property=\"og:description\" content=\"Phanimenal - T\u00e4glich interessante Anime News und Gaming News\" \/>\n<meta property=\"og:url\" content=\"https:\/\/phanimenal.de\/index.php\/2020\/09\/16\/eiichiro-oda-ende-one-piece-detailiert\/\" \/>\n<meta property=\"og:site_name\" content=\"Phanimenal - T\u00e4glich interessante Anime News und Gaming News\" \/>\n<meta property=\"article:publisher\" content=\"https:\/\/www.facebook.com\/phanimenal\" \/>\n<meta property=\"article:published_time\" content=\"2020-09-16T11:23:59+00:00\" \/>\n<meta property=\"article:modified_time\" content=\"2020-09-16T11:37:35+00:00\" \/>\n<meta property=\"og:image\" content=\"https:\/\/phanimenal.de\/wp-content\/uploads\/\/2017\/03\/OnePieceLuffyAokiji.jpg\" \/>\n\t<meta property=\"og:image:width\" content=\"998\" \/>\n\t<meta property=\"og:image:height\" content=\"594\" \/>\n\t<meta property=\"og:image:type\" content=\"image\/jpeg\" \/>\n<meta name=\"author\" content=\"AM\" \/>\n<meta name=\"twitter:label1\" content=\"Verfasst von\" \/>\n\t<meta name=\"twitter:data1\" content=\"AM\" \/>\n\t<meta name=\"twitter:label2\" content=\"Gesch\u00e4tzte Lesezeit\" \/>\n\t<meta name=\"twitter:data2\" content=\"2\u00a0Minuten\" \/>\n<script type=\"application\/ld+json\" class=\"yoast-schema-graph\">{\"@context\":\"https:\/\/schema.org\",\"@graph\":[{\"@type\":\"Article\",\"@id\":\"https:\/\/phanimenal.de\/index.php\/2020\/09\/16\/eiichiro-oda-ende-one-piece-detailiert\/#article\",\"isPartOf\":{\"@id\":\"https:\/\/phanimenal.de\/index.php\/2020\/09\/16\/eiichiro-oda-ende-one-piece-detailiert\/\"},\"author\":{\"name\":\"AM\",\"@id\":\"https:\/\/phanimenal.de\/#\/schema\/person\/e1dd9265ac0385ecb373011a052bc293\"},\"headline\":\"Eiichiro Oda mit detaillierterer Beschreibung zum Ende von One Piece\",\"datePublished\":\"2020-09-16T11:23:59+00:00\",\"dateModified\":\"2020-09-16T11:37:35+00:00\",\"mainEntityOfPage\":{\"@id\":\"https:\/\/phanimenal.de\/index.php\/2020\/09\/16\/eiichiro-oda-ende-one-piece-detailiert\/\"},\"wordCount\":397,\"publisher\":{\"@id\":\"https:\/\/phanimenal.de\/#organization\"},\"keywords\":[\"Anime\",\"Ende\",\"Luffy\",\"Manga\",\"Nami\",\"one piece\",\"Zorro\"],\"articleSection\":[\"Anime\"],\"inLanguage\":\"de\",\"copyrightYear\":\"2020\",\"copyrightHolder\":{\"@id\":\"https:\/\/phanimenal.de\/#organization\"}},{\"@type\":\"WebPage\",\"@id\":\"https:\/\/phanimenal.de\/index.php\/2020\/09\/16\/eiichiro-oda-ende-one-piece-detailiert\/\",\"url\":\"https:\/\/phanimenal.de\/index.php\/2020\/09\/16\/eiichiro-oda-ende-one-piece-detailiert\/\",\"name\":\"Eiichiro Oda mit detaillierterer Beschreibung zum Ende von One Piece - Phanimenal - T\u00e4glich interessante Anime News und Gaming News\",\"isPartOf\":{\"@id\":\"https:\/\/phanimenal.de\/#website\"},\"datePublished\":\"2020-09-16T11:23:59+00:00\",\"dateModified\":\"2020-09-16T11:37:35+00:00\",\"breadcrumb\":{\"@id\":\"https:\/\/phanimenal.de\/index.php\/2020\/09\/16\/eiichiro-oda-ende-one-piece-detailiert\/#breadcrumb\"},\"inLanguage\":\"de\",\"potentialAction\":[{\"@type\":\"ReadAction\",\"target\":[\"https:\/\/phanimenal.de\/index.php\/2020\/09\/16\/eiichiro-oda-ende-one-piece-detailiert\/\"]}]},{\"@type\":\"BreadcrumbList\",\"@id\":\"https:\/\/phanimenal.de\/index.php\/2020\/09\/16\/eiichiro-oda-ende-one-piece-detailiert\/#breadcrumb\",\"itemListElement\":[{\"@type\":\"ListItem\",\"position\":1,\"name\":\"Startseite\",\"item\":\"https:\/\/phanimenal.de\/\"},{\"@type\":\"ListItem\",\"position\":2,\"name\":\"Eiichiro Oda mit detaillierterer Beschreibung zum Ende von One Piece\"}]},{\"@type\":\"WebSite\",\"@id\":\"https:\/\/phanimenal.de\/#website\",\"url\":\"https:\/\/phanimenal.de\/\",\"name\":\"Phanimenal - T\u00e4glich interessante Anime News und Gaming News\",\"description\":\"Auf Phanimenal findest du die aktuellsten Anime-News aus Japan und Deutschland\",\"publisher\":{\"@id\":\"https:\/\/phanimenal.de\/#organization\"},\"potentialAction\":[{\"@type\":\"SearchAction\",\"target\":{\"@type\":\"EntryPoint\",\"urlTemplate\":\"https:\/\/phanimenal.de\/?s={search_term_string}\"},\"query-input\":\"required name=search_term_string\"}],\"inLanguage\":\"de\"},{\"@type\":\"Organization\",\"@id\":\"https:\/\/phanimenal.de\/#organization\",\"name\":\"Phanimenal\",\"url\":\"https:\/\/phanimenal.de\/\",\"logo\":{\"@type\":\"ImageObject\",\"inLanguage\":\"de\",\"@id\":\"https:\/\/phanimenal.de\/#\/schema\/logo\/image\/\",\"url\":\"https:\/\/phanimenal.de\/wp-content\/uploads\/\/2016\/04\/logo.png\",\"contentUrl\":\"https:\/\/phanimenal.de\/wp-content\/uploads\/\/2016\/04\/logo.png\",\"width\":170,\"height\":70,\"caption\":\"Phanimenal\"},\"image\":{\"@id\":\"https:\/\/phanimenal.de\/#\/schema\/logo\/image\/\"},\"sameAs\":[\"https:\/\/www.facebook.com\/phanimenal\",\"https:\/\/www.instagram.com\/phanimenal\",\"https:\/\/www.youtube.com\/channel\/UCbK_Z9H_JoD0sWZeb2guVxw\"]},{\"@type\":\"Person\",\"@id\":\"https:\/\/phanimenal.de\/#\/schema\/person\/e1dd9265ac0385ecb373011a052bc293\",\"name\":\"AM\",\"image\":{\"@type\":\"ImageObject\",\"inLanguage\":\"de\",\"@id\":\"https:\/\/phanimenal.de\/#\/schema\/person\/image\/\",\"url\":\"https:\/\/secure.gravatar.com\/avatar\/87c965ccf859177fd81ae236167111a1?s=96&d=mm&r=g\",\"contentUrl\":\"https:\/\/secure.gravatar.com\/avatar\/87c965ccf859177fd81ae236167111a1?s=96&d=mm&r=g\",\"caption\":\"AM\"},\"sameAs\":[\"http:\/\/wp2.phanimenal.de\"],\"url\":\"https:\/\/phanimenal.de\/index.php\/author\/admin\/\"}]}<\/script>\n<!-- \/ Yoast SEO Premium plugin. -->","yoast_head_json":{"title":"Eiichiro Oda mit detaillierterer Beschreibung zum Ende von One Piece - Phanimenal - T\u00e4glich interessante Anime News und Gaming News","robots":{"index":"index","follow":"follow","max-snippet":"max-snippet:-1","max-image-preview":"max-image-preview:large","max-video-preview":"max-video-preview:-1"},"canonical":"https:\/\/phanimenal.de\/index.php\/2020\/09\/16\/eiichiro-oda-ende-one-piece-detailiert\/","og_locale":"de_DE","og_type":"article","og_title":"Eiichiro Oda mit detaillierterer Beschreibung zum Ende von One Piece","og_description":"Phanimenal - T\u00e4glich interessante Anime News und Gaming News","og_url":"https:\/\/phanimenal.de\/index.php\/2020\/09\/16\/eiichiro-oda-ende-one-piece-detailiert\/","og_site_name":"Phanimenal - T\u00e4glich interessante Anime News und Gaming News","article_publisher":"https:\/\/www.facebook.com\/phanimenal","article_published_time":"2020-09-16T11:23:59+00:00","article_modified_time":"2020-09-16T11:37:35+00:00","og_image":[{"width":998,"height":594,"url":"https:\/\/phanimenal.de\/wp-content\/uploads\/\/2017\/03\/OnePieceLuffyAokiji.jpg","type":"image\/jpeg"}],"author":"AM","twitter_misc":{"Verfasst von":"AM","Gesch\u00e4tzte Lesezeit":"2\u00a0Minuten"},"schema":{"@context":"https:\/\/schema.org","@graph":[{"@type":"Article","@id":"https:\/\/phanimenal.de\/index.php\/2020\/09\/16\/eiichiro-oda-ende-one-piece-detailiert\/#article","isPartOf":{"@id":"https:\/\/phanimenal.de\/index.php\/2020\/09\/16\/eiichiro-oda-ende-one-piece-detailiert\/"},"author":{"name":"AM","@id":"https:\/\/phanimenal.de\/#\/schema\/person\/e1dd9265ac0385ecb373011a052bc293"},"headline":"Eiichiro Oda mit detaillierterer Beschreibung zum Ende von One Piece","datePublished":"2020-09-16T11:23:59+00:00","dateModified":"2020-09-16T11:37:35+00:00","mainEntityOfPage":{"@id":"https:\/\/phanimenal.de\/index.php\/2020\/09\/16\/eiichiro-oda-ende-one-piece-detailiert\/"},"wordCount":397,"publisher":{"@id":"https:\/\/phanimenal.de\/#organization"},"keywords":["Anime","Ende","Luffy","Manga","Nami","one piece","Zorro"],"articleSection":["Anime"],"inLanguage":"de","copyrightYear":"2020","copyrightHolder":{"@id":"https:\/\/phanimenal.de\/#organization"}},{"@type":"WebPage","@id":"https:\/\/phanimenal.de\/index.php\/2020\/09\/16\/eiichiro-oda-ende-one-piece-detailiert\/","url":"https:\/\/phanimenal.de\/index.php\/2020\/09\/16\/eiichiro-oda-ende-one-piece-detailiert\/","name":"Eiichiro Oda mit detaillierterer Beschreibung zum Ende von One Piece - Phanimenal - T\u00e4glich interessante Anime News und Gaming News","isPartOf":{"@id":"https:\/\/phanimenal.de\/#website"},"datePublished":"2020-09-16T11:23:59+00:00","dateModified":"2020-09-16T11:37:35+00:00","breadcrumb":{"@id":"https:\/\/phanimenal.de\/index.php\/2020\/09\/16\/eiichiro-oda-ende-one-piece-detailiert\/#breadcrumb"},"inLanguage":"de","potentialAction":[{"@type":"ReadAction","target":["https:\/\/phanimenal.de\/index.php\/2020\/09\/16\/eiichiro-oda-ende-one-piece-detailiert\/"]}]},{"@type":"BreadcrumbList","@id":"https:\/\/phanimenal.de\/index.php\/2020\/09\/16\/eiichiro-oda-ende-one-piece-detailiert\/#breadcrumb","itemListElement":[{"@type":"ListItem","position":1,"name":"Startseite","item":"https:\/\/phanimenal.de\/"},{"@type":"ListItem","position":2,"name":"Eiichiro Oda mit detaillierterer Beschreibung zum Ende von One Piece"}]},{"@type":"WebSite","@id":"https:\/\/phanimenal.de\/#website","url":"https:\/\/phanimenal.de\/","name":"Phanimenal - T\u00e4glich interessante Anime News und Gaming News","description":"Auf Phanimenal findest du die aktuellsten Anime-News aus Japan und Deutschland","publisher":{"@id":"https:\/\/phanimenal.de\/#organization"},"potentialAction":[{"@type":"SearchAction","target":{"@type":"EntryPoint","urlTemplate":"https:\/\/phanimenal.de\/?s={search_term_string}"},"query-input":"required name=search_term_string"}],"inLanguage":"de"},{"@type":"Organization","@id":"https:\/\/phanimenal.de\/#organization","name":"Phanimenal","url":"https:\/\/phanimenal.de\/","logo":{"@type":"ImageObject","inLanguage":"de","@id":"https:\/\/phanimenal.de\/#\/schema\/logo\/image\/","url":"https:\/\/phanimenal.de\/wp-content\/uploads\/\/2016\/04\/logo.png","contentUrl":"https:\/\/phanimenal.de\/wp-content\/uploads\/\/2016\/04\/logo.png","width":170,"height":70,"caption":"Phanimenal"},"image":{"@id":"https:\/\/phanimenal.de\/#\/schema\/logo\/image\/"},"sameAs":["https:\/\/www.facebook.com\/phanimenal","https:\/\/www.instagram.com\/phanimenal","https:\/\/www.youtube.com\/channel\/UCbK_Z9H_JoD0sWZeb2guVxw"]},{"@type":"Person","@id":"https:\/\/phanimenal.de\/#\/schema\/person\/e1dd9265ac0385ecb373011a052bc293","name":"AM","image":{"@type":"ImageObject","inLanguage":"de","@id":"https:\/\/phanimenal.de\/#\/schema\/person\/image\/","url":"https:\/\/secure.gravatar.com\/avatar\/87c965ccf859177fd81ae236167111a1?s=96&d=mm&r=g","contentUrl":"https:\/\/secure.gravatar.com\/avatar\/87c965ccf859177fd81ae236167111a1?s=96&d=mm&r=g","caption":"AM"},"sameAs":["http:\/\/wp2.phanimenal.de"],"url":"https:\/\/phanimenal.de\/index.php\/author\/admin\/"}]}},"jetpack_featured_media_url":"https:\/\/phanimenal.de\/wp-content\/uploads\/\/2017\/03\/OnePieceLuffyAokiji.jpg","_links":{"self":[{"href":"https:\/\/phanimenal.de\/index.php\/wp-json\/wp\/v2\/posts\/9831"}],"collection":[{"href":"https:\/\/phanimenal.de\/index.php\/wp-json\/wp\/v2\/posts"}],"about":[{"href":"https:\/\/phanimenal.de\/index.php\/wp-json\/wp\/v2\/types\/post"}],"author":[{"embeddable":true,"href":"https:\/\/phanimenal.de\/index.php\/wp-json\/wp\/v2\/users\/1"}],"replies":[{"embeddable":true,"href":"https:\/\/phanimenal.de\/index.php\/wp-json\/wp\/v2\/comments?post=9831"}],"version-history":[{"count":4,"href":"https:\/\/phanimenal.de\/index.php\/wp-json\/wp\/v2\/posts\/9831\/revisions"}],"predecessor-version":[{"id":9838,"href":"https:\/\/phanimenal.de\/index.php\/wp-json\/wp\/v2\/posts\/9831\/revisions\/9838"}],"wp:featuredmedia":[{"embeddable":true,"href":"https:\/\/phanimenal.de\/index.php\/wp-json\/wp\/v2\/media\/1116"}],"wp:attachment":[{"href":"https:\/\/phanimenal.de\/index.php\/wp-json\/wp\/v2\/media?parent=9831"}],"wp:term":[{"taxonomy":"category","embeddable":true,"href":"https:\/\/phanimenal.de\/index.php\/wp-json\/wp\/v2\/categories?post=9831"},{"taxonomy":"post_tag","embeddable":true,"href":"https:\/\/phanimenal.de\/index.php\/wp-json\/wp\/v2\/tags?post=9831"}],"curies":[{"name":"wp","href":"https:\/\/api.w.org\/{rel}","templated":true}]}}